{"id":8905,"date":"2018-09-01T14:01:56","date_gmt":"2018-09-01T17:01:56","guid":{"rendered":"http:\/\/newsinfoco.com.br\/?p=8905"},"modified":"2018-09-01T14:01:56","modified_gmt":"2018-09-01T17:01:56","slug":"tse-barra-candidatura-de-lula","status":"publish","type":"post","link":"https:\/\/newsinfoco.com.br\/inicio\/tse-barra-candidatura-de-lula\/","title":{"rendered":"TSE barra candidatura de Lula"},"content":{"rendered":"<p class=\"bodytext\" style=\"text-align: justify;\">A maioria dos ministros do Tribunal Superior Eleitoral (TSE) votou por barrar a candidatura do ex-presidente Lula ao Planalto na noite desta sexta-feira (31). O placar final da vota\u00e7\u00e3o, que se encerrou somente na madrugada de s\u00e1bado, foi 6 a 1, com o ministro Edson Fachin sendo o \u00fanico que se posicionou favoravelmente ao petista.<\/p>\n<p class=\"bodytext\" style=\"text-align: justify;\">O primeiro a votar fui o relator do caso, o ministro Lu\u00eds Roberto Barroso, que se manifestou para barrar o pedido de registro de candidatura do ex-presidente \u00e0 Presid\u00eancia da Rep\u00fablica nas elei\u00e7\u00f5es\u00a0de outubro.\u00a0\u00a0No voto, Barroso tamb\u00e9m entendeu que Lula n\u00e3o poder\u00e1 mais aparecer no programa eleitoral veiculado no r\u00e1dio e na televis\u00e3o at\u00e9 que o PT fa\u00e7a a substitui\u00e7\u00e3o dele por outro candidato. Conforme o entendimento, o ex-presidente tamb\u00e9m dever\u00e1 ter o nome retirado da urna.\u00a0 Barroso tamb\u00e9m deu prazo de dez dias para o PT substituir o nome de Lula na chapa &#8211; o substituto seria Fernando Haddad, atualmente candidato a vice.<\/p><div class=\"newsi-conteudo_19\" id=\"newsi-2418432641\"><a href=\"https:\/\/www.instagram.com\/prefeituraalagoinhas?igsh=YzgzdDJ1bWR3aWI4\" aria-label=\"SAVE_20251006_221555\"><img loading=\"lazy\" decoding=\"async\" src=\"https:\/\/newsinfoco.com.br\/inicio\/wp-content\/uploads\/2025\/10\/SAVE_20251006_221555-rotated.jpg\" alt=\"\"  srcset=\"https:\/\/newsinfoco.com.br\/inicio\/wp-content\/uploads\/2025\/10\/SAVE_20251006_221555-rotated.jpg 1140w, https:\/\/newsinfoco.com.br\/inicio\/wp-content\/uploads\/2025\/10\/SAVE_20251006_221555-300x52.jpg 300w, https:\/\/newsinfoco.com.br\/inicio\/wp-content\/uploads\/2025\/10\/SAVE_20251006_221555-1024x177.jpg 1024w, https:\/\/newsinfoco.com.br\/inicio\/wp-content\/uploads\/2025\/10\/SAVE_20251006_221555-768x133.jpg 768w, https:\/\/newsinfoco.com.br\/inicio\/wp-content\/uploads\/2025\/10\/SAVE_20251006_221555-600x104.jpg 600w, https:\/\/newsinfoco.com.br\/inicio\/wp-content\/uploads\/2025\/10\/SAVE_20251006_221555-696x120.jpg 696w, https:\/\/newsinfoco.com.br\/inicio\/wp-content\/uploads\/2025\/10\/SAVE_20251006_221555-1068x185.jpg 1068w\" sizes=\"(max-width: 1140px) 100vw, 1140px\" width=\"1140\" height=\"197\"   \/><\/a><\/div>\n<p class=\"bodytext\" style=\"text-align: justify;\">Barroso disse que Lula est\u00e1 ineleg\u00edvel com base na Lei de Ficha Limpa, aprovada em 2010, que vetou a candidatura de quem foi condenado por \u00f3rg\u00e3o colegiado.\u00a0O ministro lembrou que a norma foi aprovada ap\u00f3s mobiliza\u00e7\u00e3o da sociedade para moralizar a pol\u00edtica e j\u00e1 foi considerada constitucional pelo Supremo Tribunal Federal (STF). \u201cAl\u00e9m do fato de a condena\u00e7\u00e3o ser not\u00f3ria, a prova \u00e9 farta, e foram juntadas numerosas certid\u00f5es demonstrando a condena\u00e7\u00e3o por \u00f3rg\u00e3o colegiado&#8221;, disse.<\/p>\n<div id=\"smartIntxt\" style=\"text-align: justify;\"><\/div>\n<p class=\"bodytext\" style=\"text-align: justify;\">O ministro Edson Fachin foi o segundo a votar e empatou o placar ao se posicionar favoravelmente a Lula. Ele citou a recomenda\u00e7\u00e3o do comit\u00ea de Direitos Humanos da ONU para justificar seu voto.\u00a0&#8220;Contudo, em face da medida provis\u00f3ria obtida no Comit\u00ea de Direito Humanos, se imp\u00f5e, em car\u00e1ter provis\u00f3rio, reconhecer o direito, mesmo estando preso, de (Lula) se candidatar \u00e0s elei\u00e7\u00f5es presidenciais de 2018&#8221;, defendeu.<\/p>\n<p class=\"bodytext\" style=\"text-align: justify;\">Terceiro a votar, o ministro Jorge Mussi afirmou que Lula est\u00e1 ineleg\u00edvel com base na Lei da Ficha Limpa, que impede a candidatura de condenados pela\u00a0segunda\u00a0inst\u00e2ncia da Justi\u00e7a.\u00a0&#8220;A Lei da Ficha Limpa, cuja constitucionalidade foi reconhecida\u00a0pelo STF, representa essencial mecanismo de iniciativa popular\u00a0para prote\u00e7\u00e3o da probidade administrativa e da moralidade\u00a0para o exerc\u00edcio de mandato&#8221;, defendeu Mussi.<\/p>\n<p class=\"bodytext\" style=\"text-align: justify;\">Depois foi a vez de Og Fernandes, que tamb\u00e9m se posicionou contra a candidatura de Lula. Para ele, a recomenda\u00e7\u00e3o do comit\u00ea da\u00a0ONU n\u00e3o tem for\u00e7a normativa necess\u00e1ria e n\u00e3o tem a\u00e7\u00e3o vinculante. Ele lembrou que a Lei da Ficha Limpa, que torna Lula ineleg\u00edvel, teve apoio popular e recebeu mais de 1 milh\u00e3o de assinaturas da popula\u00e7\u00e3o favor\u00e1vel.<\/p>\n<p class=\"bodytext\" style=\"text-align: justify;\">O ministro Admar Gonzaga se pronunciou em seguida, acompanhando o voto do relator. Ele disse que n\u00e3o cabe ao TSE decidir ou investigar sobre a culpabilidade do candidato e que outros \u00f3rg\u00e3os do poder Judici\u00e1rio t\u00eam esse papel. &#8220;Se a condena\u00e7\u00e3o foi justa ou injusta, cabe ao STF ou ao STJ deliberar a respeito&#8221;, defendeu o ministro.<\/p>\n<p class=\"bodytext\" style=\"text-align: justify;\">Quem tamb\u00e9m defendeu a inelegibilidade de Lula foi o ministro Tarcisio Vieira. Ele afirmou\u00a0que n\u00e3o compete \u00e0 Justi\u00e7a Eleitoral decidir pela &#8220;soltura de candidatos segregados de sua liberdade&#8221; e disse que Lula se enquadra na Lei da Ficha Limpa, votando com o relator.<\/p>\n<p class=\"bodytext\" style=\"text-align: justify;\">A \u00faltima a votar foi a ministra Rosa Weber, que acompanhou o relator no voto sobre a inegibilidade de Lula, mas discordou em rela\u00e7\u00e3o \u00e0 propaganda &#8211; para ela, o petista pode continuar fazendo campanha enquanto correm os recursos.<\/p>\n<p class=\"bodytext\" style=\"text-align: justify;\">Lula est\u00e1 preso desde 7 de abril na sede da Superintend\u00eancia da Pol\u00edcia Federal (PF) em Curitiba, em fun\u00e7\u00e3o de sua condena\u00e7\u00e3o a 12 anos e um m\u00eas de pris\u00e3o, na a\u00e7\u00e3o penal do caso do tr\u00edplex em Guaruj\u00e1 (SP), que foi confirmada pelo Tribunal Regional Federal da 4\u00aa Regi\u00e3o, sediado em Porto Alegre.<\/p>\n<h6 style=\"text-align: right;\"><span style=\"color: #999999;\">fonte: Correio da Bahia<\/span><\/h6>\n<div class='share-to-whatsapp-wrapper'><div class='share-on-whsp'>Share on: <\/div><a data-text='TSE barra candidatura de Lula' data-link='https:\/\/newsinfoco.com.br\/inicio\/tse-barra-candidatura-de-lula\/' class='whatsapp-button whatsapp-share'>WhatsApp<\/a><div class='clear '><\/div><\/div>","protected":false},"excerpt":{"rendered":"<p>A maioria dos ministros do Tribunal Superior Eleitoral (TSE) votou por barrar a candidatura do ex-presidente Lula ao Planalto na noite desta sexta-feira (31). O placar final da vota\u00e7\u00e3o, que se encerrou somente na madrugada de s\u00e1bado, foi 6 a 1, com o ministro Edson Fachin sendo o \u00fanico que se posicionou favoravelmente ao petista. [&hellip;]<\/p>\n","protected":false},"author":1,"featured_media":8906,"comment_status":"open","ping_status":"open","sticky":false,"template":"","format":"standard","meta":{"om_disable_all_campaigns":false,"_exactmetrics_skip_tracking":false,"_exactmetrics_sitenote_active":false,"_exactmetrics_sitenote_note":"","_exactmetrics_sitenote_category":0,"footnotes":""},"categories":[21],"tags":[],"class_list":["post-8905","post","type-post","status-publish","format-standard","has-post-thumbnail","hentry","category-brasil"],"aioseo_notices":[],"_links":{"self":[{"href":"https:\/\/newsinfoco.com.br\/inicio\/wp-json\/wp\/v2\/posts\/8905","targetHints":{"allow":["GET"]}}],"collection":[{"href":"https:\/\/newsinfoco.com.br\/inicio\/wp-json\/wp\/v2\/posts"}],"about":[{"href":"https:\/\/newsinfoco.com.br\/inicio\/wp-json\/wp\/v2\/types\/post"}],"author":[{"embeddable":true,"href":"https:\/\/newsinfoco.com.br\/inicio\/wp-json\/wp\/v2\/users\/1"}],"replies":[{"embeddable":true,"href":"https:\/\/newsinfoco.com.br\/inicio\/wp-json\/wp\/v2\/comments?post=8905"}],"version-history":[{"count":0,"href":"https:\/\/newsinfoco.com.br\/inicio\/wp-json\/wp\/v2\/posts\/8905\/revisions"}],"wp:featuredmedia":[{"embeddable":true,"href":"https:\/\/newsinfoco.com.br\/inicio\/wp-json\/wp\/v2\/media\/8906"}],"wp:attachment":[{"href":"https:\/\/newsinfoco.com.br\/inicio\/wp-json\/wp\/v2\/media?parent=8905"}],"wp:term":[{"taxonomy":"category","embeddable":true,"href":"https:\/\/newsinfoco.com.br\/inicio\/wp-json\/wp\/v2\/categories?post=8905"},{"taxonomy":"post_tag","embeddable":true,"href":"https:\/\/newsinfoco.com.br\/inicio\/wp-json\/wp\/v2\/tags?post=8905"}],"curies":[{"name":"wp","href":"https:\/\/api.w.org\/{rel}","templated":true}]}}