{"id":8918,"date":"2018-09-01T21:20:44","date_gmt":"2018-09-02T00:20:44","guid":{"rendered":"http:\/\/newsinfoco.com.br\/?p=8918"},"modified":"2018-09-01T21:22:33","modified_gmt":"2018-09-02T00:22:33","slug":"em-visita-a-cidades-do-litoral-norte-rui-costa-critica-velha-politica","status":"publish","type":"post","link":"https:\/\/newsinfoco.com.br\/inicio\/em-visita-a-cidades-do-litoral-norte-rui-costa-critica-velha-politica\/","title":{"rendered":"Em visita a cidades do Litoral Norte, Rui Costa critica velha pol\u00edtica"},"content":{"rendered":"<p class=\"x_MsoNormal\" style=\"text-align: justify;\">Recebido com festa em um mar vermelho de apoiadores em Ara\u00e7\u00e1s, no Litoral Norte, o candidato \u00e0 reelei\u00e7\u00e3o pelo PT, Rui Costa, iniciou seu discurso na quarta cidade visitada deste s\u00e1bado (3), criticando a forma como a oposi\u00e7\u00e3o tem tra\u00e7ado a estrat\u00e9gia pol\u00edtica nesta elei\u00e7\u00e3o. &#8220;N\u00e3o respondo a cal\u00fanias, difama\u00e7\u00f5es, nem a esse velho estilo de fazer pol\u00edtica. Cada um colhe o que planta e eu costumo plantar a semente do bem, do afeto e do carinho. N\u00e3o devolvo nada com agress\u00e3o, nem com viol\u00eancia&#8221;, disse diante de aplausos em meio \u00e0 multid\u00e3o, ao lado dos candidatos a vice-governador, Jo\u00e3o Le\u00e3o (PP), e a senador, Jaques Wagner (PT) e Angelo Coronel (PSD).<\/p>\n<p class=\"x_MsoNormal\" style=\"text-align: justify;\">A &#8220;Correria pela Bahia&#8221;, que iniciou o percurso do dia em Janda\u00edra, \u00e0 altura da rua Duque de Caxias, passou por Esplanada, Entre Rios e finalizou em Catu. Desde o dia 17 de agosto, quando come\u00e7ou as andan\u00e7as pelo interior, Rui j\u00e1 esteve em 45 munic\u00edpios e pretende alcan\u00e7ar 120 at\u00e9 o m\u00eas de outubro. &#8220;O tempo \u00e9 curto para estar presente em tantos munic\u00edpios, mas vamos atingir a nossa meta, que \u00e9 estar perto da popula\u00e7\u00e3o de cada canto da Bahia. Amanh\u00e3 iremos \u00e0 Alagoinhas e segunda-feira vamos a mais seis cidades&#8221;, enfatizou Rui ao chegar \u00e0 \u00faltima cidade do dia, em Catu. Apesar do atraso da comitiva, que chegou \u00e0 cidade j\u00e1 \u00e0 noite, as ruas do bairro Bar\u00e3o de Cama\u00e7ari ficaram completamente lotadas.<\/p><div class=\"newsi-conteudo_19\" id=\"newsi-1843608685\"><a href=\"https:\/\/www.instagram.com\/prefeituraalagoinhas?igsh=YzgzdDJ1bWR3aWI4\" aria-label=\"SAVE_20251006_221555\"><img loading=\"lazy\" decoding=\"async\" src=\"https:\/\/newsinfoco.com.br\/inicio\/wp-content\/uploads\/2025\/10\/SAVE_20251006_221555-rotated.jpg\" alt=\"\"  srcset=\"https:\/\/newsinfoco.com.br\/inicio\/wp-content\/uploads\/2025\/10\/SAVE_20251006_221555-rotated.jpg 1140w, https:\/\/newsinfoco.com.br\/inicio\/wp-content\/uploads\/2025\/10\/SAVE_20251006_221555-300x52.jpg 300w, https:\/\/newsinfoco.com.br\/inicio\/wp-content\/uploads\/2025\/10\/SAVE_20251006_221555-1024x177.jpg 1024w, https:\/\/newsinfoco.com.br\/inicio\/wp-content\/uploads\/2025\/10\/SAVE_20251006_221555-768x133.jpg 768w, https:\/\/newsinfoco.com.br\/inicio\/wp-content\/uploads\/2025\/10\/SAVE_20251006_221555-600x104.jpg 600w, https:\/\/newsinfoco.com.br\/inicio\/wp-content\/uploads\/2025\/10\/SAVE_20251006_221555-696x120.jpg 696w, https:\/\/newsinfoco.com.br\/inicio\/wp-content\/uploads\/2025\/10\/SAVE_20251006_221555-1068x185.jpg 1068w\" sizes=\"(max-width: 1140px) 100vw, 1140px\" width=\"1140\" height=\"197\"   \/><\/a><\/div>\n<p class=\"x_MsoNormal\" style=\"text-align: justify;\">Amanh\u00e3(2), o ponto de encontro com a popula\u00e7\u00e3o de Alagoinhas ser\u00e1 a Avenida Joseph Wagner, \u00e0s 9h; na segunda, o governador chega no mesmo hor\u00e1rio \u00e0 Capim Grosso. Na sequ\u00eancia, a caravana vai \u00e0s cidades de S\u00e3o Jos\u00e9 do Jacu\u00edpe (Itatiaia), Gavi\u00e3o, Nova F\u00e1tima, Riach\u00e3o do Jacu\u00edpe e termina com caminhada e ato p\u00fablico em Tanquinho, a partir das 17h, percorrendo seis munic\u00edpios dos territ\u00f3rios de identidade do Litoral Norte, Bacia do Jacu\u00edpe e Portal do Sert\u00e3o.<\/p>\n<h6 style=\"text-align: right;\"><span style=\"color: #999999;\">fonte: Ascom Rui Costa<\/span><\/h6>\n<div class='share-to-whatsapp-wrapper'><div class='share-on-whsp'>Share on: <\/div><a data-text='Em visita a cidades do Litoral Norte, Rui Costa critica velha pol\u00edtica' data-link='https:\/\/newsinfoco.com.br\/inicio\/em-visita-a-cidades-do-litoral-norte-rui-costa-critica-velha-politica\/' class='whatsapp-button whatsapp-share'>WhatsApp<\/a><div class='clear '><\/div><\/div>","protected":false},"excerpt":{"rendered":"<p>Recebido com festa em um mar vermelho de apoiadores em Ara\u00e7\u00e1s, no Litoral Norte, o candidato \u00e0 reelei\u00e7\u00e3o pelo PT, Rui Costa, iniciou seu discurso na quarta cidade visitada deste s\u00e1bado (3), criticando a forma como a oposi\u00e7\u00e3o tem tra\u00e7ado a estrat\u00e9gia pol\u00edtica nesta elei\u00e7\u00e3o. &#8220;N\u00e3o respondo a cal\u00fanias, difama\u00e7\u00f5es, nem a esse velho estilo [&hellip;]<\/p>\n","protected":false},"author":1,"featured_media":8919,"comment_status":"open","ping_status":"open","sticky":false,"template":"","format":"standard","meta":{"om_disable_all_campaigns":false,"_exactmetrics_skip_tracking":false,"_exactmetrics_sitenote_active":false,"_exactmetrics_sitenote_note":"","_exactmetrics_sitenote_category":0,"footnotes":""},"categories":[19],"tags":[],"class_list":["post-8918","post","type-post","status-publish","format-standard","has-post-thumbnail","hentry","category-bahia"],"aioseo_notices":[],"_links":{"self":[{"href":"https:\/\/newsinfoco.com.br\/inicio\/wp-json\/wp\/v2\/posts\/8918","targetHints":{"allow":["GET"]}}],"collection":[{"href":"https:\/\/newsinfoco.com.br\/inicio\/wp-json\/wp\/v2\/posts"}],"about":[{"href":"https:\/\/newsinfoco.com.br\/inicio\/wp-json\/wp\/v2\/types\/post"}],"author":[{"embeddable":true,"href":"https:\/\/newsinfoco.com.br\/inicio\/wp-json\/wp\/v2\/users\/1"}],"replies":[{"embeddable":true,"href":"https:\/\/newsinfoco.com.br\/inicio\/wp-json\/wp\/v2\/comments?post=8918"}],"version-history":[{"count":0,"href":"https:\/\/newsinfoco.com.br\/inicio\/wp-json\/wp\/v2\/posts\/8918\/revisions"}],"wp:featuredmedia":[{"embeddable":true,"href":"https:\/\/newsinfoco.com.br\/inicio\/wp-json\/wp\/v2\/media\/8919"}],"wp:attachment":[{"href":"https:\/\/newsinfoco.com.br\/inicio\/wp-json\/wp\/v2\/media?parent=8918"}],"wp:term":[{"taxonomy":"category","embeddable":true,"href":"https:\/\/newsinfoco.com.br\/inicio\/wp-json\/wp\/v2\/categories?post=8918"},{"taxonomy":"post_tag","embeddable":true,"href":"https:\/\/newsinfoco.com.br\/inicio\/wp-json\/wp\/v2\/tags?post=8918"}],"curies":[{"name":"wp","href":"https:\/\/api.w.org\/{rel}","templated":true}]}}