{"id":8923,"date":"2018-09-02T10:28:21","date_gmt":"2018-09-02T13:28:21","guid":{"rendered":"http:\/\/newsinfoco.com.br\/?p=8923"},"modified":"2018-09-02T10:28:21","modified_gmt":"2018-09-02T13:28:21","slug":"marina-promete-acabar-com-foro-privilegiado","status":"publish","type":"post","link":"https:\/\/newsinfoco.com.br\/inicio\/marina-promete-acabar-com-foro-privilegiado\/","title":{"rendered":"Marina promete acabar com foro privilegiado"},"content":{"rendered":"<p style=\"text-align: justify;\">A <span style=\"color: #000000;\">candidata da Rede \u00e0 Presid\u00eancia da Rep\u00fablica, Marina Silva, disse neste s\u00e1bado (1\u00ba), que a decis\u00e3o do Tribunal Superior Eleitoral (TSE) de tirar o ex-presidente Luiz In\u00e1cio Lula da Silva da corrida eleitoral foi acertada porque deixa no p\u00e1reo apenas os candidatos que realmente podem concorrer.<\/span><\/p>\n<p style=\"text-align: justify;\"><span style=\"color: #000000;\">Falando durante uma caminhada pelo cal\u00e7ad\u00e3o de Nova Igua\u00e7u, munic\u00edpio do Estado do Rio de Janeiro, Marina prometeu acabar com o foro privilegiado. &#8220;O foro protege Renan, Juc\u00e1, Temer, A\u00e9cio, Moreira Franco, Eliseu Padilha&#8230;Vou acabar com o foro&#8221;, disse a jornalistas, durante a caminhada. Segundo ela, os 200 parlamentares que est\u00e3o com pend\u00eancias na justi\u00e7a deveriam ser afastados.<\/span><\/p><div class=\"newsi-conteudo_19\" id=\"newsi-3107877275\"><a href=\"https:\/\/www.instagram.com\/prefeituraalagoinhas?igsh=YzgzdDJ1bWR3aWI4\" aria-label=\"SAVE_20251006_221555\"><img loading=\"lazy\" decoding=\"async\" src=\"https:\/\/newsinfoco.com.br\/inicio\/wp-content\/uploads\/2025\/10\/SAVE_20251006_221555-rotated.jpg\" alt=\"\"  srcset=\"https:\/\/newsinfoco.com.br\/inicio\/wp-content\/uploads\/2025\/10\/SAVE_20251006_221555-rotated.jpg 1140w, https:\/\/newsinfoco.com.br\/inicio\/wp-content\/uploads\/2025\/10\/SAVE_20251006_221555-300x52.jpg 300w, https:\/\/newsinfoco.com.br\/inicio\/wp-content\/uploads\/2025\/10\/SAVE_20251006_221555-1024x177.jpg 1024w, https:\/\/newsinfoco.com.br\/inicio\/wp-content\/uploads\/2025\/10\/SAVE_20251006_221555-768x133.jpg 768w, https:\/\/newsinfoco.com.br\/inicio\/wp-content\/uploads\/2025\/10\/SAVE_20251006_221555-600x104.jpg 600w, https:\/\/newsinfoco.com.br\/inicio\/wp-content\/uploads\/2025\/10\/SAVE_20251006_221555-696x120.jpg 696w, https:\/\/newsinfoco.com.br\/inicio\/wp-content\/uploads\/2025\/10\/SAVE_20251006_221555-1068x185.jpg 1068w\" sizes=\"(max-width: 1140px) 100vw, 1140px\" width=\"1140\" height=\"197\"   \/><\/a><\/div>\n<p style=\"text-align: justify;\"><span style=\"color: #000000;\">No caminho, a candidata encontrou muitas mulheres querendo fotos e demonstrando apoio, enquanto alguns homens gritavam o nome do rival da ex-ministra, Jair Bolsonaro (PSL), cujas camisas est\u00e3o \u00e0 venda em uma das lojas do cal\u00e7ad\u00e3o.<\/span><\/p>\n<p>&nbsp;<\/p>\n<h6 style=\"text-align: right;\">FOnte:Trbn<\/h6>\n<div class='share-to-whatsapp-wrapper'><div class='share-on-whsp'>Share on: <\/div><a data-text='Marina promete acabar com foro privilegiado' data-link='https:\/\/newsinfoco.com.br\/inicio\/marina-promete-acabar-com-foro-privilegiado\/' class='whatsapp-button whatsapp-share'>WhatsApp<\/a><div class='clear '><\/div><\/div>","protected":false},"excerpt":{"rendered":"<p>A candidata da Rede \u00e0 Presid\u00eancia da Rep\u00fablica, Marina Silva, disse neste s\u00e1bado (1\u00ba), que a decis\u00e3o do Tribunal Superior Eleitoral (TSE) de tirar o ex-presidente Luiz In\u00e1cio Lula da Silva da corrida eleitoral foi acertada porque deixa no p\u00e1reo apenas os candidatos que realmente podem concorrer. Falando durante uma caminhada pelo cal\u00e7ad\u00e3o de Nova [&hellip;]<\/p>\n","protected":false},"author":1,"featured_media":8924,"comment_status":"open","ping_status":"open","sticky":false,"template":"","format":"standard","meta":{"om_disable_all_campaigns":false,"_exactmetrics_skip_tracking":false,"_exactmetrics_sitenote_active":false,"_exactmetrics_sitenote_note":"","_exactmetrics_sitenote_category":0,"footnotes":""},"categories":[21],"tags":[],"class_list":["post-8923","post","type-post","status-publish","format-standard","has-post-thumbnail","hentry","category-brasil"],"aioseo_notices":[],"_links":{"self":[{"href":"https:\/\/newsinfoco.com.br\/inicio\/wp-json\/wp\/v2\/posts\/8923","targetHints":{"allow":["GET"]}}],"collection":[{"href":"https:\/\/newsinfoco.com.br\/inicio\/wp-json\/wp\/v2\/posts"}],"about":[{"href":"https:\/\/newsinfoco.com.br\/inicio\/wp-json\/wp\/v2\/types\/post"}],"author":[{"embeddable":true,"href":"https:\/\/newsinfoco.com.br\/inicio\/wp-json\/wp\/v2\/users\/1"}],"replies":[{"embeddable":true,"href":"https:\/\/newsinfoco.com.br\/inicio\/wp-json\/wp\/v2\/comments?post=8923"}],"version-history":[{"count":0,"href":"https:\/\/newsinfoco.com.br\/inicio\/wp-json\/wp\/v2\/posts\/8923\/revisions"}],"wp:featuredmedia":[{"embeddable":true,"href":"https:\/\/newsinfoco.com.br\/inicio\/wp-json\/wp\/v2\/media\/8924"}],"wp:attachment":[{"href":"https:\/\/newsinfoco.com.br\/inicio\/wp-json\/wp\/v2\/media?parent=8923"}],"wp:term":[{"taxonomy":"category","embeddable":true,"href":"https:\/\/newsinfoco.com.br\/inicio\/wp-json\/wp\/v2\/categories?post=8923"},{"taxonomy":"post_tag","embeddable":true,"href":"https:\/\/newsinfoco.com.br\/inicio\/wp-json\/wp\/v2\/tags?post=8923"}],"curies":[{"name":"wp","href":"https:\/\/api.w.org\/{rel}","templated":true}]}}