{"id":8942,"date":"2018-09-02T12:55:14","date_gmt":"2018-09-02T15:55:14","guid":{"rendered":"http:\/\/newsinfoco.com.br\/?p=8942"},"modified":"2018-09-02T13:13:26","modified_gmt":"2018-09-02T16:13:26","slug":"ato-de-campanha-de-rui-costa-reune-apoiadores-e-simpatizantes-em-alagoinhas","status":"publish","type":"post","link":"https:\/\/newsinfoco.com.br\/inicio\/ato-de-campanha-de-rui-costa-reune-apoiadores-e-simpatizantes-em-alagoinhas\/","title":{"rendered":"Ato de campanha de Rui Costa re\u00fane apoiadores e simpatizantes em Alagoinhas"},"content":{"rendered":"<p style=\"text-align: justify;\">Hoje(02) pela manh\u00e3 a comitiva da \u201cCorreria pela Bahia\u201d passou por Alagoinhas. A comitiva capitaneada pelo candidato ao governo do estado pelo PT, Rui Costa, contou com a participa\u00e7\u00e3o do vice na chapa, Jo\u00e3o Le\u00e3o(PP), os candidatos ao senado, Angelo Coronel(PSD) e Jaques Wagner(PT), al\u00e9m de v\u00e1rios candidatos a deputado estadual e federal que apoiam Rui Costa.<\/p>\n<figure id=\"attachment_8947\" aria-describedby=\"caption-attachment-8947\" style=\"width: 800px\" class=\"wp-caption aligncenter\"><a href=\"http:\/\/newsinfoco.com.br\/wp-content\/uploads\/2018\/09\/carreata-2.jpg\"><img loading=\"lazy\" decoding=\"async\" class=\"wp-image-8947 size-full\" src=\"http:\/\/newsinfoco.com.br\/wp-content\/uploads\/2018\/09\/carreata-2.jpg\" alt=\"\" width=\"800\" height=\"600\" srcset=\"https:\/\/newsinfoco.com.br\/inicio\/wp-content\/uploads\/2018\/09\/carreata-2.jpg 800w, https:\/\/newsinfoco.com.br\/inicio\/wp-content\/uploads\/2018\/09\/carreata-2-300x225.jpg 300w, https:\/\/newsinfoco.com.br\/inicio\/wp-content\/uploads\/2018\/09\/carreata-2-768x576.jpg 768w, https:\/\/newsinfoco.com.br\/inicio\/wp-content\/uploads\/2018\/09\/carreata-2-600x450.jpg 600w, https:\/\/newsinfoco.com.br\/inicio\/wp-content\/uploads\/2018\/09\/carreata-2-80x60.jpg 80w, https:\/\/newsinfoco.com.br\/inicio\/wp-content\/uploads\/2018\/09\/carreata-2-265x198.jpg 265w, https:\/\/newsinfoco.com.br\/inicio\/wp-content\/uploads\/2018\/09\/carreata-2-696x522.jpg 696w, https:\/\/newsinfoco.com.br\/inicio\/wp-content\/uploads\/2018\/09\/carreata-2-560x420.jpg 560w\" sizes=\"auto, (max-width: 800px) 100vw, 800px\" \/><\/a><figcaption id=\"caption-attachment-8947\" class=\"wp-caption-text\">V\u00e1rios motoristas aderem \u00e0 carreata e um pequeno congestionamento se forma<\/figcaption><\/figure>\n<figure id=\"attachment_8946\" aria-describedby=\"caption-attachment-8946\" style=\"width: 800px\" class=\"wp-caption alignnone\"><a href=\"http:\/\/newsinfoco.com.br\/wp-content\/uploads\/2018\/09\/carreeata-joseildo-.jpg\"><img loading=\"lazy\" decoding=\"async\" class=\"wp-image-8946 size-full\" src=\"http:\/\/newsinfoco.com.br\/wp-content\/uploads\/2018\/09\/carreeata-joseildo-.jpg\" alt=\"\" width=\"800\" height=\"600\" srcset=\"https:\/\/newsinfoco.com.br\/inicio\/wp-content\/uploads\/2018\/09\/carreeata-joseildo-.jpg 800w, https:\/\/newsinfoco.com.br\/inicio\/wp-content\/uploads\/2018\/09\/carreeata-joseildo--300x225.jpg 300w, https:\/\/newsinfoco.com.br\/inicio\/wp-content\/uploads\/2018\/09\/carreeata-joseildo--768x576.jpg 768w, https:\/\/newsinfoco.com.br\/inicio\/wp-content\/uploads\/2018\/09\/carreeata-joseildo--600x450.jpg 600w, https:\/\/newsinfoco.com.br\/inicio\/wp-content\/uploads\/2018\/09\/carreeata-joseildo--80x60.jpg 80w, https:\/\/newsinfoco.com.br\/inicio\/wp-content\/uploads\/2018\/09\/carreeata-joseildo--265x198.jpg 265w, https:\/\/newsinfoco.com.br\/inicio\/wp-content\/uploads\/2018\/09\/carreeata-joseildo--696x522.jpg 696w, https:\/\/newsinfoco.com.br\/inicio\/wp-content\/uploads\/2018\/09\/carreeata-joseildo--560x420.jpg 560w\" sizes=\"auto, (max-width: 800px) 100vw, 800px\" \/><\/a><figcaption id=\"caption-attachment-8946\" class=\"wp-caption-text\">Na foto o candidato a deputado estadual Radiovaldo Costa(PT) e o candidato a deputado federal Joseildo Ramos(PT) acenam para as pessoas.<\/figcaption><\/figure>\n<p style=\"text-align: justify;\">Diversos militantes, simpatizantes e lideres pol\u00edticos da regi\u00e3o que apoiam a candidatura de Rui Costa ao governo do estado tamb\u00e9m se fizeram presentes no ato.<\/p><div class=\"newsi-conteudo_19\" id=\"newsi-1739151483\"><a href=\"https:\/\/www.instagram.com\/prefeituraalagoinhas?igsh=YzgzdDJ1bWR3aWI4\" aria-label=\"SAVE_20251006_221555\"><img loading=\"lazy\" decoding=\"async\" src=\"https:\/\/newsinfoco.com.br\/inicio\/wp-content\/uploads\/2025\/10\/SAVE_20251006_221555-rotated.jpg\" alt=\"\"  srcset=\"https:\/\/newsinfoco.com.br\/inicio\/wp-content\/uploads\/2025\/10\/SAVE_20251006_221555-rotated.jpg 1140w, https:\/\/newsinfoco.com.br\/inicio\/wp-content\/uploads\/2025\/10\/SAVE_20251006_221555-300x52.jpg 300w, https:\/\/newsinfoco.com.br\/inicio\/wp-content\/uploads\/2025\/10\/SAVE_20251006_221555-1024x177.jpg 1024w, https:\/\/newsinfoco.com.br\/inicio\/wp-content\/uploads\/2025\/10\/SAVE_20251006_221555-768x133.jpg 768w, https:\/\/newsinfoco.com.br\/inicio\/wp-content\/uploads\/2025\/10\/SAVE_20251006_221555-600x104.jpg 600w, https:\/\/newsinfoco.com.br\/inicio\/wp-content\/uploads\/2025\/10\/SAVE_20251006_221555-696x120.jpg 696w, https:\/\/newsinfoco.com.br\/inicio\/wp-content\/uploads\/2025\/10\/SAVE_20251006_221555-1068x185.jpg 1068w\" sizes=\"(max-width: 1140px) 100vw, 1140px\" width=\"1140\" height=\"197\"   \/><\/a><\/div>\n<figure id=\"attachment_8949\" aria-describedby=\"caption-attachment-8949\" style=\"width: 800px\" class=\"wp-caption alignnone\"><a href=\"http:\/\/newsinfoco.com.br\/wp-content\/uploads\/2018\/09\/IMG-20180902-WA0036.jpg\"><img loading=\"lazy\" decoding=\"async\" class=\"wp-image-8949 size-full\" src=\"http:\/\/newsinfoco.com.br\/wp-content\/uploads\/2018\/09\/IMG-20180902-WA0036.jpg\" alt=\"\" width=\"800\" height=\"600\" srcset=\"https:\/\/newsinfoco.com.br\/inicio\/wp-content\/uploads\/2018\/09\/IMG-20180902-WA0036.jpg 800w, https:\/\/newsinfoco.com.br\/inicio\/wp-content\/uploads\/2018\/09\/IMG-20180902-WA0036-300x225.jpg 300w, https:\/\/newsinfoco.com.br\/inicio\/wp-content\/uploads\/2018\/09\/IMG-20180902-WA0036-768x576.jpg 768w, https:\/\/newsinfoco.com.br\/inicio\/wp-content\/uploads\/2018\/09\/IMG-20180902-WA0036-600x450.jpg 600w, https:\/\/newsinfoco.com.br\/inicio\/wp-content\/uploads\/2018\/09\/IMG-20180902-WA0036-80x60.jpg 80w, https:\/\/newsinfoco.com.br\/inicio\/wp-content\/uploads\/2018\/09\/IMG-20180902-WA0036-265x198.jpg 265w, https:\/\/newsinfoco.com.br\/inicio\/wp-content\/uploads\/2018\/09\/IMG-20180902-WA0036-696x522.jpg 696w, https:\/\/newsinfoco.com.br\/inicio\/wp-content\/uploads\/2018\/09\/IMG-20180902-WA0036-560x420.jpg 560w\" sizes=\"auto, (max-width: 800px) 100vw, 800px\" \/><\/a><figcaption id=\"caption-attachment-8949\" class=\"wp-caption-text\">Na foto, o candidato a deputado estadual Paulo Cezar(PRP) e o candidato a deputado federal Bacelar(Podemos) reunidos com apoiadores<\/figcaption><\/figure>\n<p style=\"text-align: justify;\">Amanh\u00e3(03) Rui Costa pega a estrada rumo a mais seis cidades. Capim Grosso, na Bacia de Jacu\u00edpe, ser\u00e1 o primeiro destino, onde ter\u00e1 carreata \u00e0s 9h; depois segue para S\u00e3o Jos\u00e9 do Jacu\u00edpe (Itatiaia), Gavi\u00e3o, Nova F\u00e1tima, Riach\u00e3o do Jacu\u00edpe e termina com caminhada e ato p\u00fablico em Tanquinho, a partir das 17h.<\/p>\n<h6 style=\"text-align: right;\"><span style=\"color: #999999;\">Por Caio Pimenta para o News Infoco<\/span><\/h6>\n<div class='share-to-whatsapp-wrapper'><div class='share-on-whsp'>Share on: <\/div><a data-text='Ato de campanha de Rui Costa re\u00fane apoiadores e simpatizantes em Alagoinhas' data-link='https:\/\/newsinfoco.com.br\/inicio\/ato-de-campanha-de-rui-costa-reune-apoiadores-e-simpatizantes-em-alagoinhas\/' class='whatsapp-button whatsapp-share'>WhatsApp<\/a><div class='clear '><\/div><\/div>","protected":false},"excerpt":{"rendered":"<p>Hoje(02) pela manh\u00e3 a comitiva da \u201cCorreria pela Bahia\u201d passou por Alagoinhas. A comitiva capitaneada pelo candidato ao governo do estado pelo PT, Rui Costa, contou com a participa\u00e7\u00e3o do vice na chapa, Jo\u00e3o Le\u00e3o(PP), os candidatos ao senado, Angelo Coronel(PSD) e Jaques Wagner(PT), al\u00e9m de v\u00e1rios candidatos a deputado estadual e federal que apoiam [&hellip;]<\/p>\n","protected":false},"author":1,"featured_media":8945,"comment_status":"open","ping_status":"open","sticky":false,"template":"","format":"standard","meta":{"om_disable_all_campaigns":false,"_exactmetrics_skip_tracking":false,"_exactmetrics_sitenote_active":false,"_exactmetrics_sitenote_note":"","_exactmetrics_sitenote_category":0,"footnotes":""},"categories":[38,30],"tags":[],"class_list":["post-8942","post","type-post","status-publish","format-standard","has-post-thumbnail","hentry","category-alagoinhas-e-regiao","category-destaque"],"aioseo_notices":[],"_links":{"self":[{"href":"https:\/\/newsinfoco.com.br\/inicio\/wp-json\/wp\/v2\/posts\/8942","targetHints":{"allow":["GET"]}}],"collection":[{"href":"https:\/\/newsinfoco.com.br\/inicio\/wp-json\/wp\/v2\/posts"}],"about":[{"href":"https:\/\/newsinfoco.com.br\/inicio\/wp-json\/wp\/v2\/types\/post"}],"author":[{"embeddable":true,"href":"https:\/\/newsinfoco.com.br\/inicio\/wp-json\/wp\/v2\/users\/1"}],"replies":[{"embeddable":true,"href":"https:\/\/newsinfoco.com.br\/inicio\/wp-json\/wp\/v2\/comments?post=8942"}],"version-history":[{"count":0,"href":"https:\/\/newsinfoco.com.br\/inicio\/wp-json\/wp\/v2\/posts\/8942\/revisions"}],"wp:featuredmedia":[{"embeddable":true,"href":"https:\/\/newsinfoco.com.br\/inicio\/wp-json\/wp\/v2\/media\/8945"}],"wp:attachment":[{"href":"https:\/\/newsinfoco.com.br\/inicio\/wp-json\/wp\/v2\/media?parent=8942"}],"wp:term":[{"taxonomy":"category","embeddable":true,"href":"https:\/\/newsinfoco.com.br\/inicio\/wp-json\/wp\/v2\/categories?post=8942"},{"taxonomy":"post_tag","embeddable":true,"href":"https:\/\/newsinfoco.com.br\/inicio\/wp-json\/wp\/v2\/tags?post=8942"}],"curies":[{"name":"wp","href":"https:\/\/api.w.org\/{rel}","templated":true}]}}