{"id":8954,"date":"2018-09-02T18:18:14","date_gmt":"2018-09-02T21:18:14","guid":{"rendered":"http:\/\/newsinfoco.com.br\/?p=8954"},"modified":"2018-09-02T18:18:14","modified_gmt":"2018-09-02T21:18:14","slug":"prefeito-joaquim-neto-entrega-chaves-de-quiosques-da-praca-rui-barbosa","status":"publish","type":"post","link":"https:\/\/newsinfoco.com.br\/inicio\/prefeito-joaquim-neto-entrega-chaves-de-quiosques-da-praca-rui-barbosa\/","title":{"rendered":"Prefeito Joaquim Neto entrega chaves de quiosques da Pra\u00e7a Rui Barbosa"},"content":{"rendered":"<p style=\"text-align: justify;\"><span style=\"color: #000000;\">O prefeito Joaquim Neto entregou, na manh\u00e3 deste s\u00e1bado (1\u00ba), os 16 novos quiosques da pra\u00e7a Rui Barbosa. A entrega das chaves aos permission\u00e1rios antecede a inaugura\u00e7\u00e3o das obras de requalifica\u00e7\u00e3o da pra\u00e7a, marcada para o dia 6 de outubro, e ocorreu com as presen\u00e7as da\u00a0\u00a0vice \u2013 prefeita e secret\u00e1ria de Cultura Esporte e Lazer(SECET), Iraci Gama, dos secret\u00e1rios de Infraestrutra (SECIN), Andr\u00e9 Carvalho e de Comunica\u00e7\u00e3o, Gustavo Carmo e do Chefe de Gabinete, Raimundo Queiroz.<\/span><\/p>\n<p style=\"text-align: justify;\"><span style=\"color: #000000;\">Com a entrega, os comerciantes que antes trabalhavam em locais\u00a0 sem padroniza\u00e7\u00e3o e distribu\u00eddos de forma desordenada, agora poder\u00e3o contar com uma estrutura de qualidade e que possibilita a realiza\u00e7\u00e3o das adequa\u00e7\u00f5es necess\u00e1rias para cada tipo de neg\u00f3cio.<\/span><\/p><div class=\"newsi-conteudo_19\" id=\"newsi-1826078683\"><a href=\"https:\/\/www.instagram.com\/prefeituraalagoinhas?igsh=YzgzdDJ1bWR3aWI4\" aria-label=\"SAVE_20251006_221555\"><img loading=\"lazy\" decoding=\"async\" src=\"https:\/\/newsinfoco.com.br\/inicio\/wp-content\/uploads\/2025\/10\/SAVE_20251006_221555-rotated.jpg\" alt=\"\"  srcset=\"https:\/\/newsinfoco.com.br\/inicio\/wp-content\/uploads\/2025\/10\/SAVE_20251006_221555-rotated.jpg 1140w, https:\/\/newsinfoco.com.br\/inicio\/wp-content\/uploads\/2025\/10\/SAVE_20251006_221555-300x52.jpg 300w, https:\/\/newsinfoco.com.br\/inicio\/wp-content\/uploads\/2025\/10\/SAVE_20251006_221555-1024x177.jpg 1024w, https:\/\/newsinfoco.com.br\/inicio\/wp-content\/uploads\/2025\/10\/SAVE_20251006_221555-768x133.jpg 768w, https:\/\/newsinfoco.com.br\/inicio\/wp-content\/uploads\/2025\/10\/SAVE_20251006_221555-600x104.jpg 600w, https:\/\/newsinfoco.com.br\/inicio\/wp-content\/uploads\/2025\/10\/SAVE_20251006_221555-696x120.jpg 696w, https:\/\/newsinfoco.com.br\/inicio\/wp-content\/uploads\/2025\/10\/SAVE_20251006_221555-1068x185.jpg 1068w\" sizes=\"(max-width: 1140px) 100vw, 1140px\" width=\"1140\" height=\"197\"   \/><\/a><\/div>\n<p style=\"text-align: justify;\"><span style=\"color: #000000;\">\u201cAp\u00f3s mais de 30 anos trabalhando de forma improvisada, os comerciantes tomam posse de um local de trabalho digno, com revestimento de qualidade, cobertura, ventila\u00e7\u00e3o, o que vai proporcionar conforto e aumento das vendas\u201d, pontuou o secret\u00e1rio Andr\u00e9 Carvalho.<\/span><\/p>\n<p style=\"text-align: justify;\"><span style=\"color: #000000;\">Para a vice-prefeita Iraci Gama, a entrega dos novos quiosques marca a retomada da prosperidade no centro como um todo. \u201cHoje come\u00e7amos um novo ciclo de na nossa pra\u00e7a, antes ocupada por moradores de rua, usu\u00e1rios de drogas e evitada pelas fam\u00edlias. A partir de agora, a popula\u00e7\u00e3o voltar\u00e1 a ter este local como ponto de refer\u00eancia de cultura e lazer\u201d, afirmou.<\/span><\/p>\n<p style=\"text-align: justify;\"><span style=\"color: #000000;\">Presente na solenidade, o representante dos permission\u00e1rios, Lu\u00eds Eduardo dos Santos, popularmente conhecido como Duda dos Churros, elogiou a gest\u00e3o e enfatizou a import\u00e2ncia do momento para quem tira o sustento de suas fam\u00edlias com este trabalho na pra\u00e7a. \u201cDurante o per\u00edodo de obras, os permission\u00e1rios mantiveram suas atividades em barracas tempor\u00e1rias constru\u00eddas pela prefeitura, que desde a primeira reuni\u00e3o, em 2017, tem agido com total lisura , transpar\u00eancia, fazendo tudo exatamente conforme combinado com os comerciantes\u201d, disse. \u201cEstamos extremamente felizes com o novo local de trabalho porque \u00e9 a realiza\u00e7\u00e3o de um\u00a0 sonho de todos que est\u00e3o aqui, e \u00e9 como eu sempre digo, estamos saindo hoje das palafitas para um condom\u00ednio de luxo\u201d, continuou.<\/span><\/p>\n<p style=\"text-align: justify;\"><span style=\"color: #000000;\">Propriet\u00e1rio de barraca mais antigo da pra\u00e7a, Dem\u00f3stenes da Silva come\u00e7ou a trabalhar no local h\u00e1 28 anos com uma banquinha de bala, e hoje recebeu as chaves do quiosque n\u00ba 1, bem pr\u00f3ximo de onde ficava sua barraca de lanches. \u201cPara n\u00f3s, que passamos o dia aqui, \u00e9 muita felicidade estar vendo a pra\u00e7a voltar a ser um lugar\u00a0 bonito e seguro\u201d, comemorou.<\/span><\/p>\n<p style=\"text-align: justify;\"><span style=\"color: #000000;\">\u201cComo espa\u00e7o de conviv\u00eancia a estrutura a pra\u00e7a hoje n\u00e3o deve nada \u00e0s outras cidades. Tudo foi feito com extremo planejamento e cuidado, pensando nos m\u00ednimos detalhes, e para quem morava ao lado, se criou , deu os primeiros passos e que tamb\u00e9m trouxe os filhos para brincar na Pra\u00e7a Rui Barbosa, \u00e9 um orgulho sem medida estar hoje como prefeito e ter esta oportunidade valiosa de estar cuidando e devolvendo este espa\u00e7o aos comerciantes e moradores\u201d, afirmou o prefeito Joaquim Neto.<\/span><\/p>\n<p style=\"text-align: justify;\"><span style=\"color: #000000;\"><strong>CONFIRA GALERIA DE FOTOS:<\/strong><\/span><\/p>\n<p><a href=\"http:\/\/newsinfoco.com.br\/wp-content\/uploads\/2018\/09\/29469005757_106349e19b_z.jpg\"><img loading=\"lazy\" decoding=\"async\" class=\"alignnone size-full wp-image-8955\" src=\"http:\/\/newsinfoco.com.br\/wp-content\/uploads\/2018\/09\/29469005757_106349e19b_z.jpg\" alt=\"\" width=\"640\" height=\"424\" srcset=\"https:\/\/newsinfoco.com.br\/inicio\/wp-content\/uploads\/2018\/09\/29469005757_106349e19b_z.jpg 640w, https:\/\/newsinfoco.com.br\/inicio\/wp-content\/uploads\/2018\/09\/29469005757_106349e19b_z-300x199.jpg 300w, https:\/\/newsinfoco.com.br\/inicio\/wp-content\/uploads\/2018\/09\/29469005757_106349e19b_z-600x398.jpg 600w, https:\/\/newsinfoco.com.br\/inicio\/wp-content\/uploads\/2018\/09\/29469005757_106349e19b_z-634x420.jpg 634w\" sizes=\"auto, (max-width: 640px) 100vw, 640px\" \/><\/a> <a href=\"http:\/\/newsinfoco.com.br\/wp-content\/uploads\/2018\/09\/30538208808_f9dfa270d1_z.jpg\"><img loading=\"lazy\" decoding=\"async\" class=\"alignnone size-full wp-image-8956\" src=\"http:\/\/newsinfoco.com.br\/wp-content\/uploads\/2018\/09\/30538208808_f9dfa270d1_z.jpg\" alt=\"\" width=\"640\" height=\"424\" srcset=\"https:\/\/newsinfoco.com.br\/inicio\/wp-content\/uploads\/2018\/09\/30538208808_f9dfa270d1_z.jpg 640w, https:\/\/newsinfoco.com.br\/inicio\/wp-content\/uploads\/2018\/09\/30538208808_f9dfa270d1_z-300x199.jpg 300w, https:\/\/newsinfoco.com.br\/inicio\/wp-content\/uploads\/2018\/09\/30538208808_f9dfa270d1_z-600x398.jpg 600w, https:\/\/newsinfoco.com.br\/inicio\/wp-content\/uploads\/2018\/09\/30538208808_f9dfa270d1_z-634x420.jpg 634w\" sizes=\"auto, (max-width: 640px) 100vw, 640px\" \/><\/a> <a href=\"http:\/\/newsinfoco.com.br\/wp-content\/uploads\/2018\/09\/30538212658_e09a7a3f15_z.jpg\"><img loading=\"lazy\" decoding=\"async\" class=\"alignnone size-full wp-image-8957\" src=\"http:\/\/newsinfoco.com.br\/wp-content\/uploads\/2018\/09\/30538212658_e09a7a3f15_z.jpg\" alt=\"\" width=\"640\" height=\"424\" srcset=\"https:\/\/newsinfoco.com.br\/inicio\/wp-content\/uploads\/2018\/09\/30538212658_e09a7a3f15_z.jpg 640w, https:\/\/newsinfoco.com.br\/inicio\/wp-content\/uploads\/2018\/09\/30538212658_e09a7a3f15_z-300x199.jpg 300w, https:\/\/newsinfoco.com.br\/inicio\/wp-content\/uploads\/2018\/09\/30538212658_e09a7a3f15_z-600x398.jpg 600w, https:\/\/newsinfoco.com.br\/inicio\/wp-content\/uploads\/2018\/09\/30538212658_e09a7a3f15_z-634x420.jpg 634w\" sizes=\"auto, (max-width: 640px) 100vw, 640px\" \/><\/a> <a href=\"http:\/\/newsinfoco.com.br\/wp-content\/uploads\/2018\/09\/30538221368_c8a7c69667_z.jpg\"><img loading=\"lazy\" decoding=\"async\" class=\"alignnone size-full wp-image-8958\" src=\"http:\/\/newsinfoco.com.br\/wp-content\/uploads\/2018\/09\/30538221368_c8a7c69667_z.jpg\" alt=\"\" width=\"640\" height=\"424\" srcset=\"https:\/\/newsinfoco.com.br\/inicio\/wp-content\/uploads\/2018\/09\/30538221368_c8a7c69667_z.jpg 640w, https:\/\/newsinfoco.com.br\/inicio\/wp-content\/uploads\/2018\/09\/30538221368_c8a7c69667_z-300x199.jpg 300w, https:\/\/newsinfoco.com.br\/inicio\/wp-content\/uploads\/2018\/09\/30538221368_c8a7c69667_z-600x398.jpg 600w, https:\/\/newsinfoco.com.br\/inicio\/wp-content\/uploads\/2018\/09\/30538221368_c8a7c69667_z-634x420.jpg 634w\" sizes=\"auto, (max-width: 640px) 100vw, 640px\" \/><\/a> <a href=\"http:\/\/newsinfoco.com.br\/wp-content\/uploads\/2018\/09\/30538225248_9b3b7ff511_z.jpg\"><img loading=\"lazy\" decoding=\"async\" class=\"alignnone size-full wp-image-8959\" src=\"http:\/\/newsinfoco.com.br\/wp-content\/uploads\/2018\/09\/30538225248_9b3b7ff511_z.jpg\" alt=\"\" width=\"640\" height=\"424\" srcset=\"https:\/\/newsinfoco.com.br\/inicio\/wp-content\/uploads\/2018\/09\/30538225248_9b3b7ff511_z.jpg 640w, https:\/\/newsinfoco.com.br\/inicio\/wp-content\/uploads\/2018\/09\/30538225248_9b3b7ff511_z-300x199.jpg 300w, https:\/\/newsinfoco.com.br\/inicio\/wp-content\/uploads\/2018\/09\/30538225248_9b3b7ff511_z-600x398.jpg 600w, https:\/\/newsinfoco.com.br\/inicio\/wp-content\/uploads\/2018\/09\/30538225248_9b3b7ff511_z-634x420.jpg 634w\" sizes=\"auto, (max-width: 640px) 100vw, 640px\" \/><\/a><a href=\"http:\/\/newsinfoco.com.br\/wp-content\/uploads\/2018\/09\/44356367492_35738d27db_z.jpg\"><img loading=\"lazy\" decoding=\"async\" class=\"alignnone size-full wp-image-8960\" src=\"http:\/\/newsinfoco.com.br\/wp-content\/uploads\/2018\/09\/44356367492_35738d27db_z.jpg\" alt=\"\" width=\"640\" height=\"424\" srcset=\"https:\/\/newsinfoco.com.br\/inicio\/wp-content\/uploads\/2018\/09\/44356367492_35738d27db_z.jpg 640w, https:\/\/newsinfoco.com.br\/inicio\/wp-content\/uploads\/2018\/09\/44356367492_35738d27db_z-300x199.jpg 300w, https:\/\/newsinfoco.com.br\/inicio\/wp-content\/uploads\/2018\/09\/44356367492_35738d27db_z-600x398.jpg 600w, https:\/\/newsinfoco.com.br\/inicio\/wp-content\/uploads\/2018\/09\/44356367492_35738d27db_z-634x420.jpg 634w\" sizes=\"auto, (max-width: 640px) 100vw, 640px\" \/><\/a> <a href=\"http:\/\/newsinfoco.com.br\/wp-content\/uploads\/2018\/09\/44406271741_850dfc475d_z.jpg\"><img loading=\"lazy\" decoding=\"async\" class=\"alignnone size-full wp-image-8961\" src=\"http:\/\/newsinfoco.com.br\/wp-content\/uploads\/2018\/09\/44406271741_850dfc475d_z.jpg\" alt=\"\" width=\"640\" height=\"424\" srcset=\"https:\/\/newsinfoco.com.br\/inicio\/wp-content\/uploads\/2018\/09\/44406271741_850dfc475d_z.jpg 640w, https:\/\/newsinfoco.com.br\/inicio\/wp-content\/uploads\/2018\/09\/44406271741_850dfc475d_z-300x199.jpg 300w, https:\/\/newsinfoco.com.br\/inicio\/wp-content\/uploads\/2018\/09\/44406271741_850dfc475d_z-600x398.jpg 600w, https:\/\/newsinfoco.com.br\/inicio\/wp-content\/uploads\/2018\/09\/44406271741_850dfc475d_z-634x420.jpg 634w\" sizes=\"auto, (max-width: 640px) 100vw, 640px\" \/><\/a><\/p>\n<div class='share-to-whatsapp-wrapper'><div class='share-on-whsp'>Share on: <\/div><a data-text='Prefeito Joaquim Neto entrega chaves de quiosques da Pra\u00e7a Rui Barbosa' data-link='https:\/\/newsinfoco.com.br\/inicio\/prefeito-joaquim-neto-entrega-chaves-de-quiosques-da-praca-rui-barbosa\/' class='whatsapp-button whatsapp-share'>WhatsApp<\/a><div class='clear '><\/div><\/div>","protected":false},"excerpt":{"rendered":"<p>O prefeito Joaquim Neto entregou, na manh\u00e3 deste s\u00e1bado (1\u00ba), os 16 novos quiosques da pra\u00e7a Rui Barbosa. A entrega das chaves aos permission\u00e1rios antecede a inaugura\u00e7\u00e3o das obras de requalifica\u00e7\u00e3o da pra\u00e7a, marcada para o dia 6 de outubro, e ocorreu com as presen\u00e7as da\u00a0\u00a0vice \u2013 prefeita e secret\u00e1ria de Cultura Esporte e Lazer(SECET), [&hellip;]<\/p>\n","protected":false},"author":1,"featured_media":8959,"comment_status":"open","ping_status":"open","sticky":false,"template":"","format":"standard","meta":{"om_disable_all_campaigns":false,"_exactmetrics_skip_tracking":false,"_exactmetrics_sitenote_active":false,"_exactmetrics_sitenote_note":"","_exactmetrics_sitenote_category":0,"footnotes":""},"categories":[38,30],"tags":[53,54,121],"class_list":["post-8954","post","type-post","status-publish","format-standard","has-post-thumbnail","hentry","category-alagoinhas-e-regiao","category-destaque","tag-alagoinhas","tag-prefeitura","tag-secom-secet"],"aioseo_notices":[],"_links":{"self":[{"href":"https:\/\/newsinfoco.com.br\/inicio\/wp-json\/wp\/v2\/posts\/8954","targetHints":{"allow":["GET"]}}],"collection":[{"href":"https:\/\/newsinfoco.com.br\/inicio\/wp-json\/wp\/v2\/posts"}],"about":[{"href":"https:\/\/newsinfoco.com.br\/inicio\/wp-json\/wp\/v2\/types\/post"}],"author":[{"embeddable":true,"href":"https:\/\/newsinfoco.com.br\/inicio\/wp-json\/wp\/v2\/users\/1"}],"replies":[{"embeddable":true,"href":"https:\/\/newsinfoco.com.br\/inicio\/wp-json\/wp\/v2\/comments?post=8954"}],"version-history":[{"count":0,"href":"https:\/\/newsinfoco.com.br\/inicio\/wp-json\/wp\/v2\/posts\/8954\/revisions"}],"wp:featuredmedia":[{"embeddable":true,"href":"https:\/\/newsinfoco.com.br\/inicio\/wp-json\/wp\/v2\/media\/8959"}],"wp:attachment":[{"href":"https:\/\/newsinfoco.com.br\/inicio\/wp-json\/wp\/v2\/media?parent=8954"}],"wp:term":[{"taxonomy":"category","embeddable":true,"href":"https:\/\/newsinfoco.com.br\/inicio\/wp-json\/wp\/v2\/categories?post=8954"},{"taxonomy":"post_tag","embeddable":true,"href":"https:\/\/newsinfoco.com.br\/inicio\/wp-json\/wp\/v2\/tags?post=8954"}],"curies":[{"name":"wp","href":"https:\/\/api.w.org\/{rel}","templated":true}]}}