{"id":9010,"date":"2018-09-04T08:45:59","date_gmt":"2018-09-04T11:45:59","guid":{"rendered":"http:\/\/newsinfoco.com.br\/?p=9010"},"modified":"2018-09-04T08:45:59","modified_gmt":"2018-09-04T11:45:59","slug":"confira-programacao-de-atividades-dos-cras-para-esta-semana-3","status":"publish","type":"post","link":"https:\/\/newsinfoco.com.br\/inicio\/confira-programacao-de-atividades-dos-cras-para-esta-semana-3\/","title":{"rendered":"Confira programa\u00e7\u00e3o de atividades dos CRAS para esta semana"},"content":{"rendered":"<p style=\"text-align: justify;\"><span style=\"color: #000000;\">A Secretaria de Assist\u00eancia Social (SEMAS) divulga as atividades que ser\u00e3o realizadas durante a semana nos Centros de Refer\u00eancia e Assist\u00eancia Social (CRAS).<\/span><\/p>\n<h6 style=\"text-align: justify;\"><span style=\"color: #000000;\"><strong>CONFIRA PROGRAMA\u00c7\u00c3O:<\/strong><\/span><\/h6>\n<h5 style=\"text-align: justify;\"><span style=\"color: #000000;\"><strong>CRAS Boa Uni\u00e3o<\/strong><\/span><\/h5>\n<p style=\"text-align: justify;\"><span style=\"color: #000000;\">Dia 03\/09<\/span><\/p><div class=\"newsi-conteudo_19\" id=\"newsi-972499682\"><a href=\"https:\/\/www.instagram.com\/prefeituraalagoinhas?igsh=YzgzdDJ1bWR3aWI4\" aria-label=\"SAVE_20251006_221555\"><img loading=\"lazy\" decoding=\"async\" src=\"https:\/\/newsinfoco.com.br\/inicio\/wp-content\/uploads\/2025\/10\/SAVE_20251006_221555-rotated.jpg\" alt=\"\"  srcset=\"https:\/\/newsinfoco.com.br\/inicio\/wp-content\/uploads\/2025\/10\/SAVE_20251006_221555-rotated.jpg 1140w, https:\/\/newsinfoco.com.br\/inicio\/wp-content\/uploads\/2025\/10\/SAVE_20251006_221555-300x52.jpg 300w, https:\/\/newsinfoco.com.br\/inicio\/wp-content\/uploads\/2025\/10\/SAVE_20251006_221555-1024x177.jpg 1024w, https:\/\/newsinfoco.com.br\/inicio\/wp-content\/uploads\/2025\/10\/SAVE_20251006_221555-768x133.jpg 768w, https:\/\/newsinfoco.com.br\/inicio\/wp-content\/uploads\/2025\/10\/SAVE_20251006_221555-600x104.jpg 600w, https:\/\/newsinfoco.com.br\/inicio\/wp-content\/uploads\/2025\/10\/SAVE_20251006_221555-696x120.jpg 696w, https:\/\/newsinfoco.com.br\/inicio\/wp-content\/uploads\/2025\/10\/SAVE_20251006_221555-1068x185.jpg 1068w\" sizes=\"(max-width: 1140px) 100vw, 1140px\" width=\"1140\" height=\"197\"   \/><\/a><\/div>\n<p style=\"text-align: justify;\"><span style=\"color: #000000;\">Oficina de Futebol do SCFV para Adolescentes nos per\u00edodos Matutino e Vespertino;<\/span><\/p>\n<p style=\"text-align: justify;\"><span style=\"color: #000000;\">SCFV \u2013 Grupo Intergeracional no per\u00edodo Vespertino \u2013 Din\u00e2mica de grupo: jogo dos desejos.<\/span><\/p>\n<p style=\"text-align: justify;\"><span style=\"color: #000000;\">Dia 04\/09<\/span><\/p>\n<p style=\"text-align: justify;\"><span style=\"color: #000000;\">Oficina de Dan\u00e7a do SCFV para Crian\u00e7as nos per\u00edodos Matutino e Vespertino e para Mulheres no per\u00edodo Vespertino.<\/span><\/p>\n<p style=\"text-align: justify;\"><span style=\"color: #000000;\">Dia 05\/09<\/span><\/p>\n<p style=\"text-align: justify;\"><span style=\"color: #000000;\">Oficina de Violinos \u2013 SCFV na Comunidade do Oiteiro e no Cras no per\u00edodo Matutino e no Cras no per\u00edodo Vespertino.<\/span><\/p>\n<p style=\"text-align: justify;\"><span style=\"color: #000000;\">Dia 06\/09<\/span><\/p>\n<p style=\"text-align: justify;\"><span style=\"color: #000000;\">SCFV \u2013 Grupo de Adolescentes nos per\u00edodos Matutino e Vespertino \u2013 Din\u00e2mica de grupo: Valoriza\u00e7\u00e3o do respeito m\u00fatuo.<\/span><\/p>\n<p style=\"text-align: justify;\"><span style=\"color: #000000;\">Dia 07\/09 \u2013 Feriado Nacional.<\/span><\/p>\n<h5 style=\"text-align: justify;\"><span style=\"color: #000000;\"><strong>CRAS Pra\u00e7a do C\u00e9u<\/strong><\/span><\/h5>\n<p style=\"text-align: justify;\"><span style=\"color: #000000;\">03\/09 Manh\u00e3 \u2013 Visita Domiciliar<\/span><\/p>\n<p style=\"text-align: justify;\"><span style=\"color: #000000;\">Oficina de Violinos M\u00e1gicos<\/span><\/p>\n<p style=\"text-align: justify;\"><span style=\"color: #000000;\">Tarde:<\/span><\/p>\n<p style=\"text-align: justify;\"><span style=\"color: #000000;\">Visita Domiciliar<\/span><\/p>\n<p style=\"text-align: justify;\"><span style=\"color: #000000;\">Busca Ativa ( SCFV)<\/span><\/p>\n<p style=\"text-align: justify;\"><span style=\"color: #000000;\">Oficina de Dan\u00e7a Grupo de Idosas<\/span><\/p>\n<p style=\"text-align: justify;\"><span style=\"color: #000000;\">04\/09 Manh\u00e3 \u2013 Sala de Espera- Acolhida dos T\u00e9cnicos<\/span><\/p>\n<p style=\"text-align: justify;\"><span style=\"color: #000000;\">Tarde: Grupo de Mulheres \u2013 Exibi\u00e7\u00e3o do Document\u00e1rio \u201cSomos todos Iguais\u201d<\/span><\/p>\n<p style=\"text-align: justify;\"><span style=\"color: #000000;\">05\/09 Manh\u00e3 \u2013\u00a0 Atendimentos\u00a0 Socioassistenciais<\/span><\/p>\n<p style=\"text-align: justify;\"><span style=\"color: #000000;\">Tarde: Oficina de Violinos M\u00e1gicos<\/span><\/p>\n<p style=\"text-align: justify;\"><span style=\"color: #000000;\">Oficina de Dan\u00e7a<\/span><\/p>\n<p style=\"text-align: justify;\"><span style=\"color: #000000;\">Reuni\u00e3o com os T\u00e9cnicos<\/span><\/p>\n<p style=\"text-align: justify;\"><span style=\"color: #000000;\">06\/09 Manh\u00e3 \u2013 Grupo de Adolescentes Brincadeira Zip Zap Zop<\/span><\/p>\n<p style=\"text-align: justify;\"><span style=\"color: #000000;\">Visita Domiciliar<\/span><\/p>\n<p style=\"text-align: justify;\"><span style=\"color: #000000;\">Tarde \u2013\u00a0 Grupo de Idosas: Document\u00e1rio \u201cSomos todos Iguais\u201d<\/span><\/p>\n<p style=\"text-align: justify;\"><span style=\"color: #000000;\">Visita Domiciliar<\/span><\/p>\n<h5 style=\"text-align: justify;\"><span style=\"color: #000000;\"><strong>CRAS de Nova Bras\u00edlia<\/strong><\/span><\/h5>\n<p style=\"text-align: justify;\"><span style=\"color: #000000;\">Fortalecendo os V\u00ednculos Comunit\u00e1rios com a Tem\u00e1tica: IDENTIDADE, CIVISMO e COMUNIDADE<\/span><\/p>\n<p style=\"text-align: justify;\"><span style=\"color: #000000;\">03\/09 -Atendimentos socioassistenciais e o Servi\u00e7o de Conviv\u00eancia e Fortalecimento de V\u00ednculos (SCFV) com o grupo de adolescentes (manh\u00e3 e tarde).<\/span><\/p>\n<p style=\"text-align: justify;\"><span style=\"color: #000000;\">04\/09 \u2013 Manh\u00e3 \u2013 Realizaremos pela manh\u00e3 Oficina de Violinos no CRAS;<\/span><\/p>\n<p style=\"text-align: justify;\"><span style=\"color: #000000;\">Tarde \u2013 Oficina de Violinos;<\/span><\/p>\n<p style=\"text-align: justify;\"><span style=\"color: #000000;\">Encontro com o Grupo de Idosas\/os \u2013 SCFV.<\/span><\/p>\n<p style=\"text-align: justify;\"><span style=\"color: #000000;\">Ofertaremos tamb\u00e9m a Oficina de Futebol- manh\u00e3 e tarde na Comunidade da Baixa da Candeia.<\/span><\/p>\n<p style=\"text-align: justify;\"><span style=\"color: #000000;\">Al\u00e9m da oferta do Servi\u00e7o de Prote\u00e7\u00e3o Social \u00e0 Domic\u00edlio- visitas domiciliares \u00e0s Pessoas com Defici\u00eancia e visitas da rede, (manh\u00e3 e tarde).<\/span><\/p>\n<p style=\"text-align: justify;\"><span style=\"color: #000000;\">05\/09 \u2013 Manh\u00e3 \u2013 Oficina de Dan\u00e7a e Atendimento Socioassistencial.<\/span><\/p>\n<p style=\"text-align: justify;\"><span style=\"color: #000000;\">Tarde \u2013 Oficina de Dan\u00e7a, Atendimento Socioassistencial.<\/span><\/p>\n<p style=\"text-align: justify;\"><span style=\"color: #000000;\">06\/09 \u2013 Manh\u00e3 \u2013 Atendimento Socioassistencial.<\/span><\/p>\n<p style=\"text-align: justify;\"><span style=\"color: #000000;\">Tarde \u2013 Encontro com o grupo de mulheres do SCFV<\/span><\/p>\n<p style=\"text-align: right;\">Fonte: SECOM<\/p>\n<div class='share-to-whatsapp-wrapper'><div class='share-on-whsp'>Share on: <\/div><a data-text='Confira programa\u00e7\u00e3o de atividades dos CRAS para esta semana' data-link='https:\/\/newsinfoco.com.br\/inicio\/confira-programacao-de-atividades-dos-cras-para-esta-semana-3\/' class='whatsapp-button whatsapp-share'>WhatsApp<\/a><div class='clear '><\/div><\/div>","protected":false},"excerpt":{"rendered":"<p>A Secretaria de Assist\u00eancia Social (SEMAS) divulga as atividades que ser\u00e3o realizadas durante a semana nos Centros de Refer\u00eancia e Assist\u00eancia Social (CRAS). CONFIRA PROGRAMA\u00c7\u00c3O: CRAS Boa Uni\u00e3o Dia 03\/09 Oficina de Futebol do SCFV para Adolescentes nos per\u00edodos Matutino e Vespertino; SCFV \u2013 Grupo Intergeracional no per\u00edodo Vespertino \u2013 Din\u00e2mica de grupo: jogo dos [&hellip;]<\/p>\n","protected":false},"author":1,"featured_media":9011,"comment_status":"open","ping_status":"open","sticky":false,"template":"","format":"standard","meta":{"om_disable_all_campaigns":false,"_exactmetrics_skip_tracking":false,"_exactmetrics_sitenote_active":false,"_exactmetrics_sitenote_note":"","_exactmetrics_sitenote_category":0,"footnotes":""},"categories":[38,30],"tags":[53,54,120],"class_list":["post-9010","post","type-post","status-publish","format-standard","has-post-thumbnail","hentry","category-alagoinhas-e-regiao","category-destaque","tag-alagoinhas","tag-prefeitura","tag-secom-semas"],"aioseo_notices":[],"_links":{"self":[{"href":"https:\/\/newsinfoco.com.br\/inicio\/wp-json\/wp\/v2\/posts\/9010","targetHints":{"allow":["GET"]}}],"collection":[{"href":"https:\/\/newsinfoco.com.br\/inicio\/wp-json\/wp\/v2\/posts"}],"about":[{"href":"https:\/\/newsinfoco.com.br\/inicio\/wp-json\/wp\/v2\/types\/post"}],"author":[{"embeddable":true,"href":"https:\/\/newsinfoco.com.br\/inicio\/wp-json\/wp\/v2\/users\/1"}],"replies":[{"embeddable":true,"href":"https:\/\/newsinfoco.com.br\/inicio\/wp-json\/wp\/v2\/comments?post=9010"}],"version-history":[{"count":0,"href":"https:\/\/newsinfoco.com.br\/inicio\/wp-json\/wp\/v2\/posts\/9010\/revisions"}],"wp:featuredmedia":[{"embeddable":true,"href":"https:\/\/newsinfoco.com.br\/inicio\/wp-json\/wp\/v2\/media\/9011"}],"wp:attachment":[{"href":"https:\/\/newsinfoco.com.br\/inicio\/wp-json\/wp\/v2\/media?parent=9010"}],"wp:term":[{"taxonomy":"category","embeddable":true,"href":"https:\/\/newsinfoco.com.br\/inicio\/wp-json\/wp\/v2\/categories?post=9010"},{"taxonomy":"post_tag","embeddable":true,"href":"https:\/\/newsinfoco.com.br\/inicio\/wp-json\/wp\/v2\/tags?post=9010"}],"curies":[{"name":"wp","href":"https:\/\/api.w.org\/{rel}","templated":true}]}}