{"id":9042,"date":"2018-09-04T17:44:55","date_gmt":"2018-09-04T20:44:55","guid":{"rendered":"http:\/\/newsinfoco.com.br\/?p=9042"},"modified":"2018-09-04T17:51:28","modified_gmt":"2018-09-04T20:51:28","slug":"vereadores-da-oposicao-protocolam-pedido-de-cpi-para-investigar-contratos-do-transporte-escolar-na-gestao-joaquim-neto","status":"publish","type":"post","link":"https:\/\/newsinfoco.com.br\/inicio\/vereadores-da-oposicao-protocolam-pedido-de-cpi-para-investigar-contratos-do-transporte-escolar-na-gestao-joaquim-neto\/","title":{"rendered":"Vereadores da oposi\u00e7\u00e3o protocolam pedido de CPI para investigar contratos do transporte escolar na gest\u00e3o Joaquim Neto"},"content":{"rendered":"<p style=\"text-align: justify;\">A sess\u00e3o da tarde desta ter\u00e7a-feira(04) na C\u00e2mara Municipal de Alagoinhas foi marcada por mais uma a\u00e7\u00e3o da bancada oposicionista.<\/p>\n<p style=\"text-align: justify;\">Desta vez, um pedido de cria\u00e7\u00e3o de uma Comiss\u00e3o Parlamentar de Inqu\u00e9rito(CPI) para investigar os contratos firmados entre a prefeitura de Alagoinhas e prestadoras de servi\u00e7o de transporte escolar entre janeiro de 2017 e setembro de 2018 foi protocolado na Casa.<\/p><div class=\"newsi-conteudo_19\" id=\"newsi-659489036\"><a href=\"https:\/\/www.instagram.com\/prefeituraalagoinhas?igsh=YzgzdDJ1bWR3aWI4\" aria-label=\"SAVE_20251006_221555\"><img loading=\"lazy\" decoding=\"async\" src=\"https:\/\/newsinfoco.com.br\/inicio\/wp-content\/uploads\/2025\/10\/SAVE_20251006_221555-rotated.jpg\" alt=\"\"  srcset=\"https:\/\/newsinfoco.com.br\/inicio\/wp-content\/uploads\/2025\/10\/SAVE_20251006_221555-rotated.jpg 1140w, https:\/\/newsinfoco.com.br\/inicio\/wp-content\/uploads\/2025\/10\/SAVE_20251006_221555-300x52.jpg 300w, https:\/\/newsinfoco.com.br\/inicio\/wp-content\/uploads\/2025\/10\/SAVE_20251006_221555-1024x177.jpg 1024w, https:\/\/newsinfoco.com.br\/inicio\/wp-content\/uploads\/2025\/10\/SAVE_20251006_221555-768x133.jpg 768w, https:\/\/newsinfoco.com.br\/inicio\/wp-content\/uploads\/2025\/10\/SAVE_20251006_221555-600x104.jpg 600w, https:\/\/newsinfoco.com.br\/inicio\/wp-content\/uploads\/2025\/10\/SAVE_20251006_221555-696x120.jpg 696w, https:\/\/newsinfoco.com.br\/inicio\/wp-content\/uploads\/2025\/10\/SAVE_20251006_221555-1068x185.jpg 1068w\" sizes=\"(max-width: 1140px) 100vw, 1140px\" width=\"1140\" height=\"197\"   \/><\/a><\/div>\n<p style=\"text-align: justify;\">Precisando da assinatura de apenas 6 vereadores para sua instala\u00e7\u00e3o, o documento j\u00e1 conta com 8 assinaturas, o que j\u00e1 assegura a sua instala\u00e7\u00e3o. Assinaram o requerimento todos os vereadores da oposi\u00e7\u00e3o, que s\u00e3o eles: Pastor Lins(PPL), Caio Ramos(REDE), Thor de Ninha(PT), Luciano S\u00e9rio(PT), Duy do Frango(PMN), Anderson Baqueiro(Solidariedade), Darlan Lucena(PRP) e Jo\u00e3o Henrique Paolilo(Podemos).<\/p>\n<p style=\"text-align: justify;\">O vereador Thor de Ninha defendeu a cria\u00e7\u00e3o da CPI, alegando que h\u00e1 fortes ind\u00edcios de que o esquema criminoso envolvendo contratos do transporte escolar na gest\u00e3o do ex-prefeito Paulo Cezar, que s\u00e3o investigados pela CGU e pela PF, perduraram no governo Joaquim Neto(DEM). Al\u00e9m disso, ele afirma que h\u00e1 suspeitas de que a nova empresa contratada, ap\u00f3s realiza\u00e7\u00e3o de\u00a0 licita\u00e7\u00e3o da atual gest\u00e3o, mant\u00e9m a mesma margem de lucro da antiga empresa, alvo de investiga\u00e7\u00e3o da CGU. Isto porque, segundo o vereador, a diminui\u00e7\u00e3o do valor pago pela prefeitura pelo servi\u00e7o de transporte escolar foi repassado apenas aos motoristas contratados. Antes se pagava por volta de 6 mil por m\u00eas a cada motorista e agora \u00e9 pago a metade deste valor. A diminui\u00e7\u00e3o tamb\u00e9m estaria presente no valor das di\u00e1rias pagas. Isso, de acordo com Thor de Ninha, denotaria a configura\u00e7\u00e3o de sobrepre\u00e7o<\/p>\n<p style=\"text-align: justify;\">O l\u00edder do DEM na C\u00e2mara, Luciano Almeida, questionou o pedido de instala\u00e7\u00e3o de CPI para investigar os contratos firmados pela gest\u00e3o Joaquim Neto, alegando que as irregularidades envolvendo o transporte escolar que \u00e9 alvo de investiga\u00e7\u00e3o da CGU se iniciou em 2009. &#8220;O papagaio come o milho e o periquito \u00e9 que leva a a fama&#8221; disse o demista, questionando uma poss\u00edvel persegui\u00e7\u00e3o por parte da bancada de oposi\u00e7\u00e3o ao prefeito Joaquim Neto.<\/p>\n<h6 style=\"text-align: right;\"><span style=\"color: #999999;\">Por Caio Pimenta para o News Infoco<\/span><\/h6>\n<div class='share-to-whatsapp-wrapper'><div class='share-on-whsp'>Share on: <\/div><a data-text='Vereadores da oposi\u00e7\u00e3o protocolam pedido de CPI para investigar contratos do transporte escolar na gest\u00e3o Joaquim Neto' data-link='https:\/\/newsinfoco.com.br\/inicio\/vereadores-da-oposicao-protocolam-pedido-de-cpi-para-investigar-contratos-do-transporte-escolar-na-gestao-joaquim-neto\/' class='whatsapp-button whatsapp-share'>WhatsApp<\/a><div class='clear '><\/div><\/div>","protected":false},"excerpt":{"rendered":"<p>A sess\u00e3o da tarde desta ter\u00e7a-feira(04) na C\u00e2mara Municipal de Alagoinhas foi marcada por mais uma a\u00e7\u00e3o da bancada oposicionista. Desta vez, um pedido de cria\u00e7\u00e3o de uma Comiss\u00e3o Parlamentar de Inqu\u00e9rito(CPI) para investigar os contratos firmados entre a prefeitura de Alagoinhas e prestadoras de servi\u00e7o de transporte escolar entre janeiro de 2017 e setembro [&hellip;]<\/p>\n","protected":false},"author":1,"featured_media":9046,"comment_status":"open","ping_status":"open","sticky":false,"template":"","format":"standard","meta":{"om_disable_all_campaigns":false,"_exactmetrics_skip_tracking":false,"_exactmetrics_sitenote_active":false,"_exactmetrics_sitenote_note":"","_exactmetrics_sitenote_category":0,"footnotes":""},"categories":[38,30],"tags":[],"class_list":["post-9042","post","type-post","status-publish","format-standard","has-post-thumbnail","hentry","category-alagoinhas-e-regiao","category-destaque"],"aioseo_notices":[],"_links":{"self":[{"href":"https:\/\/newsinfoco.com.br\/inicio\/wp-json\/wp\/v2\/posts\/9042","targetHints":{"allow":["GET"]}}],"collection":[{"href":"https:\/\/newsinfoco.com.br\/inicio\/wp-json\/wp\/v2\/posts"}],"about":[{"href":"https:\/\/newsinfoco.com.br\/inicio\/wp-json\/wp\/v2\/types\/post"}],"author":[{"embeddable":true,"href":"https:\/\/newsinfoco.com.br\/inicio\/wp-json\/wp\/v2\/users\/1"}],"replies":[{"embeddable":true,"href":"https:\/\/newsinfoco.com.br\/inicio\/wp-json\/wp\/v2\/comments?post=9042"}],"version-history":[{"count":0,"href":"https:\/\/newsinfoco.com.br\/inicio\/wp-json\/wp\/v2\/posts\/9042\/revisions"}],"wp:featuredmedia":[{"embeddable":true,"href":"https:\/\/newsinfoco.com.br\/inicio\/wp-json\/wp\/v2\/media\/9046"}],"wp:attachment":[{"href":"https:\/\/newsinfoco.com.br\/inicio\/wp-json\/wp\/v2\/media?parent=9042"}],"wp:term":[{"taxonomy":"category","embeddable":true,"href":"https:\/\/newsinfoco.com.br\/inicio\/wp-json\/wp\/v2\/categories?post=9042"},{"taxonomy":"post_tag","embeddable":true,"href":"https:\/\/newsinfoco.com.br\/inicio\/wp-json\/wp\/v2\/tags?post=9042"}],"curies":[{"name":"wp","href":"https:\/\/api.w.org\/{rel}","templated":true}]}}