{"id":9043,"date":"2018-09-04T17:22:03","date_gmt":"2018-09-04T20:22:03","guid":{"rendered":"http:\/\/newsinfoco.com.br\/?p=9043"},"modified":"2018-09-04T17:22:03","modified_gmt":"2018-09-04T20:22:03","slug":"mp-acusa-haddad-por-corrupcao-quadrilha-e-lavagem-de-dinheiro","status":"publish","type":"post","link":"https:\/\/newsinfoco.com.br\/inicio\/mp-acusa-haddad-por-corrupcao-quadrilha-e-lavagem-de-dinheiro\/","title":{"rendered":"MP acusa Haddad por corrup\u00e7\u00e3o, quadrilha e lavagem de dinheiro"},"content":{"rendered":"<p style=\"text-align: justify;\"><span style=\"color: #000000;\">O Minist\u00e9rio P\u00fablico do Estado de S\u00e3o Paulo apresentou den\u00fancia contra o candidato a vice-presidente pelo PT,\u00a0<strong><a style=\"color: #000000;\" href=\"https:\/\/exame.abril.com.br\/noticias-sobre\/fernando-haddad\/\">Fernando Haddad<\/a><\/strong>, por corrup\u00e7\u00e3o pelo recebimento de 2,6 milh\u00f5es de reais de propina da empreiteira UTC Engenharia para pagamento de d\u00edvida contra\u00edda durante a campanha eleitoral \u00e0 prefeitura da capital paulista em 2012, informou o MPSP nesta ter\u00e7a-feira.<\/span><\/p>\n<p style=\"text-align: justify;\"><span style=\"color: #000000;\">Haddad, prov\u00e1vel substituto do ex-presidente Luiz In\u00e1cio Lula da Silva na cabe\u00e7a da chapa presidencial do PT ap\u00f3s o ex-presidente ter sido barrado da disputa na semana passada, j\u00e1 havia sido acusado pelo MP de improbidade administrativa e enriquecimento il\u00edcito, al\u00e9m de ser alvo de uma den\u00fancia feita \u00e0 Justi\u00e7a Eleitoral com base no mesmo caso.<\/span><\/p><div class=\"newsi-conteudo_19\" id=\"newsi-1546427604\"><a href=\"https:\/\/www.instagram.com\/prefeituraalagoinhas?igsh=YzgzdDJ1bWR3aWI4\" aria-label=\"SAVE_20251006_221555\"><img loading=\"lazy\" decoding=\"async\" src=\"https:\/\/newsinfoco.com.br\/inicio\/wp-content\/uploads\/2025\/10\/SAVE_20251006_221555-rotated.jpg\" alt=\"\"  srcset=\"https:\/\/newsinfoco.com.br\/inicio\/wp-content\/uploads\/2025\/10\/SAVE_20251006_221555-rotated.jpg 1140w, https:\/\/newsinfoco.com.br\/inicio\/wp-content\/uploads\/2025\/10\/SAVE_20251006_221555-300x52.jpg 300w, https:\/\/newsinfoco.com.br\/inicio\/wp-content\/uploads\/2025\/10\/SAVE_20251006_221555-1024x177.jpg 1024w, https:\/\/newsinfoco.com.br\/inicio\/wp-content\/uploads\/2025\/10\/SAVE_20251006_221555-768x133.jpg 768w, https:\/\/newsinfoco.com.br\/inicio\/wp-content\/uploads\/2025\/10\/SAVE_20251006_221555-600x104.jpg 600w, https:\/\/newsinfoco.com.br\/inicio\/wp-content\/uploads\/2025\/10\/SAVE_20251006_221555-696x120.jpg 696w, https:\/\/newsinfoco.com.br\/inicio\/wp-content\/uploads\/2025\/10\/SAVE_20251006_221555-1068x185.jpg 1068w\" sizes=\"(max-width: 1140px) 100vw, 1140px\" width=\"1140\" height=\"197\"   \/><\/a><\/div>\n<p style=\"text-align: justify;\"><span style=\"color: #000000;\">Segundo o MP, o ex-tesoureiro do PT Jo\u00e3o Vaccari Neto pediu ao ent\u00e3o presidente da UTC, Ricardo Pessoa, que fizesse o pagamento da d\u00edvida da campanha de Haddad com gr\u00e1ficas no valor de 2,6 milh\u00f5es de reais, em troca de um eventual favorecimento \u00e0 empreiteira por parte da administra\u00e7\u00e3o municipal.<\/span><\/p>\n<p style=\"text-align: justify;\"><span style=\"color: #000000;\">Vaccari e Pessoa, que j\u00e1 foram condenados em a\u00e7\u00f5es de corrup\u00e7\u00e3o no \u00e2mbito da opera\u00e7\u00e3o Lava Jato, tamb\u00e9m foram denunciados pelo MP paulista, assim como o doleiro Alberto Youssef e o ex-deputado estadual pelo PT Francisco Carlos de Souza.<\/span><\/p>\n<p style=\"text-align: justify;\"><span style=\"color: #000000;\">Haddad rejeita a acusa\u00e7\u00e3o e alega que Pessoa, cuja dela\u00e7\u00e3o ajuda a sustentar a a\u00e7\u00e3o do Minist\u00e9rio P\u00fablico, est\u00e1 mentindo. Segundo ele, h\u00e1 um componente eleitoral por tr\u00e1s das a\u00e7\u00f5es do MP a poucas semanas da elei\u00e7\u00e3o presidencial de outubro.<\/span><\/p>\n<p style=\"text-align: justify;\"><span style=\"color: #000000;\">\u201cSurpreende que no per\u00edodo eleitoral, uma narrativa do empres\u00e1rio Ricardo Pessoa, da UTC, sem qualquer prova, fundamente tr\u00eas a\u00e7\u00f5es propostas pelo Minist\u00e9rio P\u00fablico de S\u00e3o Paulo contra o ex-prefeito e candidato a vice-presidente da Rep\u00fablica, Fernando Haddad. \u00c9 not\u00f3rio que o empres\u00e1rio j\u00e1 teve sua dela\u00e7\u00e3o rejeitada em quase uma dezena de casos e que ele conta suas hist\u00f3rias de acordo com seus interesses\u201d, disse a assessoria de imprensa do candidato em nota nesta ter\u00e7a-feira.<\/span><\/p>\n<p style=\"text-align: justify;\"><span style=\"color: #000000;\">Na semana passada, quando foi apresentada a den\u00fancia por improbidade administrativa, o ex-prefeito disse que contrariou interesses de Pessoa.<\/span><\/p>\n<p style=\"text-align: justify;\"><span style=\"color: #000000;\">\u201cNo meu caso ele tinha raz\u00e3o para mentir\u201d, disse Haddad. \u201cEu cancelei com 44 dias (de mandato) uma obra milion\u00e1ria da UTC e Odebrecht\u2026 Porque eu cancelei? Porque meu secret\u00e1rio me disse que a obra estava superfaturada.\u201d<\/span><\/p>\n<p style=\"text-align: justify;\"><span style=\"color: #000000;\">O candidato a vice-presidente tamb\u00e9m questionou o fato de ser alvo de reiteradas den\u00fancias neste momento.<\/span><\/p>\n<p style=\"text-align: justify;\"><span style=\"color: #000000;\">\u201cA gente fica pensando o que est\u00e1 por tr\u00e1s disso\u201d, disse. \u201cDurante 24 anos o PSDB atua em S\u00e3o Paulo, tem esc\u00e2ndalo em todo canto, n\u00e3o tem nada ali que pare em p\u00e9 e n\u00e3o h\u00e1 nada, nenhum procedimento.\u201d<\/span><\/p>\n<p style=\"text-align: justify;\"><span style=\"color: #000000;\">Haddad provavelmente vai substituir Lula na cabe\u00e7a de chapa do PT depois que o ex-presidente foi barrado da corrida ao Pal\u00e1cio do Planalto pelo Tribunal Superior Eleitoral (TSE) com base na Lei da Ficha Limpa.<\/span><\/p>\n<p style=\"text-align: justify;\"><span style=\"color: #000000;\">O ex-presidente, que est\u00e1 preso em Curitiba desde abril cumprindo pena por condena\u00e7\u00e3o em segunda inst\u00e2ncia por corrup\u00e7\u00e3o e lavagem de dinheiro no caso do tr\u00edplex do Guaruj\u00e1 (SP), lidera as pesquisas de inten\u00e7\u00e3o de voto.<\/span><\/p>\n<p style=\"text-align: justify;\"><span style=\"color: #000000;\">Na a\u00e7\u00e3o de improbidade administrativa, o MP pediu suspens\u00e3o dos direitos pol\u00edticos de Haddad de oito a 10 anos, entre outras puni\u00e7\u00f5es.<\/span><\/p>\n<p style=\"text-align: justify;\"><span style=\"color: #000000;\">Em nota, a UTC e seu acionista informam que \u201csempre colaboraram, colaboram e continuar\u00e3o a colaborar com as autoridades respons\u00e1veis pelas investiga\u00e7\u00f5es, processos administrativos e judiciais relacionados \u00e0s licita\u00e7\u00f5es com empresas e \u00f3rg\u00e3os p\u00fablicos\u201d.<\/span><\/p>\n<p>&nbsp;<\/p>\n<h6 style=\"text-align: right;\">Fonte:Exame<\/h6>\n<div class='share-to-whatsapp-wrapper'><div class='share-on-whsp'>Share on: <\/div><a data-text='MP acusa Haddad por corrup\u00e7\u00e3o, quadrilha e lavagem de dinheiro' data-link='https:\/\/newsinfoco.com.br\/inicio\/mp-acusa-haddad-por-corrupcao-quadrilha-e-lavagem-de-dinheiro\/' class='whatsapp-button whatsapp-share'>WhatsApp<\/a><div class='clear '><\/div><\/div>","protected":false},"excerpt":{"rendered":"<p>O Minist\u00e9rio P\u00fablico do Estado de S\u00e3o Paulo apresentou den\u00fancia contra o candidato a vice-presidente pelo PT,\u00a0Fernando Haddad, por corrup\u00e7\u00e3o pelo recebimento de 2,6 milh\u00f5es de reais de propina da empreiteira UTC Engenharia para pagamento de d\u00edvida contra\u00edda durante a campanha eleitoral \u00e0 prefeitura da capital paulista em 2012, informou o MPSP nesta ter\u00e7a-feira. Haddad, [&hellip;]<\/p>\n","protected":false},"author":1,"featured_media":9044,"comment_status":"open","ping_status":"open","sticky":false,"template":"","format":"standard","meta":{"om_disable_all_campaigns":false,"_exactmetrics_skip_tracking":false,"_exactmetrics_sitenote_active":false,"_exactmetrics_sitenote_note":"","_exactmetrics_sitenote_category":0,"footnotes":""},"categories":[21],"tags":[],"class_list":["post-9043","post","type-post","status-publish","format-standard","has-post-thumbnail","hentry","category-brasil"],"aioseo_notices":[],"_links":{"self":[{"href":"https:\/\/newsinfoco.com.br\/inicio\/wp-json\/wp\/v2\/posts\/9043","targetHints":{"allow":["GET"]}}],"collection":[{"href":"https:\/\/newsinfoco.com.br\/inicio\/wp-json\/wp\/v2\/posts"}],"about":[{"href":"https:\/\/newsinfoco.com.br\/inicio\/wp-json\/wp\/v2\/types\/post"}],"author":[{"embeddable":true,"href":"https:\/\/newsinfoco.com.br\/inicio\/wp-json\/wp\/v2\/users\/1"}],"replies":[{"embeddable":true,"href":"https:\/\/newsinfoco.com.br\/inicio\/wp-json\/wp\/v2\/comments?post=9043"}],"version-history":[{"count":0,"href":"https:\/\/newsinfoco.com.br\/inicio\/wp-json\/wp\/v2\/posts\/9043\/revisions"}],"wp:featuredmedia":[{"embeddable":true,"href":"https:\/\/newsinfoco.com.br\/inicio\/wp-json\/wp\/v2\/media\/9044"}],"wp:attachment":[{"href":"https:\/\/newsinfoco.com.br\/inicio\/wp-json\/wp\/v2\/media?parent=9043"}],"wp:term":[{"taxonomy":"category","embeddable":true,"href":"https:\/\/newsinfoco.com.br\/inicio\/wp-json\/wp\/v2\/categories?post=9043"},{"taxonomy":"post_tag","embeddable":true,"href":"https:\/\/newsinfoco.com.br\/inicio\/wp-json\/wp\/v2\/tags?post=9043"}],"curies":[{"name":"wp","href":"https:\/\/api.w.org\/{rel}","templated":true}]}}