{"id":9076,"date":"2018-09-06T09:17:22","date_gmt":"2018-09-06T12:17:22","guid":{"rendered":"http:\/\/newsinfoco.com.br\/?p=9076"},"modified":"2018-09-06T09:17:22","modified_gmt":"2018-09-06T12:17:22","slug":"com-apoio-da-prefeitura-atletas-de-alagoinhas-disputam-25-campeonato-brasileiro-de-karate-interestilos-em-brasilia","status":"publish","type":"post","link":"https:\/\/newsinfoco.com.br\/inicio\/com-apoio-da-prefeitura-atletas-de-alagoinhas-disputam-25-campeonato-brasileiro-de-karate-interestilos-em-brasilia\/","title":{"rendered":"Com apoio da Prefeitura, atletas de Alagoinhas disputam 25\u00b0 Campeonato Brasileiro de Karat\u00ea Interestilos em Bras\u00edlia"},"content":{"rendered":"<p style=\"text-align: justify;\"><span style=\"color: #000000;\">Com apoio da Prefeitura Municipal, atrav\u00e9s da Secretaria de Cultura, Esporte e Turismo (SECET), 30 atletas da Escola Drag\u00f5es Karat\u00ea Clube sa\u00edram ontem (4) de Alagoinhas rumo \u00e0 Bras\u00edlia, onde devem representar a cidade no 25\u00b0 Campeonato Brasileiro de Karat\u00ea Interestilos.<\/span><\/p>\n<p style=\"text-align: justify;\"><span style=\"color: #000000;\">Incluindo Comiss\u00e3o T\u00e9cnica, arbitragem e acompanhantes, a delega\u00e7\u00e3o de 44 pessoas entrou no \u00f4nibus nesta ter\u00e7a-feira com metas bem definidas: apresentar um bom desempenho, colocar em pr\u00e1tica as t\u00e9cnicas desenvolvidas e emplacar bons resultados colocando em destaque a Bahia na capital federal.<\/span><\/p><div class=\"newsi-conteudo_19\" id=\"newsi-2477060027\"><a href=\"https:\/\/www.instagram.com\/prefeituraalagoinhas?igsh=YzgzdDJ1bWR3aWI4\" aria-label=\"SAVE_20251006_221555\"><img loading=\"lazy\" decoding=\"async\" src=\"https:\/\/newsinfoco.com.br\/inicio\/wp-content\/uploads\/2025\/10\/SAVE_20251006_221555-rotated.jpg\" alt=\"\"  srcset=\"https:\/\/newsinfoco.com.br\/inicio\/wp-content\/uploads\/2025\/10\/SAVE_20251006_221555-rotated.jpg 1140w, https:\/\/newsinfoco.com.br\/inicio\/wp-content\/uploads\/2025\/10\/SAVE_20251006_221555-300x52.jpg 300w, https:\/\/newsinfoco.com.br\/inicio\/wp-content\/uploads\/2025\/10\/SAVE_20251006_221555-1024x177.jpg 1024w, https:\/\/newsinfoco.com.br\/inicio\/wp-content\/uploads\/2025\/10\/SAVE_20251006_221555-768x133.jpg 768w, https:\/\/newsinfoco.com.br\/inicio\/wp-content\/uploads\/2025\/10\/SAVE_20251006_221555-600x104.jpg 600w, https:\/\/newsinfoco.com.br\/inicio\/wp-content\/uploads\/2025\/10\/SAVE_20251006_221555-696x120.jpg 696w, https:\/\/newsinfoco.com.br\/inicio\/wp-content\/uploads\/2025\/10\/SAVE_20251006_221555-1068x185.jpg 1068w\" sizes=\"(max-width: 1140px) 100vw, 1140px\" width=\"1140\" height=\"197\"   \/><\/a><\/div>\n<p><img decoding=\"async\" src=\"https:\/\/www.alagoinhas.ba.gov.br\/wp-content\/uploads\/2018\/09\/42682029220_d3c8891b83_z.jpg\" \/><\/p>\n<p style=\"text-align: justify;\"><span style=\"color: #000000;\">\u201cA Prefeitura todo ano apoia a gente com o transporte, que \u00e9 o mais caro. Esse ano, estamos mais uma vez com essa parceria. \u00c9 o principal evento do calend\u00e1rio do karat\u00ea brasileiro. A gente participa de v\u00e1rias classificat\u00f3rias para poder estar almejando um campeonato internacional. O brasileiro \u00e9 uma etapa fundamental para isso. \u00c9 a \u00faltima chance que a gente tem que classificar atletas para campeonatos internacionais\u201d, destacou Ivan J\u00fanior, professor e diretor da Federa\u00e7\u00e3o Baiana de Karat\u00ea.<\/span><\/p>\n<p style=\"text-align: justify;\"><span style=\"color: #000000;\">As disputas ser\u00e3o realizadas no Gin\u00e1sio Nilson Nelson, nos dias 7, 8 e 9 de setembro e os campe\u00f5es das categorias na modalidade estar\u00e3o representando o Brasil no Open Internacional, que acontece simultaneamente em Bras\u00edlia.<\/span><\/p>\n<p><img decoding=\"async\" src=\"https:\/\/www.alagoinhas.ba.gov.br\/wp-content\/uploads\/2018\/09\/44491326131_6274f1a3a9_z.jpg\" \/><\/p>\n<p style=\"text-align: justify;\"><span style=\"color: #000000;\">O prefeito Joaquim Neto esteve junto aos atletas antes da partida e enfatizou que a prefeitura vai continuar apoiando o esporte em todas as faixas et\u00e1rias. \u201cMe sinto realizado quando vejo esses meninos e meninas empenhados no esporte em que acreditam. Sou desportista, gosto do esporte e isso para mim \u00e9 muito importante. \u00c9 um orgulho para Alagoinhas ver hoje 30 atletas saindo para representar a nossa cidade em Bras\u00edlia\u201d, afirmou.<\/span><\/p>\n<p style=\"text-align: justify;\"><span style=\"color: #000000;\">Enquanto os competidores se preparam para as chaves das disputas deste final de semana, quem fica por aqui aguarda, na expectativa, as boas not\u00edcias da capital. \u201cEu fico maravilhada, pedindo ao divino esp\u00edrito santo que acompanhe, leve em paz e traga em paz. N\u00e3o s\u00f3 ela, como todos\u201d, comenta Dona Ivone Ribeiro, av\u00f3 de Let\u00edcia Ribeiro que, aos 13 anos, viaja para mais uma competi\u00e7\u00e3o.<\/span><\/p>\n<p style=\"text-align: justify;\"><span style=\"color: #000000;\">Quem acompanha a atleta na viagem \u00e9 a m\u00e3e, que se orgulha dos resultados j\u00e1 conquistados pela filha. \u201cEu fiquei feliz, porque, assim, quando eu era crian\u00e7a, eu que queria fazer e \u2018painho\u2019 n\u00e3o deixou, porque meu pai dizia que eu s\u00f3 escolhia \u2018coisa de macho\u2019. Tudo o que eu escolhia para ele era de macho. Quando ela se identificou, eu pensei assim \u2018eita, vai fazer tudo o que eu queria!\u2019. Ainda comecei a fazer aqui, sabe? Mas parei, porque tenho problema no ombro e no joelho, a\u00ed n\u00e3o aguento. Eu queria \u00e9 que ela trouxesse umas 5 medalhas. Ela treina 3 vezes por semana. E quando ela n\u00e3o treina aqui, fica fazendo em casa, na frente do espelho\u201d, disse Gl\u00f3ria Ribeiro, m\u00e3e de Let\u00edcia.<\/span><\/p>\n<p style=\"text-align: justify;\"><span style=\"color: #000000;\">Para o professor, a expectativa de todo o grupo \u00e9 positiva. \u201cO brasileiro \u00e9 muito dif\u00edcil, s\u00e3o aproximadamente 2 mil atletas participando, ent\u00e3o \u00e9 muito dif\u00edcil trazer v\u00e1rias medalhas, mas estamos focados e conseguiremos bons resultados\u201d, finalizou.<\/span><\/p>\n<p style=\"text-align: justify;\"><span style=\"color: #000000;\">O Campeonato \u00e9 uma realiza\u00e7\u00e3o da Confedera\u00e7\u00e3o Brasileira de Karat\u00ea Interestilos.<\/span><\/p>\n<h5 style=\"text-align: right;\"><span style=\"color: #999999;\">Fonte: SECOM SECET<\/span><\/h5>\n<div class='share-to-whatsapp-wrapper'><div class='share-on-whsp'>Share on: <\/div><a data-text='Com apoio da Prefeitura, atletas de Alagoinhas disputam 25\u00b0 Campeonato Brasileiro de Karat\u00ea Interestilos em Bras\u00edlia' data-link='https:\/\/newsinfoco.com.br\/inicio\/com-apoio-da-prefeitura-atletas-de-alagoinhas-disputam-25-campeonato-brasileiro-de-karate-interestilos-em-brasilia\/' class='whatsapp-button whatsapp-share'>WhatsApp<\/a><div class='clear '><\/div><\/div>","protected":false},"excerpt":{"rendered":"<p>Com apoio da Prefeitura Municipal, atrav\u00e9s da Secretaria de Cultura, Esporte e Turismo (SECET), 30 atletas da Escola Drag\u00f5es Karat\u00ea Clube sa\u00edram ontem (4) de Alagoinhas rumo \u00e0 Bras\u00edlia, onde devem representar a cidade no 25\u00b0 Campeonato Brasileiro de Karat\u00ea Interestilos. Incluindo Comiss\u00e3o T\u00e9cnica, arbitragem e acompanhantes, a delega\u00e7\u00e3o de 44 pessoas entrou no \u00f4nibus [&hellip;]<\/p>\n","protected":false},"author":1,"featured_media":9077,"comment_status":"open","ping_status":"open","sticky":false,"template":"","format":"standard","meta":{"om_disable_all_campaigns":false,"_exactmetrics_skip_tracking":false,"_exactmetrics_sitenote_active":false,"_exactmetrics_sitenote_note":"","_exactmetrics_sitenote_category":0,"footnotes":""},"categories":[38,30],"tags":[53,54,121],"class_list":["post-9076","post","type-post","status-publish","format-standard","has-post-thumbnail","hentry","category-alagoinhas-e-regiao","category-destaque","tag-alagoinhas","tag-prefeitura","tag-secom-secet"],"aioseo_notices":[],"_links":{"self":[{"href":"https:\/\/newsinfoco.com.br\/inicio\/wp-json\/wp\/v2\/posts\/9076","targetHints":{"allow":["GET"]}}],"collection":[{"href":"https:\/\/newsinfoco.com.br\/inicio\/wp-json\/wp\/v2\/posts"}],"about":[{"href":"https:\/\/newsinfoco.com.br\/inicio\/wp-json\/wp\/v2\/types\/post"}],"author":[{"embeddable":true,"href":"https:\/\/newsinfoco.com.br\/inicio\/wp-json\/wp\/v2\/users\/1"}],"replies":[{"embeddable":true,"href":"https:\/\/newsinfoco.com.br\/inicio\/wp-json\/wp\/v2\/comments?post=9076"}],"version-history":[{"count":0,"href":"https:\/\/newsinfoco.com.br\/inicio\/wp-json\/wp\/v2\/posts\/9076\/revisions"}],"wp:featuredmedia":[{"embeddable":true,"href":"https:\/\/newsinfoco.com.br\/inicio\/wp-json\/wp\/v2\/media\/9077"}],"wp:attachment":[{"href":"https:\/\/newsinfoco.com.br\/inicio\/wp-json\/wp\/v2\/media?parent=9076"}],"wp:term":[{"taxonomy":"category","embeddable":true,"href":"https:\/\/newsinfoco.com.br\/inicio\/wp-json\/wp\/v2\/categories?post=9076"},{"taxonomy":"post_tag","embeddable":true,"href":"https:\/\/newsinfoco.com.br\/inicio\/wp-json\/wp\/v2\/tags?post=9076"}],"curies":[{"name":"wp","href":"https:\/\/api.w.org\/{rel}","templated":true}]}}