{"id":9142,"date":"2018-09-08T13:11:28","date_gmt":"2018-09-08T16:11:28","guid":{"rendered":"http:\/\/newsinfoco.com.br\/?p=9142"},"modified":"2018-09-08T13:11:28","modified_gmt":"2018-09-08T16:11:28","slug":"grande-publico-prestigia-inauguracao-da-nova-praca-rui-barbosa","status":"publish","type":"post","link":"https:\/\/newsinfoco.com.br\/inicio\/grande-publico-prestigia-inauguracao-da-nova-praca-rui-barbosa\/","title":{"rendered":"Grande p\u00fablico prestigia inaugura\u00e7\u00e3o da Nova Pra\u00e7a Rui Barbosa"},"content":{"rendered":"<p style=\"text-align: justify;\"><span style=\"color: #000000;\">Centenas de pessoas acompanharam a inaugura\u00e7\u00e3o, na noite desta quinta-feira (6), da Nova Pra\u00e7a Rui Barbosa. O evento contou com as presen\u00e7as do prefeito de Salvador, Ant\u00f4nio Carlos Magalh\u00e3es Neto, da vice-prefeita e secret\u00e1ria de Cultura Esporte e Turismo(SECET), Iraci Gama,e de\u00a0 vereadores, secret\u00e1rios municipais e outras lideran\u00e7as.<\/span><\/p>\n<p><img decoding=\"async\" src=\"https:\/\/www.alagoinhas.ba.gov.br\/wp-content\/uploads\/2018\/09\/7-1024x682.jpg\" \/><\/p>\n<p style=\"text-align: justify;\"><span style=\"color: #000000;\">A Pra\u00e7a recebeu requalifica\u00e7\u00e3o completa e t\u00e3o logo aconteceu a retirada dos tapumes que protegiam o local durante as obras, pessoas de todas as idades j\u00e1 come\u00e7aram a fazer uso do espa\u00e7o. Com seis meses de dura\u00e7\u00e3o, a obra, que foi conduzida pela\u00a0 Secretaria Municipal de Infraestrutura (SECIN), resgatou urbanisticamente o espa\u00e7o, que ganhou nova pavimenta\u00e7\u00e3o, revestimentos de granito, novos bancos, piso podot\u00e1til, reforma completa da pra\u00e7a de alimenta\u00e7\u00e3o, projeto paisag\u00edstico, ilumina\u00e7\u00e3o especial,\u00a0 fonte com espelho d\u2019 \u00e1gua, playground com piso emborrachado, palco, pergolados com eucalipto tratado, 16 novos quiosques e um memorial dedicado \u00e0 Rui Barbosa.<\/span><\/p><div class=\"newsi-conteudo_19\" id=\"newsi-3901850477\"><a href=\"https:\/\/www.instagram.com\/prefeituraalagoinhas?igsh=YzgzdDJ1bWR3aWI4\" aria-label=\"SAVE_20251006_221555\"><img loading=\"lazy\" decoding=\"async\" src=\"https:\/\/newsinfoco.com.br\/inicio\/wp-content\/uploads\/2025\/10\/SAVE_20251006_221555-rotated.jpg\" alt=\"\"  srcset=\"https:\/\/newsinfoco.com.br\/inicio\/wp-content\/uploads\/2025\/10\/SAVE_20251006_221555-rotated.jpg 1140w, https:\/\/newsinfoco.com.br\/inicio\/wp-content\/uploads\/2025\/10\/SAVE_20251006_221555-300x52.jpg 300w, https:\/\/newsinfoco.com.br\/inicio\/wp-content\/uploads\/2025\/10\/SAVE_20251006_221555-1024x177.jpg 1024w, https:\/\/newsinfoco.com.br\/inicio\/wp-content\/uploads\/2025\/10\/SAVE_20251006_221555-768x133.jpg 768w, https:\/\/newsinfoco.com.br\/inicio\/wp-content\/uploads\/2025\/10\/SAVE_20251006_221555-600x104.jpg 600w, https:\/\/newsinfoco.com.br\/inicio\/wp-content\/uploads\/2025\/10\/SAVE_20251006_221555-696x120.jpg 696w, https:\/\/newsinfoco.com.br\/inicio\/wp-content\/uploads\/2025\/10\/SAVE_20251006_221555-1068x185.jpg 1068w\" sizes=\"(max-width: 1140px) 100vw, 1140px\" width=\"1140\" height=\"197\"   \/><\/a><\/div>\n<p><img decoding=\"async\" src=\"https:\/\/www.alagoinhas.ba.gov.br\/wp-content\/uploads\/2018\/09\/4-1024x721.jpg\" \/><\/p>\n<p style=\"text-align: justify;\"><span style=\"color: #000000;\">Emocionada, a vice prefeita falou sobre o resgate deste importante espa\u00e7o p\u00fablico de intera\u00e7\u00e3o social e express\u00f5es culturais. \u201cRui Barbosa voltou para onde jamais deveria ter sa\u00eddo. \u00c9 gratificante ver uma pra\u00e7a t\u00e3o linda como essa sendo devolvida\u00a0 para que a popula\u00e7\u00e3o volte a t\u00ea-la como refer\u00eancia de lazer e cultura e para que sejam constru\u00eddas nova mem\u00f3rias afetiva, disse Iraci Gama. \u201cA Pra\u00e7a que se chamava Pra\u00e7a da Rep\u00fablica recebeu o nome de um ilustre baiano que veio diversas vezes em Alagoinhas, cidade que elogiou pela sua pujan\u00e7a em seus escritos e\u00a0 discursos. Com essa revitaliza\u00e7\u00e3o, a sua relevante contribui\u00e7\u00e3o para o pa\u00eds estar\u00e1 disponibilizada para o conhecimento de todos, \u00e9 s\u00f3 visitar o espa\u00e7o que foi criado com muita dedica\u00e7\u00e3o\u201d, continuou a vice-prefeita, referindo-se \u00a0ao Memorial Rui Barbosa, localizado no centro da pra\u00e7a, e que abriga o antigo busto, totalmente restaurado, informa\u00e7\u00f5es sobre a biografia e uma est\u00e1tua do intelectual.<\/span><\/p>\n<p><img decoding=\"async\" src=\"https:\/\/www.alagoinhas.ba.gov.br\/wp-content\/uploads\/2018\/09\/6-1024x721.jpg\" \/><\/p>\n<p style=\"text-align: justify;\"><span style=\"color: #000000;\">Em seu pronunciamento, o prefeito de Salvador, ACM Neto, elogiou a gest\u00e3o municipal \u00a0e enfatizou a import\u00e2ncia da pra\u00e7a para os moradores e visitantes do munic\u00edpio.\u00a0 \u201cRui Barbosa, pela grandiosidade de sua obra e de seu legado, n\u00e3o poderia estar numa pra\u00e7a diferente dessa , com a beleza, capricho e modernidade que a gente est\u00e1 vendo no cora\u00e7\u00e3o da cidade. Vejam quantas pessoas est\u00e3o aqui hoje curtindo, aproveitando a pra\u00e7a , que sempre foi ponto de encontro, um ponto da vida de Alagoinhas. S\u00f3 que hoje ela est\u00e1 mais bonita e as pessoas podem bater no peito, com orgulho, que gra\u00e7as ao trabalho deste grande prefeito, Alagoinhas tem\u00a0 uma das pra\u00e7as mais bonitas deste grande Brasil\u201d, declarou.<\/span><\/p>\n<p style=\"text-align: justify;\"><span style=\"color: #000000;\">O prefeito Joaquim Neto pontuou diversos avan\u00e7os de sua gest\u00e3o e o cuidado especial que a prefeitura tem tido com com a qualidade de vida da popula\u00e7\u00e3o. \u201c \u00c9 imensa a alegria de, enquanto prefeito de Alagoinhas, poder entregar a pra\u00e7a, que \u00e9 um novo conceito deste tipo de espa\u00e7o na cidade. Sou morador do entorno, assim como cada morado e visitante tenho diversas lembran\u00e7as boas \u00a0e, sem d\u00favida, esta \u00e9 uma marca de uma gest\u00e3o eficiente que cuida das pessoas\u201d, afirmou o prefeito.<\/span><\/p>\n<p><img decoding=\"async\" src=\"https:\/\/www.alagoinhas.ba.gov.br\/wp-content\/uploads\/2018\/09\/5-1024x721.jpg\" \/><\/p>\n<p style=\"text-align: justify;\"><span style=\"color: #000000;\">Para garantir a preserva\u00e7\u00e3o do patrim\u00f4nio e prote\u00e7\u00e3o dos visitantes, a pra\u00e7a contar\u00e1 com a Guarda Municipal que cuidar\u00e1 do policiamento preventivo, enquanto n\u00e3o forem executados todos os processos licitat\u00f3rios para implanta\u00e7\u00e3o de um restaurante no espa\u00e7o. Uma das contrapartidas do empreendimento vencedor ser\u00e1 investimentos na seguran\u00e7a do local. \u201c Faremos um trabalho preventivo e depois da licita\u00e7\u00e3o, ser\u00e1 definido como se dar\u00e1 esse trabalho integrado\u201d, informou Alan Matos, comandante da Guarda Civil.<\/span><\/p>\n<p style=\"text-align: justify;\"><span style=\"color: #000000;\"><strong>Aprovada\u00a0<\/strong>\u2013 Considerada um novo conceito na cidade, a requalifica\u00e7\u00e3o foi aprovada pela popula\u00e7\u00e3o, que est\u00e1 aproveitando as diversas op\u00e7\u00f5es de lazer oferecidas. Moradora em uma rua localizada no entorno da pra\u00e7a h\u00e1 cerca de 20 anos, Rita de C\u00e1ssia Fran\u00e7a disse que gostou do espa\u00e7o, e que agora tem uma op\u00e7\u00e3o mais pr\u00f3xima de sua casa. \u201cAntes a gente tinha que ir para outros bairros e agora temos a pra\u00e7a de volta aqui pertinho\u201d, disse. \u201cNunca acreditei que veria esse espa\u00e7o desta forma. Queria muito que a minha princesa fosse crian\u00e7a novamente para que eu pudesse traz\u00ea-la para se divertir aqui\u201d, comenta Rita, que estava acompanhada de sua filha J\u00e9ssica, de 19 anos.<\/span><\/p>\n<p style=\"text-align: justify;\"><span style=\"color: #000000;\">Permission\u00e1rio de um dos boxes da \u00e1rea de alimenta\u00e7\u00e3o, Ant\u00f4nio Carlos, 36 anos de Pra\u00e7a Rui Barbosa, conta que come\u00e7ou com uma banca de revista e que o trabalho como comerciante foi e \u00e9 a \u00fanica renda com a qual contou e que conseguiu formar sua \u00fanica filhano curso de Nutri\u00e7\u00e3o. Ele comemorou muito o novo espa\u00e7o:\u201cEstou achando \u00f3timo. Esse era um local que estava abandonado, mas agora valoriza o com\u00e9rcio e, com certeza, j\u00e1 aumentou o movimento\u201d, disse.<\/span><\/p>\n<p style=\"text-align: justify;\"><span style=\"color: #000000;\">A festa de inaugura\u00e7\u00e3o da pra\u00e7a contou, ainda, com show pirot\u00e9cnico, apresenta\u00e7\u00e3o do Grupo de Capoeira Expansionismo e show da Banda Caras &amp; Coroas.<\/span><\/p>\n<h5 style=\"text-align: right;\"><span style=\"color: #999999;\">Fonte: SECOM SECET<\/span><\/h5>\n<p>&nbsp;<\/p>\n<div class='share-to-whatsapp-wrapper'><div class='share-on-whsp'>Share on: <\/div><a data-text='Grande p\u00fablico prestigia inaugura\u00e7\u00e3o da Nova Pra\u00e7a Rui Barbosa' data-link='https:\/\/newsinfoco.com.br\/inicio\/grande-publico-prestigia-inauguracao-da-nova-praca-rui-barbosa\/' class='whatsapp-button whatsapp-share'>WhatsApp<\/a><div class='clear '><\/div><\/div>","protected":false},"excerpt":{"rendered":"<p>Centenas de pessoas acompanharam a inaugura\u00e7\u00e3o, na noite desta quinta-feira (6), da Nova Pra\u00e7a Rui Barbosa. O evento contou com as presen\u00e7as do prefeito de Salvador, Ant\u00f4nio Carlos Magalh\u00e3es Neto, da vice-prefeita e secret\u00e1ria de Cultura Esporte e Turismo(SECET), Iraci Gama,e de\u00a0 vereadores, secret\u00e1rios municipais e outras lideran\u00e7as. A Pra\u00e7a recebeu requalifica\u00e7\u00e3o completa e t\u00e3o [&hellip;]<\/p>\n","protected":false},"author":1,"featured_media":9143,"comment_status":"open","ping_status":"open","sticky":false,"template":"","format":"standard","meta":{"om_disable_all_campaigns":false,"_exactmetrics_skip_tracking":false,"_exactmetrics_sitenote_active":false,"_exactmetrics_sitenote_note":"","_exactmetrics_sitenote_category":0,"footnotes":""},"categories":[38,30],"tags":[53,54,121],"class_list":["post-9142","post","type-post","status-publish","format-standard","has-post-thumbnail","hentry","category-alagoinhas-e-regiao","category-destaque","tag-alagoinhas","tag-prefeitura","tag-secom-secet"],"aioseo_notices":[],"_links":{"self":[{"href":"https:\/\/newsinfoco.com.br\/inicio\/wp-json\/wp\/v2\/posts\/9142","targetHints":{"allow":["GET"]}}],"collection":[{"href":"https:\/\/newsinfoco.com.br\/inicio\/wp-json\/wp\/v2\/posts"}],"about":[{"href":"https:\/\/newsinfoco.com.br\/inicio\/wp-json\/wp\/v2\/types\/post"}],"author":[{"embeddable":true,"href":"https:\/\/newsinfoco.com.br\/inicio\/wp-json\/wp\/v2\/users\/1"}],"replies":[{"embeddable":true,"href":"https:\/\/newsinfoco.com.br\/inicio\/wp-json\/wp\/v2\/comments?post=9142"}],"version-history":[{"count":0,"href":"https:\/\/newsinfoco.com.br\/inicio\/wp-json\/wp\/v2\/posts\/9142\/revisions"}],"wp:featuredmedia":[{"embeddable":true,"href":"https:\/\/newsinfoco.com.br\/inicio\/wp-json\/wp\/v2\/media\/9143"}],"wp:attachment":[{"href":"https:\/\/newsinfoco.com.br\/inicio\/wp-json\/wp\/v2\/media?parent=9142"}],"wp:term":[{"taxonomy":"category","embeddable":true,"href":"https:\/\/newsinfoco.com.br\/inicio\/wp-json\/wp\/v2\/categories?post=9142"},{"taxonomy":"post_tag","embeddable":true,"href":"https:\/\/newsinfoco.com.br\/inicio\/wp-json\/wp\/v2\/tags?post=9142"}],"curies":[{"name":"wp","href":"https:\/\/api.w.org\/{rel}","templated":true}]}}