{"id":9179,"date":"2018-09-08T13:40:45","date_gmt":"2018-09-08T16:40:45","guid":{"rendered":"http:\/\/newsinfoco.com.br\/?p=9179"},"modified":"2018-09-08T13:40:45","modified_gmt":"2018-09-08T16:40:45","slug":"criancas-vivem-a-tradicao-do-7-de-setembro-em-alagoinhas","status":"publish","type":"post","link":"https:\/\/newsinfoco.com.br\/inicio\/criancas-vivem-a-tradicao-do-7-de-setembro-em-alagoinhas\/","title":{"rendered":"Crian\u00e7as vivem a tradi\u00e7\u00e3o do 7 de setembro em Alagoinhas"},"content":{"rendered":"<p style=\"text-align: justify;\"><span style=\"color: #000000;\">Yasmin, 9, Maria, 3, Samuel, 3, Jo\u00e3o Lucas, 6, e Let\u00edcia, 5. O qu\u00ea eles t\u00eam em comum? Um crescente interesse pelo 7 de setembro. Os mais novos, principalmente, ainda n\u00e3o entendem o real significado da data, mas todos sabem que foi importante para a hist\u00f3ria do Brasil e querem comemorar, seja assistindo ou sonhando em um dia, quem sabe, tamb\u00e9m poder desfilar.<\/span><\/p>\n<p style=\"text-align: justify;\"><span style=\"color: #000000;\">Yasmin Paulina chegou \u00e0 Pra\u00e7a da Bandeira, no Centro de Alagoinhas, por volta das 5h, com os pais e o irm\u00e3o mais novo, de 3 anos. A m\u00e3e \u00e9 vendedora de DVDs e aproveita a data para fazer um extra. J\u00e1 a garota faz quest\u00e3o de estar presente, todos os anos, e participa s\u00f3 por prazer mesmo: \u201ceu fiquei ansiosa e nem consegui dormir que era pra n\u00e3o perder a hora. Minha m\u00e3e fica com pena de me acordar. Eu acho muito interessante o desfile\u201d.<\/span><\/p><div class=\"newsi-conteudo_19\" id=\"newsi-3719978792\"><a href=\"https:\/\/www.instagram.com\/prefeituraalagoinhas?igsh=YzgzdDJ1bWR3aWI4\" aria-label=\"SAVE_20251006_221555\"><img loading=\"lazy\" decoding=\"async\" src=\"https:\/\/newsinfoco.com.br\/inicio\/wp-content\/uploads\/2025\/10\/SAVE_20251006_221555-rotated.jpg\" alt=\"\"  srcset=\"https:\/\/newsinfoco.com.br\/inicio\/wp-content\/uploads\/2025\/10\/SAVE_20251006_221555-rotated.jpg 1140w, https:\/\/newsinfoco.com.br\/inicio\/wp-content\/uploads\/2025\/10\/SAVE_20251006_221555-300x52.jpg 300w, https:\/\/newsinfoco.com.br\/inicio\/wp-content\/uploads\/2025\/10\/SAVE_20251006_221555-1024x177.jpg 1024w, https:\/\/newsinfoco.com.br\/inicio\/wp-content\/uploads\/2025\/10\/SAVE_20251006_221555-768x133.jpg 768w, https:\/\/newsinfoco.com.br\/inicio\/wp-content\/uploads\/2025\/10\/SAVE_20251006_221555-600x104.jpg 600w, https:\/\/newsinfoco.com.br\/inicio\/wp-content\/uploads\/2025\/10\/SAVE_20251006_221555-696x120.jpg 696w, https:\/\/newsinfoco.com.br\/inicio\/wp-content\/uploads\/2025\/10\/SAVE_20251006_221555-1068x185.jpg 1068w\" sizes=\"(max-width: 1140px) 100vw, 1140px\" width=\"1140\" height=\"197\"   \/><\/a><\/div>\n<p><img decoding=\"async\" src=\"https:\/\/www.alagoinhas.ba.gov.br\/wp-content\/uploads\/2018\/09\/WhatsApp-Image-2018-09-07-at-13.40.51-1024x768.jpeg\" \/><\/p>\n<p style=\"text-align: justify;\"><span style=\"color: #000000;\">Quando questionada sobre a data, ela tem a oportunidade de mostrar o que apreendeu na escola e responde rapidamente, sem deixar espa\u00e7o para inseguran\u00e7a: \u201cfoi quando Jo\u00e3o Pedro I veio aqui ao Brasil pra tentar salvar o Brasil. Porque o Brasil, tudo que fazia aqui ia pra Portugal. Ent\u00e3o ele falou que n\u00e3o podia mais ficar acontecendo isso. Ele chegou, foi l\u00e1 numa praia, a\u00ed ele levantou a espada e gritou: independ\u00eancia ou morte!\u201d<\/span><\/p>\n<p><img decoding=\"async\" src=\"https:\/\/www.alagoinhas.ba.gov.br\/wp-content\/uploads\/2018\/09\/WhatsApp-Image-2018-09-07-at-13.42.45-1024x678.jpeg\" \/><\/p>\n<p style=\"text-align: justify;\"><span style=\"color: #000000;\">Para a pequena Maria, 3, a experi\u00eancia \u00e9 bem diferente. Em seu primeiro ano nas comemora\u00e7\u00f5es, a crian\u00e7a mant\u00e9m o olhar fixo na avenida. Segundo a m\u00e3e, Laisse Santana, 23, Maria sempre teve curiosidade em assistir o desfile. \u201cEra o sonho dela\u201d, afirmou Laisse, que estudou em Col\u00e9gio Militar, desfilou durante muitos anos e, por entender esse momento importante, estimula agora a filha a tamb\u00e9m ser patriota.<\/span><\/p>\n<p style=\"text-align: justify;\"><span style=\"color: #000000;\">Samuel da Silva Filho, 3, chegou despertando aten\u00e7\u00e3o com sua farda de militar. A ideia foi do pai, Samuel da Silva, que \u00e9 militar da Caatinga. \u201cMesmo pequeno a gente traz pra ele j\u00e1 ir percebendo a import\u00e2ncia da nossa p\u00e1tria e da hist\u00f3ria do nosso pa\u00eds\u201d, comento<\/span><\/p>\n<p><img decoding=\"async\" src=\"https:\/\/www.alagoinhas.ba.gov.br\/wp-content\/uploads\/2018\/09\/WhatsApp-Image-2018-09-07-at-13.42.04-1024x678.jpeg\" \/><\/p>\n<p style=\"text-align: justify;\"><span style=\"color: #000000;\">O militar mirim deu tanta import\u00e2ncia ao desafio que, durante o desfile, se comportou como um verdadeiro oficial, inclusive durante as fotos que tirou com desconhecidos. A cada registro, a pose se repetia automaticamente: postura ereta, bra\u00e7os cruzados nas costas e um quase sorriso no rosto.<\/span><\/p>\n<p style=\"text-align: justify;\"><span style=\"color: #000000;\">Os pequenos podem at\u00e9 n\u00e3o entender em profundidade o que \u00e9 essa tal \u201cindepend\u00eancia do Brasil\u201d. Fato \u00e9 que eles trazem felicidade e renova\u00e7\u00e3o \u00e0s comemora\u00e7\u00f5es pelos 196 anos da p\u00e1tria amada.<\/span><\/p>\n<p style=\"text-align: justify;\"><span style=\"color: #000000;\"><img decoding=\"async\" src=\"https:\/\/www.alagoinhas.ba.gov.br\/wp-content\/uploads\/2018\/09\/WhatsApp-Image-2018-09-07-at-13.43.11-1024x678.jpeg\" \/><\/span><\/p>\n<p><a href=\"http:\/\/newsinfoco.com.br\/wp-content\/uploads\/2018\/09\/44483457392_62f46435dc_z.jpg\"><img loading=\"lazy\" decoding=\"async\" class=\"alignnone  wp-image-9165\" src=\"http:\/\/newsinfoco.com.br\/wp-content\/uploads\/2018\/09\/44483457392_62f46435dc_z-300x199.jpg\" alt=\"\" width=\"686\" height=\"455\" srcset=\"https:\/\/newsinfoco.com.br\/inicio\/wp-content\/uploads\/2018\/09\/44483457392_62f46435dc_z-300x199.jpg 300w, https:\/\/newsinfoco.com.br\/inicio\/wp-content\/uploads\/2018\/09\/44483457392_62f46435dc_z-600x398.jpg 600w, https:\/\/newsinfoco.com.br\/inicio\/wp-content\/uploads\/2018\/09\/44483457392_62f46435dc_z-634x420.jpg 634w, https:\/\/newsinfoco.com.br\/inicio\/wp-content\/uploads\/2018\/09\/44483457392_62f46435dc_z.jpg 640w\" sizes=\"auto, (max-width: 686px) 100vw, 686px\" \/><\/a><\/p>\n<p style=\"text-align: right;\">Fonte: SECOM<\/p>\n<div class='share-to-whatsapp-wrapper'><div class='share-on-whsp'>Share on: <\/div><a data-text='Crian\u00e7as vivem a tradi\u00e7\u00e3o do 7 de setembro em Alagoinhas' data-link='https:\/\/newsinfoco.com.br\/inicio\/criancas-vivem-a-tradicao-do-7-de-setembro-em-alagoinhas\/' class='whatsapp-button whatsapp-share'>WhatsApp<\/a><div class='clear '><\/div><\/div>","protected":false},"excerpt":{"rendered":"<p>Yasmin, 9, Maria, 3, Samuel, 3, Jo\u00e3o Lucas, 6, e Let\u00edcia, 5. O qu\u00ea eles t\u00eam em comum? Um crescente interesse pelo 7 de setembro. Os mais novos, principalmente, ainda n\u00e3o entendem o real significado da data, mas todos sabem que foi importante para a hist\u00f3ria do Brasil e querem comemorar, seja assistindo ou sonhando [&hellip;]<\/p>\n","protected":false},"author":1,"featured_media":9180,"comment_status":"open","ping_status":"open","sticky":false,"template":"","format":"standard","meta":{"om_disable_all_campaigns":false,"_exactmetrics_skip_tracking":false,"_exactmetrics_sitenote_active":false,"_exactmetrics_sitenote_note":"","_exactmetrics_sitenote_category":0,"footnotes":""},"categories":[38,30],"tags":[53,54,56],"class_list":["post-9179","post","type-post","status-publish","format-standard","has-post-thumbnail","hentry","category-alagoinhas-e-regiao","category-destaque","tag-alagoinhas","tag-prefeitura","tag-secom"],"aioseo_notices":[],"_links":{"self":[{"href":"https:\/\/newsinfoco.com.br\/inicio\/wp-json\/wp\/v2\/posts\/9179","targetHints":{"allow":["GET"]}}],"collection":[{"href":"https:\/\/newsinfoco.com.br\/inicio\/wp-json\/wp\/v2\/posts"}],"about":[{"href":"https:\/\/newsinfoco.com.br\/inicio\/wp-json\/wp\/v2\/types\/post"}],"author":[{"embeddable":true,"href":"https:\/\/newsinfoco.com.br\/inicio\/wp-json\/wp\/v2\/users\/1"}],"replies":[{"embeddable":true,"href":"https:\/\/newsinfoco.com.br\/inicio\/wp-json\/wp\/v2\/comments?post=9179"}],"version-history":[{"count":0,"href":"https:\/\/newsinfoco.com.br\/inicio\/wp-json\/wp\/v2\/posts\/9179\/revisions"}],"wp:featuredmedia":[{"embeddable":true,"href":"https:\/\/newsinfoco.com.br\/inicio\/wp-json\/wp\/v2\/media\/9180"}],"wp:attachment":[{"href":"https:\/\/newsinfoco.com.br\/inicio\/wp-json\/wp\/v2\/media?parent=9179"}],"wp:term":[{"taxonomy":"category","embeddable":true,"href":"https:\/\/newsinfoco.com.br\/inicio\/wp-json\/wp\/v2\/categories?post=9179"},{"taxonomy":"post_tag","embeddable":true,"href":"https:\/\/newsinfoco.com.br\/inicio\/wp-json\/wp\/v2\/tags?post=9179"}],"curies":[{"name":"wp","href":"https:\/\/api.w.org\/{rel}","templated":true}]}}