{"id":9182,"date":"2018-09-09T13:01:11","date_gmt":"2018-09-09T16:01:11","guid":{"rendered":"http:\/\/newsinfoco.com.br\/?p=9182"},"modified":"2018-09-09T13:01:11","modified_gmt":"2018-09-09T16:01:11","slug":"nota-de-esclarecimento-prefeitura-de-alagoinhas-se-manifesta-sobre-video-gravado-na-fonte-da-praca-recem-inaugurada","status":"publish","type":"post","link":"https:\/\/newsinfoco.com.br\/inicio\/nota-de-esclarecimento-prefeitura-de-alagoinhas-se-manifesta-sobre-video-gravado-na-fonte-da-praca-recem-inaugurada\/","title":{"rendered":"Nota de esclarecimento: Prefeitura de Alagoinhas se manifesta sobre v\u00eddeo gravado na fonte da pra\u00e7a rec\u00e9m-inaugurada"},"content":{"rendered":"<p style=\"text-align: justify;\"><span style=\"color: #000000;\">Em decorr\u00eancia das imagens divulgadas nas redes sociais, em que jovens mergulham na \u00e1gua da fonte rec\u00e9m-inaugurada da Pra\u00e7a Ruy Barbosa, em Alagoinhas, a Prefeitura Municipal informa que tem se articulado, junto \u00e0s secretarias municipais, para conscientizar os cidad\u00e3os sobre a import\u00e2ncia de conserva\u00e7\u00e3o dos espa\u00e7os p\u00fablicos.<\/span><\/p>\n<p style=\"text-align: justify;\"><span style=\"color: #000000;\">A gest\u00e3o entende que a nova Pra\u00e7a Ruy Barbosa, totalmente requalificada, foi muito bem acolhida pela popula\u00e7\u00e3o e sabe que crian\u00e7as, jovens, adultos e idosos aguardavam h\u00e1 tempos que o equipamento p\u00fablico que lhes \u00e9 de direito fosse devolvido \u00e0 popula\u00e7\u00e3o com qualidade.<\/span><\/p><div class=\"newsi-conteudo_19\" id=\"newsi-1548199246\"><a href=\"https:\/\/www.instagram.com\/prefeituraalagoinhas?igsh=YzgzdDJ1bWR3aWI4\" aria-label=\"SAVE_20251006_221555\"><img loading=\"lazy\" decoding=\"async\" src=\"https:\/\/newsinfoco.com.br\/inicio\/wp-content\/uploads\/2025\/10\/SAVE_20251006_221555-rotated.jpg\" alt=\"\"  srcset=\"https:\/\/newsinfoco.com.br\/inicio\/wp-content\/uploads\/2025\/10\/SAVE_20251006_221555-rotated.jpg 1140w, https:\/\/newsinfoco.com.br\/inicio\/wp-content\/uploads\/2025\/10\/SAVE_20251006_221555-300x52.jpg 300w, https:\/\/newsinfoco.com.br\/inicio\/wp-content\/uploads\/2025\/10\/SAVE_20251006_221555-1024x177.jpg 1024w, https:\/\/newsinfoco.com.br\/inicio\/wp-content\/uploads\/2025\/10\/SAVE_20251006_221555-768x133.jpg 768w, https:\/\/newsinfoco.com.br\/inicio\/wp-content\/uploads\/2025\/10\/SAVE_20251006_221555-600x104.jpg 600w, https:\/\/newsinfoco.com.br\/inicio\/wp-content\/uploads\/2025\/10\/SAVE_20251006_221555-696x120.jpg 696w, https:\/\/newsinfoco.com.br\/inicio\/wp-content\/uploads\/2025\/10\/SAVE_20251006_221555-1068x185.jpg 1068w\" sizes=\"(max-width: 1140px) 100vw, 1140px\" width=\"1140\" height=\"197\"   \/><\/a><\/div>\n<p style=\"text-align: justify;\"><span style=\"color: #000000;\">Foi pensando em estreitar os la\u00e7os com a comunidade em um espa\u00e7o pac\u00edfico de divers\u00e3o e compartilhamento que o poder p\u00fablico municipal dedicou esfor\u00e7os a resgatar urbanisticamente o local e \u00e9 gratificante para a gest\u00e3o ver o entusiasmo das pessoas e a euforia dos cidad\u00e3os que n\u00e3o imaginavam essa transforma\u00e7\u00e3o no centro da cidade. \u00c9 por isso que a Prefeitura enfatiza a necessidade do cumprimento de normas de conduta que mantenham o espa\u00e7o seguro e agrad\u00e1vel para o uso do bem comum.<\/span><\/p>\n<p style=\"text-align: justify;\"><span style=\"color: #000000;\">Como se trata de um equipamento para uso coletivo, \u00e9 importante que as pessoas se atentem para os atos que interferem n\u00e3o apenas no patrim\u00f4nio p\u00fablico, mas no espa\u00e7o que \u00e9 de todos.<\/span><\/p>\n<p style=\"text-align: justify;\"><span style=\"color: #000000;\">A nova Pra\u00e7a Ruy Barbosa entregue \u00e0 popula\u00e7\u00e3o conta com projeto de paisagismo, nova pavimenta\u00e7\u00e3o, revestimentos de granito, bancos, piso podot\u00e1til, playground emborrachado, 16 quiosques, pergolados de eucalipto tratado e espelho d\u2019\u00e1gua, e a Administra\u00e7\u00e3o P\u00fablica sabe que \u00e9 direito garantido que as pessoas usufruam de todo o espa\u00e7o em completude.<\/span><\/p>\n<p style=\"text-align: justify;\"><span style=\"color: #000000;\">\u00c9 porque se preocupa com o bom uso da \u00e1rea que a gest\u00e3o municipal pede o apoio da popula\u00e7\u00e3o para a preserva\u00e7\u00e3o da qualidade do ambiente urbano.<\/span><\/p>\n<p style=\"text-align: justify;\"><span style=\"color: #000000;\">A Prefeitura se compromete com a promo\u00e7\u00e3o de a\u00e7\u00f5es de conscientiza\u00e7\u00e3o para que o cidad\u00e3o possa, junto com a fam\u00edlia, desfrutar tranquilamente do espa\u00e7o que foi revitalizado para toda a sociedade.<\/span><\/p>\n<h5 style=\"text-align: right;\"><span style=\"color: #999999;\">Fonte: SECOM\u00a0<\/span><\/h5>\n<div style=\"text-align: justify;\" align=\"right\"><\/div>\n<div class='share-to-whatsapp-wrapper'><div class='share-on-whsp'>Share on: <\/div><a data-text='Nota de esclarecimento: Prefeitura de Alagoinhas se manifesta sobre v\u00eddeo gravado na fonte da pra\u00e7a rec\u00e9m-inaugurada' data-link='https:\/\/newsinfoco.com.br\/inicio\/nota-de-esclarecimento-prefeitura-de-alagoinhas-se-manifesta-sobre-video-gravado-na-fonte-da-praca-recem-inaugurada\/' class='whatsapp-button whatsapp-share'>WhatsApp<\/a><div class='clear '><\/div><\/div>","protected":false},"excerpt":{"rendered":"<p>Em decorr\u00eancia das imagens divulgadas nas redes sociais, em que jovens mergulham na \u00e1gua da fonte rec\u00e9m-inaugurada da Pra\u00e7a Ruy Barbosa, em Alagoinhas, a Prefeitura Municipal informa que tem se articulado, junto \u00e0s secretarias municipais, para conscientizar os cidad\u00e3os sobre a import\u00e2ncia de conserva\u00e7\u00e3o dos espa\u00e7os p\u00fablicos. A gest\u00e3o entende que a nova Pra\u00e7a Ruy [&hellip;]<\/p>\n","protected":false},"author":1,"featured_media":9183,"comment_status":"open","ping_status":"open","sticky":false,"template":"","format":"standard","meta":{"om_disable_all_campaigns":false,"_exactmetrics_skip_tracking":false,"_exactmetrics_sitenote_active":false,"_exactmetrics_sitenote_note":"","_exactmetrics_sitenote_category":0,"footnotes":""},"categories":[38,30],"tags":[53,54,56],"class_list":["post-9182","post","type-post","status-publish","format-standard","has-post-thumbnail","hentry","category-alagoinhas-e-regiao","category-destaque","tag-alagoinhas","tag-prefeitura","tag-secom"],"aioseo_notices":[],"_links":{"self":[{"href":"https:\/\/newsinfoco.com.br\/inicio\/wp-json\/wp\/v2\/posts\/9182","targetHints":{"allow":["GET"]}}],"collection":[{"href":"https:\/\/newsinfoco.com.br\/inicio\/wp-json\/wp\/v2\/posts"}],"about":[{"href":"https:\/\/newsinfoco.com.br\/inicio\/wp-json\/wp\/v2\/types\/post"}],"author":[{"embeddable":true,"href":"https:\/\/newsinfoco.com.br\/inicio\/wp-json\/wp\/v2\/users\/1"}],"replies":[{"embeddable":true,"href":"https:\/\/newsinfoco.com.br\/inicio\/wp-json\/wp\/v2\/comments?post=9182"}],"version-history":[{"count":0,"href":"https:\/\/newsinfoco.com.br\/inicio\/wp-json\/wp\/v2\/posts\/9182\/revisions"}],"wp:featuredmedia":[{"embeddable":true,"href":"https:\/\/newsinfoco.com.br\/inicio\/wp-json\/wp\/v2\/media\/9183"}],"wp:attachment":[{"href":"https:\/\/newsinfoco.com.br\/inicio\/wp-json\/wp\/v2\/media?parent=9182"}],"wp:term":[{"taxonomy":"category","embeddable":true,"href":"https:\/\/newsinfoco.com.br\/inicio\/wp-json\/wp\/v2\/categories?post=9182"},{"taxonomy":"post_tag","embeddable":true,"href":"https:\/\/newsinfoco.com.br\/inicio\/wp-json\/wp\/v2\/tags?post=9182"}],"curies":[{"name":"wp","href":"https:\/\/api.w.org\/{rel}","templated":true}]}}