{"id":9185,"date":"2018-09-10T09:41:24","date_gmt":"2018-09-10T12:41:24","guid":{"rendered":"http:\/\/newsinfoco.com.br\/?p=9185"},"modified":"2018-09-10T09:41:24","modified_gmt":"2018-09-10T12:41:24","slug":"em-busca-dos-votos-de-lula-ciro-se-concentra-no-nordeste","status":"publish","type":"post","link":"https:\/\/newsinfoco.com.br\/inicio\/em-busca-dos-votos-de-lula-ciro-se-concentra-no-nordeste\/","title":{"rendered":"Em busca dos votos de Lula, Ciro se concentra no Nordeste"},"content":{"rendered":"<p style=\"text-align: justify;\"><span style=\"color: #000000;\">Com o ex-presidente Lula (PT) \u00e0 beira de anunciar a <a style=\"color: #000000;\" href=\"http:\/\/bahia.ba\/eleicoes2018\/pt-marca-reuniao-em-data-limite-para-substituicao-de-lula\/\" target=\"_blank\" rel=\"noopener\">sa\u00edda<\/a> do p\u00e1reo na corrida eleitoral, o ex-ministro Ciro Gomes (PDT) vai concentrar a campanha na tentativa de herdar os votos do petista no Nordeste.<\/span><\/p>\n<p style=\"text-align: justify;\"><span style=\"color: #000000;\">Segundo a coluna Painel, do jornal Folha de S.Paulo, cearense, o pedetista j\u00e1 vai colocar no ar, durante a propaganda eleitoral na TV, imagens de suas viagens pela regi\u00e3o e alegar ao eleitorado o fato de ser o \u00fanico nordestino na disputa.<\/span><\/p><div class=\"newsi-conteudo_19\" id=\"newsi-3564148517\"><a href=\"https:\/\/www.instagram.com\/prefeituraalagoinhas?igsh=YzgzdDJ1bWR3aWI4\" aria-label=\"SAVE_20251006_221555\"><img loading=\"lazy\" decoding=\"async\" src=\"https:\/\/newsinfoco.com.br\/inicio\/wp-content\/uploads\/2025\/10\/SAVE_20251006_221555-rotated.jpg\" alt=\"\"  srcset=\"https:\/\/newsinfoco.com.br\/inicio\/wp-content\/uploads\/2025\/10\/SAVE_20251006_221555-rotated.jpg 1140w, https:\/\/newsinfoco.com.br\/inicio\/wp-content\/uploads\/2025\/10\/SAVE_20251006_221555-300x52.jpg 300w, https:\/\/newsinfoco.com.br\/inicio\/wp-content\/uploads\/2025\/10\/SAVE_20251006_221555-1024x177.jpg 1024w, https:\/\/newsinfoco.com.br\/inicio\/wp-content\/uploads\/2025\/10\/SAVE_20251006_221555-768x133.jpg 768w, https:\/\/newsinfoco.com.br\/inicio\/wp-content\/uploads\/2025\/10\/SAVE_20251006_221555-600x104.jpg 600w, https:\/\/newsinfoco.com.br\/inicio\/wp-content\/uploads\/2025\/10\/SAVE_20251006_221555-696x120.jpg 696w, https:\/\/newsinfoco.com.br\/inicio\/wp-content\/uploads\/2025\/10\/SAVE_20251006_221555-1068x185.jpg 1068w\" sizes=\"(max-width: 1140px) 100vw, 1140px\" width=\"1140\" height=\"197\"   \/><\/a><\/div>\n<p>&nbsp;<\/p>\n<div class='share-to-whatsapp-wrapper'><div class='share-on-whsp'>Share on: <\/div><a data-text='Em busca dos votos de Lula, Ciro se concentra no Nordeste' data-link='https:\/\/newsinfoco.com.br\/inicio\/em-busca-dos-votos-de-lula-ciro-se-concentra-no-nordeste\/' class='whatsapp-button whatsapp-share'>WhatsApp<\/a><div class='clear '><\/div><\/div>","protected":false},"excerpt":{"rendered":"<p>Com o ex-presidente Lula (PT) \u00e0 beira de anunciar a sa\u00edda do p\u00e1reo na corrida eleitoral, o ex-ministro Ciro Gomes (PDT) vai concentrar a campanha na tentativa de herdar os votos do petista no Nordeste. Segundo a coluna Painel, do jornal Folha de S.Paulo, cearense, o pedetista j\u00e1 vai colocar no ar, durante a propaganda [&hellip;]<\/p>\n","protected":false},"author":1,"featured_media":9186,"comment_status":"open","ping_status":"open","sticky":false,"template":"","format":"standard","meta":{"om_disable_all_campaigns":false,"_exactmetrics_skip_tracking":false,"_exactmetrics_sitenote_active":false,"_exactmetrics_sitenote_note":"","_exactmetrics_sitenote_category":0,"footnotes":""},"categories":[21],"tags":[],"class_list":["post-9185","post","type-post","status-publish","format-standard","has-post-thumbnail","hentry","category-brasil"],"aioseo_notices":[],"_links":{"self":[{"href":"https:\/\/newsinfoco.com.br\/inicio\/wp-json\/wp\/v2\/posts\/9185","targetHints":{"allow":["GET"]}}],"collection":[{"href":"https:\/\/newsinfoco.com.br\/inicio\/wp-json\/wp\/v2\/posts"}],"about":[{"href":"https:\/\/newsinfoco.com.br\/inicio\/wp-json\/wp\/v2\/types\/post"}],"author":[{"embeddable":true,"href":"https:\/\/newsinfoco.com.br\/inicio\/wp-json\/wp\/v2\/users\/1"}],"replies":[{"embeddable":true,"href":"https:\/\/newsinfoco.com.br\/inicio\/wp-json\/wp\/v2\/comments?post=9185"}],"version-history":[{"count":0,"href":"https:\/\/newsinfoco.com.br\/inicio\/wp-json\/wp\/v2\/posts\/9185\/revisions"}],"wp:featuredmedia":[{"embeddable":true,"href":"https:\/\/newsinfoco.com.br\/inicio\/wp-json\/wp\/v2\/media\/9186"}],"wp:attachment":[{"href":"https:\/\/newsinfoco.com.br\/inicio\/wp-json\/wp\/v2\/media?parent=9185"}],"wp:term":[{"taxonomy":"category","embeddable":true,"href":"https:\/\/newsinfoco.com.br\/inicio\/wp-json\/wp\/v2\/categories?post=9185"},{"taxonomy":"post_tag","embeddable":true,"href":"https:\/\/newsinfoco.com.br\/inicio\/wp-json\/wp\/v2\/tags?post=9185"}],"curies":[{"name":"wp","href":"https:\/\/api.w.org\/{rel}","templated":true}]}}