{"id":9188,"date":"2018-09-10T09:43:34","date_gmt":"2018-09-10T12:43:34","guid":{"rendered":"http:\/\/newsinfoco.com.br\/?p=9188"},"modified":"2018-09-10T09:43:34","modified_gmt":"2018-09-10T12:43:34","slug":"general-do-exercito-diz-que-ataque-a-bolsonaro-coloca-novo-governo-em-pauta","status":"publish","type":"post","link":"https:\/\/newsinfoco.com.br\/inicio\/general-do-exercito-diz-que-ataque-a-bolsonaro-coloca-novo-governo-em-pauta\/","title":{"rendered":"General do Ex\u00e9rcito diz que ataque a Bolsonaro coloca novo governo em pauta"},"content":{"rendered":"<p style=\"text-align: justify;\">O comandante do Ex\u00e9rcito, general Eduardo Villas Boas, disse que o ataque a Jair Bolsonaro (PSL) pode provocar futuramente questionamentos \u00e0 legitimidade do novo governo. \u201cPor exemplo, em rela\u00e7\u00e3o a Bolsonaro, em ele n\u00e3o sendo eleito, ele pode dizer que prejudicaram a campanha dele. E, sendo eleito, provavelmente ser\u00e1 dito que ele foi beneficiado pelo atentado, porque gerou como\u00e7\u00e3o\u201d, afirmou. \u201cDa\u00ed altera o ritmo geral das coisas e \u00e9 muito preocupante\u201d, completou.<\/p>\n<p style=\"text-align: justify;\">As declara\u00e7\u00f5es do general foram dadas em entrevista exclusiva ao jornal\u00a0<em>O Estado de S.Paulo<\/em>, publicada neste domingo (9). Villas Boas avaliou que a viol\u00eancia contra Bolsonaro \u201cconfirma que estamos construindo dificuldades para que o novo governo tenha estabilidade para sua governabilidade\u201d. Segundo ele, o ataque confirma ainda \u201ca intoler\u00e2ncia generalizada e a falta de capacidade\u201d de se colocar os interesses do pa\u00eds \u201cacima das quest\u00f5es pol\u00edticas, ideol\u00f3gicas e pessoais\u201d.<\/p><div class=\"newsi-conteudo_19\" id=\"newsi-653189075\"><a href=\"https:\/\/www.instagram.com\/prefeituraalagoinhas?igsh=YzgzdDJ1bWR3aWI4\" aria-label=\"SAVE_20251006_221555\"><img loading=\"lazy\" decoding=\"async\" src=\"https:\/\/newsinfoco.com.br\/inicio\/wp-content\/uploads\/2025\/10\/SAVE_20251006_221555-rotated.jpg\" alt=\"\"  srcset=\"https:\/\/newsinfoco.com.br\/inicio\/wp-content\/uploads\/2025\/10\/SAVE_20251006_221555-rotated.jpg 1140w, https:\/\/newsinfoco.com.br\/inicio\/wp-content\/uploads\/2025\/10\/SAVE_20251006_221555-300x52.jpg 300w, https:\/\/newsinfoco.com.br\/inicio\/wp-content\/uploads\/2025\/10\/SAVE_20251006_221555-1024x177.jpg 1024w, https:\/\/newsinfoco.com.br\/inicio\/wp-content\/uploads\/2025\/10\/SAVE_20251006_221555-768x133.jpg 768w, https:\/\/newsinfoco.com.br\/inicio\/wp-content\/uploads\/2025\/10\/SAVE_20251006_221555-600x104.jpg 600w, https:\/\/newsinfoco.com.br\/inicio\/wp-content\/uploads\/2025\/10\/SAVE_20251006_221555-696x120.jpg 696w, https:\/\/newsinfoco.com.br\/inicio\/wp-content\/uploads\/2025\/10\/SAVE_20251006_221555-1068x185.jpg 1068w\" sizes=\"(max-width: 1140px) 100vw, 1140px\" width=\"1140\" height=\"197\"   \/><\/a><\/div>\n<p style=\"text-align: justify;\">O chefe do Ex\u00e9rcito negou que Jair Bolsonaro seja o candidato das For\u00e7as Armadas e que o seu eventual governo venha a ser \u201cmilitar\u201d. Ele destacou que as For\u00e7as Armadas s\u00e3o \u201capol\u00edticas e apartid\u00e1rias\u201d e t\u00eam compromisso com a estabilidade, qualquer que seja o governo eleito pelo povo. \u201cA instabilidade \u00e9 que mobiliza nossa atua\u00e7\u00e3o\u201d, disse, citando como exemplo a greve dos caminhoneiros.<\/p>\n<p style=\"text-align: justify;\">O general Villas Boas defendeu ainda que os candidatos preguem a harmonia em seus discursos. Ele apelou para que controv\u00e9rsias jur\u00eddicas n\u00e3o tirem a tranquilidade do processo eleitoral.<\/p>\n<p style=\"text-align: justify;\"><strong>Lula \u2013\u00a0<\/strong>Villas Boas classificou como \u201cinvas\u00e3o \u00e0 soberania nacional\u201d o parecer da Comissao de Direitos Humanos da ONU em favor da candidatura de Lula (PT), que teve seu registro negado pela Justi\u00e7a Eleitoral. Afirmou, por fim, que a Constitui\u00e7\u00e3o e a Lei da Ficha Limpa valem para todos.<\/p>\n<p style=\"text-align: justify;\">Em nota divulgada neste domingo, o PT repudiou a entrevista do general Villas Boas, classificando-a como \u201cgrave epis\u00f3dio de insubordina\u00e7\u00e3o de um comandante das For\u00e7as Armadas ao papel que lhe foi delimitado\u201d pela Constitui\u00e7\u00e3o.<\/p>\n<p style=\"text-align: justify;\">Para o PT, a manifesta\u00e7\u00e3o do general tem car\u00e1ter pol\u00edtico e visa \u201ctutelar as institui\u00e7\u00f5es republicanas\u201d, mais especificamente o Judici\u00e1rio, \u201cque ainda examina recursos processuais leg\u00edtimos em rela\u00e7\u00e3o ao ex-presidente Lula\u201d. Na nota, o partido convoca \u201cas for\u00e7as democr\u00e1ticas do pa\u00eds\u201d a condenar as declara\u00e7\u00f5es de Villas Boas.<\/p>\n<h6 style=\"text-align: right;\"><span style=\"color: #999999;\">fonte: Agencia Brasil<\/span><\/h6>\n<div class='share-to-whatsapp-wrapper'><div class='share-on-whsp'>Share on: <\/div><a data-text='General do Ex\u00e9rcito diz que ataque a Bolsonaro coloca novo governo em pauta' data-link='https:\/\/newsinfoco.com.br\/inicio\/general-do-exercito-diz-que-ataque-a-bolsonaro-coloca-novo-governo-em-pauta\/' class='whatsapp-button whatsapp-share'>WhatsApp<\/a><div class='clear '><\/div><\/div>","protected":false},"excerpt":{"rendered":"<p>O comandante do Ex\u00e9rcito, general Eduardo Villas Boas, disse que o ataque a Jair Bolsonaro (PSL) pode provocar futuramente questionamentos \u00e0 legitimidade do novo governo. \u201cPor exemplo, em rela\u00e7\u00e3o a Bolsonaro, em ele n\u00e3o sendo eleito, ele pode dizer que prejudicaram a campanha dele. E, sendo eleito, provavelmente ser\u00e1 dito que ele foi beneficiado pelo [&hellip;]<\/p>\n","protected":false},"author":1,"featured_media":9189,"comment_status":"open","ping_status":"open","sticky":false,"template":"","format":"standard","meta":{"om_disable_all_campaigns":false,"_exactmetrics_skip_tracking":false,"_exactmetrics_sitenote_active":false,"_exactmetrics_sitenote_note":"","_exactmetrics_sitenote_category":0,"footnotes":""},"categories":[21],"tags":[],"class_list":["post-9188","post","type-post","status-publish","format-standard","has-post-thumbnail","hentry","category-brasil"],"aioseo_notices":[],"_links":{"self":[{"href":"https:\/\/newsinfoco.com.br\/inicio\/wp-json\/wp\/v2\/posts\/9188","targetHints":{"allow":["GET"]}}],"collection":[{"href":"https:\/\/newsinfoco.com.br\/inicio\/wp-json\/wp\/v2\/posts"}],"about":[{"href":"https:\/\/newsinfoco.com.br\/inicio\/wp-json\/wp\/v2\/types\/post"}],"author":[{"embeddable":true,"href":"https:\/\/newsinfoco.com.br\/inicio\/wp-json\/wp\/v2\/users\/1"}],"replies":[{"embeddable":true,"href":"https:\/\/newsinfoco.com.br\/inicio\/wp-json\/wp\/v2\/comments?post=9188"}],"version-history":[{"count":0,"href":"https:\/\/newsinfoco.com.br\/inicio\/wp-json\/wp\/v2\/posts\/9188\/revisions"}],"wp:featuredmedia":[{"embeddable":true,"href":"https:\/\/newsinfoco.com.br\/inicio\/wp-json\/wp\/v2\/media\/9189"}],"wp:attachment":[{"href":"https:\/\/newsinfoco.com.br\/inicio\/wp-json\/wp\/v2\/media?parent=9188"}],"wp:term":[{"taxonomy":"category","embeddable":true,"href":"https:\/\/newsinfoco.com.br\/inicio\/wp-json\/wp\/v2\/categories?post=9188"},{"taxonomy":"post_tag","embeddable":true,"href":"https:\/\/newsinfoco.com.br\/inicio\/wp-json\/wp\/v2\/tags?post=9188"}],"curies":[{"name":"wp","href":"https:\/\/api.w.org\/{rel}","templated":true}]}}