{"id":9289,"date":"2018-09-11T11:18:50","date_gmt":"2018-09-11T14:18:50","guid":{"rendered":"http:\/\/newsinfoco.com.br\/?p=9289"},"modified":"2018-09-11T11:18:50","modified_gmt":"2018-09-11T14:18:50","slug":"alagoinhas-reparos-e-seguranca-garantem-preservacao-da-praca-rui-barbosa","status":"publish","type":"post","link":"https:\/\/newsinfoco.com.br\/inicio\/alagoinhas-reparos-e-seguranca-garantem-preservacao-da-praca-rui-barbosa\/","title":{"rendered":"Alagoinhas: Reparos e seguran\u00e7a garantem preserva\u00e7\u00e3o da Pra\u00e7a Rui Barbosa"},"content":{"rendered":"<p style=\"text-align: justify;\">Foram iniciadas, na manh\u00e3 desta segunda-feira(10) servi\u00e7os de recupera\u00e7\u00e3o da Pra\u00e7a Rui Barbosa, inaugurada na \u00faltima quinta-feira (06). O trabalho come\u00e7ou ap\u00f3s uma reuni\u00e3o entre os secret\u00e1rios de Infraestrutura, Andr\u00e9 Carvalho, de Servi\u00e7os P\u00fablicos (SESEP), Harnoldo Azi e o representante dos permission\u00e1rios, Lu\u00eds Eduardo Farias (Duda dos Churros), na qual foram analisados todos os pontos que precisar\u00e3o de reparos ou modifica\u00e7\u00f5es, em raz\u00e3o dos danos causados pelo grande fluxo de pessoas que transitaram pelo local ap\u00f3s \u00e0 entrega do espa\u00e7o e que tamb\u00e9m foram evidenciados ap\u00f3s \u00e0s chuvas nos \u00faltimos dias. \u201cEstivemos hoje na pra\u00e7a Rui Barbosa para vistoriar as avarias causadas no piso, no deck da fonte, em v\u00e1rias lixeiras, pe\u00e7as de granito, e para definir as medidas que ser\u00e3o tomadas para um melhor escoamento da \u00e1gua e para resolver vazamentos identificados em algumas coberturas de policarbonato\u201d informou o secret\u00e1rio da SECIN, Andr\u00e9 Carvalho.<\/p>\n<p style=\"text-align: justify;\">A\u00e7\u00f5es relativas \u00e0 manuten\u00e7\u00e3o, conserva\u00e7\u00e3o e a seguran\u00e7a no novo equipamento de lazer foram outros pontos discutidos entre os secret\u00e1rios e o representante dos permission\u00e1rios. \u201cEm vista dos epis\u00f3dios de mau uso do novo equipamento de lazer, nos reuniremos, nesta ter\u00e7a- feira, dia 11, com o prefeito Joaquim Neto, a vice-prefeita Iraci Gama, SESEP, Secretaria de Assist\u00eancia Social (SEMAS) e com a Guarda Municipal para alinharmos as a\u00e7\u00f5es que ser\u00e3o desenvolvidas para que a preserva\u00e7\u00e3o da pra\u00e7a seja feita da forma eficaz\u201d, disse Andr\u00e9 Carvalho.<\/p><div class=\"newsi-conteudo_19\" id=\"newsi-533669723\"><a href=\"https:\/\/www.instagram.com\/prefeituraalagoinhas?igsh=YzgzdDJ1bWR3aWI4\" aria-label=\"SAVE_20251006_221555\"><img loading=\"lazy\" decoding=\"async\" src=\"https:\/\/newsinfoco.com.br\/inicio\/wp-content\/uploads\/2025\/10\/SAVE_20251006_221555-rotated.jpg\" alt=\"\"  srcset=\"https:\/\/newsinfoco.com.br\/inicio\/wp-content\/uploads\/2025\/10\/SAVE_20251006_221555-rotated.jpg 1140w, https:\/\/newsinfoco.com.br\/inicio\/wp-content\/uploads\/2025\/10\/SAVE_20251006_221555-300x52.jpg 300w, https:\/\/newsinfoco.com.br\/inicio\/wp-content\/uploads\/2025\/10\/SAVE_20251006_221555-1024x177.jpg 1024w, https:\/\/newsinfoco.com.br\/inicio\/wp-content\/uploads\/2025\/10\/SAVE_20251006_221555-768x133.jpg 768w, https:\/\/newsinfoco.com.br\/inicio\/wp-content\/uploads\/2025\/10\/SAVE_20251006_221555-600x104.jpg 600w, https:\/\/newsinfoco.com.br\/inicio\/wp-content\/uploads\/2025\/10\/SAVE_20251006_221555-696x120.jpg 696w, https:\/\/newsinfoco.com.br\/inicio\/wp-content\/uploads\/2025\/10\/SAVE_20251006_221555-1068x185.jpg 1068w\" sizes=\"(max-width: 1140px) 100vw, 1140px\" width=\"1140\" height=\"197\"   \/><\/a><\/div>\n<p style=\"text-align: justify;\"><strong>Seguran\u00e7a:\u00a0<\/strong>Para garantir a preserva\u00e7\u00e3o do patrim\u00f4nio e prote\u00e7\u00e3o dos visitantes, a Guarda Municipal, que est\u00e1 instalada provisoriamente em uma base na regi\u00e3o central da pra\u00e7a , vem realizando o policiamento preventivo, enquanto n\u00e3o forem executados todos os processos licitat\u00f3rios para implanta\u00e7\u00e3o de um restaurante no espa\u00e7o. Uma das contrapartidas do empreendimento ser\u00e1 investimentos na seguran\u00e7a do local.\u00a0 \u201cA prefeitura est\u00e1 se empenhando para promover a seguran\u00e7a das fam\u00edlias que frequentam a pra\u00e7a e para garantir a preserva\u00e7\u00e3o deste espa\u00e7o p\u00fablico t\u00e3o importante e que foi muito desejado. E isso \u00e9 apenas o come\u00e7o, iremos avan\u00e7ar ainda mais quando integrarmos as a\u00e7\u00f5es com a iniciativa privada\u201d, disse o prefeito Joaquim Neto em visita ao local neste domingo.<\/p>\n<h6 style=\"text-align: right;\"><span style=\"color: #999999;\">fonte: Secom Alagoinhas<\/span><\/h6>\n<div class='share-to-whatsapp-wrapper'><div class='share-on-whsp'>Share on: <\/div><a data-text='Alagoinhas: Reparos e seguran\u00e7a garantem preserva\u00e7\u00e3o da Pra\u00e7a Rui Barbosa' data-link='https:\/\/newsinfoco.com.br\/inicio\/alagoinhas-reparos-e-seguranca-garantem-preservacao-da-praca-rui-barbosa\/' class='whatsapp-button whatsapp-share'>WhatsApp<\/a><div class='clear '><\/div><\/div>","protected":false},"excerpt":{"rendered":"<p>Foram iniciadas, na manh\u00e3 desta segunda-feira(10) servi\u00e7os de recupera\u00e7\u00e3o da Pra\u00e7a Rui Barbosa, inaugurada na \u00faltima quinta-feira (06). O trabalho come\u00e7ou ap\u00f3s uma reuni\u00e3o entre os secret\u00e1rios de Infraestrutura, Andr\u00e9 Carvalho, de Servi\u00e7os P\u00fablicos (SESEP), Harnoldo Azi e o representante dos permission\u00e1rios, Lu\u00eds Eduardo Farias (Duda dos Churros), na qual foram analisados todos os pontos [&hellip;]<\/p>\n","protected":false},"author":1,"featured_media":9290,"comment_status":"open","ping_status":"open","sticky":false,"template":"","format":"standard","meta":{"om_disable_all_campaigns":false,"_exactmetrics_skip_tracking":false,"_exactmetrics_sitenote_active":false,"_exactmetrics_sitenote_note":"","_exactmetrics_sitenote_category":0,"footnotes":""},"categories":[38,30],"tags":[],"class_list":["post-9289","post","type-post","status-publish","format-standard","has-post-thumbnail","hentry","category-alagoinhas-e-regiao","category-destaque"],"aioseo_notices":[],"_links":{"self":[{"href":"https:\/\/newsinfoco.com.br\/inicio\/wp-json\/wp\/v2\/posts\/9289","targetHints":{"allow":["GET"]}}],"collection":[{"href":"https:\/\/newsinfoco.com.br\/inicio\/wp-json\/wp\/v2\/posts"}],"about":[{"href":"https:\/\/newsinfoco.com.br\/inicio\/wp-json\/wp\/v2\/types\/post"}],"author":[{"embeddable":true,"href":"https:\/\/newsinfoco.com.br\/inicio\/wp-json\/wp\/v2\/users\/1"}],"replies":[{"embeddable":true,"href":"https:\/\/newsinfoco.com.br\/inicio\/wp-json\/wp\/v2\/comments?post=9289"}],"version-history":[{"count":0,"href":"https:\/\/newsinfoco.com.br\/inicio\/wp-json\/wp\/v2\/posts\/9289\/revisions"}],"wp:featuredmedia":[{"embeddable":true,"href":"https:\/\/newsinfoco.com.br\/inicio\/wp-json\/wp\/v2\/media\/9290"}],"wp:attachment":[{"href":"https:\/\/newsinfoco.com.br\/inicio\/wp-json\/wp\/v2\/media?parent=9289"}],"wp:term":[{"taxonomy":"category","embeddable":true,"href":"https:\/\/newsinfoco.com.br\/inicio\/wp-json\/wp\/v2\/categories?post=9289"},{"taxonomy":"post_tag","embeddable":true,"href":"https:\/\/newsinfoco.com.br\/inicio\/wp-json\/wp\/v2\/tags?post=9289"}],"curies":[{"name":"wp","href":"https:\/\/api.w.org\/{rel}","templated":true}]}}