{"id":9306,"date":"2018-09-11T16:22:13","date_gmt":"2018-09-11T19:22:13","guid":{"rendered":"http:\/\/newsinfoco.com.br\/?p=9306"},"modified":"2018-09-11T16:22:13","modified_gmt":"2018-09-11T19:22:13","slug":"servidores-da-semas-recebem-curso-de-qualidade-no-atendimento","status":"publish","type":"post","link":"https:\/\/newsinfoco.com.br\/inicio\/servidores-da-semas-recebem-curso-de-qualidade-no-atendimento\/","title":{"rendered":"Servidores da Semas recebem curso de Qualidade no Atendimento"},"content":{"rendered":"<p style=\"text-align: justify;\">Oferecer um bom atendimento a quem necessita dos servi\u00e7os p\u00fablicos, aperfei\u00e7oando as compet\u00eancias interpessoais \u00e9 o objetivo do curso de Qualidade no Atendimento ao Cliente, que est\u00e1 sendo oferecido aos servidores da Secretaria de Assist\u00eancia Social (SEMAS). A iniciativa partiu do secret\u00e1rio da pasta, Alfredo Menezes e \u00e9 ministrado pelo SENAC Alagoinhas. Com carga hor\u00e1ria de 24h, o treinamento ocorreu durante as manh\u00e3s e tardes desta segunda e ter\u00e7a-feira(10 e 11), e ter\u00e1 continuidade nos dias 17 e 18 de setembro, tamb\u00e9m nos dois turnos.<\/p>\n<p><img decoding=\"async\" src=\"https:\/\/www.alagoinhas.ba.gov.br\/wp-content\/uploads\/2018\/09\/fa0ef3f4-457f-4543-94f2-e3af7862787c-1-1024x768.jpg\" \/><\/p>\n<p style=\"text-align: justify;\">Para a coordenadora do Cad\u00danico, Vict\u00f3ria Oliveira, a participa\u00e7\u00e3o no treinamento tem sido uma excelente oportunidade para refletir sobre a import\u00e2ncia do seu papel enquanto servidora p\u00fablica. \u201d T\u00eam sido horas de bastante aprendizado, fortalecimento de v\u00ednculos e alinhamento interno\u201d, afirmou.<\/p><div class=\"newsi-conteudo_19\" id=\"newsi-3447882788\"><a href=\"https:\/\/www.instagram.com\/prefeituraalagoinhas?igsh=YzgzdDJ1bWR3aWI4\" aria-label=\"SAVE_20251006_221555\"><img loading=\"lazy\" decoding=\"async\" src=\"https:\/\/newsinfoco.com.br\/inicio\/wp-content\/uploads\/2025\/10\/SAVE_20251006_221555-rotated.jpg\" alt=\"\"  srcset=\"https:\/\/newsinfoco.com.br\/inicio\/wp-content\/uploads\/2025\/10\/SAVE_20251006_221555-rotated.jpg 1140w, https:\/\/newsinfoco.com.br\/inicio\/wp-content\/uploads\/2025\/10\/SAVE_20251006_221555-300x52.jpg 300w, https:\/\/newsinfoco.com.br\/inicio\/wp-content\/uploads\/2025\/10\/SAVE_20251006_221555-1024x177.jpg 1024w, https:\/\/newsinfoco.com.br\/inicio\/wp-content\/uploads\/2025\/10\/SAVE_20251006_221555-768x133.jpg 768w, https:\/\/newsinfoco.com.br\/inicio\/wp-content\/uploads\/2025\/10\/SAVE_20251006_221555-600x104.jpg 600w, https:\/\/newsinfoco.com.br\/inicio\/wp-content\/uploads\/2025\/10\/SAVE_20251006_221555-696x120.jpg 696w, https:\/\/newsinfoco.com.br\/inicio\/wp-content\/uploads\/2025\/10\/SAVE_20251006_221555-1068x185.jpg 1068w\" sizes=\"(max-width: 1140px) 100vw, 1140px\" width=\"1140\" height=\"197\"   \/><\/a><\/div>\n<p style=\"text-align: justify;\">\u201cO curso \u00e9 mais uma a\u00e7\u00e3o voltada para a valoriza\u00e7\u00e3o do servidor e ao aprimoramento da gest\u00e3o p\u00fablica\u201d, enfatizou Alfredo Menezes. \u201d Os processos formativos \u00a0t\u00eam redundado em um trabalho mais eficiente, que se transforma em beneficio ao cidad\u00e3o.Todos ganham\u201d, continuou.<\/p>\n<h5 style=\"text-align: right;\"><span style=\"color: #999999;\">Fonte: SECOM SEMAS<\/span><\/h5>\n<div class='share-to-whatsapp-wrapper'><div class='share-on-whsp'>Share on: <\/div><a data-text='Servidores da Semas recebem curso de Qualidade no Atendimento' data-link='https:\/\/newsinfoco.com.br\/inicio\/servidores-da-semas-recebem-curso-de-qualidade-no-atendimento\/' class='whatsapp-button whatsapp-share'>WhatsApp<\/a><div class='clear '><\/div><\/div>","protected":false},"excerpt":{"rendered":"<p>Oferecer um bom atendimento a quem necessita dos servi\u00e7os p\u00fablicos, aperfei\u00e7oando as compet\u00eancias interpessoais \u00e9 o objetivo do curso de Qualidade no Atendimento ao Cliente, que est\u00e1 sendo oferecido aos servidores da Secretaria de Assist\u00eancia Social (SEMAS). A iniciativa partiu do secret\u00e1rio da pasta, Alfredo Menezes e \u00e9 ministrado pelo SENAC Alagoinhas. Com carga hor\u00e1ria [&hellip;]<\/p>\n","protected":false},"author":1,"featured_media":9307,"comment_status":"open","ping_status":"open","sticky":false,"template":"","format":"standard","meta":{"om_disable_all_campaigns":false,"_exactmetrics_skip_tracking":false,"_exactmetrics_sitenote_active":false,"_exactmetrics_sitenote_note":"","_exactmetrics_sitenote_category":0,"footnotes":""},"categories":[38,30],"tags":[53,54,120],"class_list":["post-9306","post","type-post","status-publish","format-standard","has-post-thumbnail","hentry","category-alagoinhas-e-regiao","category-destaque","tag-alagoinhas","tag-prefeitura","tag-secom-semas"],"aioseo_notices":[],"_links":{"self":[{"href":"https:\/\/newsinfoco.com.br\/inicio\/wp-json\/wp\/v2\/posts\/9306","targetHints":{"allow":["GET"]}}],"collection":[{"href":"https:\/\/newsinfoco.com.br\/inicio\/wp-json\/wp\/v2\/posts"}],"about":[{"href":"https:\/\/newsinfoco.com.br\/inicio\/wp-json\/wp\/v2\/types\/post"}],"author":[{"embeddable":true,"href":"https:\/\/newsinfoco.com.br\/inicio\/wp-json\/wp\/v2\/users\/1"}],"replies":[{"embeddable":true,"href":"https:\/\/newsinfoco.com.br\/inicio\/wp-json\/wp\/v2\/comments?post=9306"}],"version-history":[{"count":0,"href":"https:\/\/newsinfoco.com.br\/inicio\/wp-json\/wp\/v2\/posts\/9306\/revisions"}],"wp:featuredmedia":[{"embeddable":true,"href":"https:\/\/newsinfoco.com.br\/inicio\/wp-json\/wp\/v2\/media\/9307"}],"wp:attachment":[{"href":"https:\/\/newsinfoco.com.br\/inicio\/wp-json\/wp\/v2\/media?parent=9306"}],"wp:term":[{"taxonomy":"category","embeddable":true,"href":"https:\/\/newsinfoco.com.br\/inicio\/wp-json\/wp\/v2\/categories?post=9306"},{"taxonomy":"post_tag","embeddable":true,"href":"https:\/\/newsinfoco.com.br\/inicio\/wp-json\/wp\/v2\/tags?post=9306"}],"curies":[{"name":"wp","href":"https:\/\/api.w.org\/{rel}","templated":true}]}}