{"id":9378,"date":"2018-09-13T10:17:42","date_gmt":"2018-09-13T13:17:42","guid":{"rendered":"http:\/\/newsinfoco.com.br\/?p=9378"},"modified":"2018-09-13T10:17:42","modified_gmt":"2018-09-13T13:17:42","slug":"rui-costa-vai-culpar-sao-pedro-pelas-barragens-que-nao-construiu-critica-ze-ronaldo","status":"publish","type":"post","link":"https:\/\/newsinfoco.com.br\/inicio\/rui-costa-vai-culpar-sao-pedro-pelas-barragens-que-nao-construiu-critica-ze-ronaldo\/","title":{"rendered":"Rui Costa vai culpar S\u00e3o Pedro pelas barragens que n\u00e3o construiu, critica Z\u00e9 Ronaldo"},"content":{"rendered":"<div class=\"text-descricao\">\n<p style=\"text-align: justify;\">O candidato do DEM ao governo do estado, Z\u00e9 Ronaldo, criticou nesta quarta-feira (12) a a atua\u00e7\u00e3o do governador Rui Costa contra o problema da seca. Durante visita \u00e0s cidades de Antas, Santa Br\u00edgida e Paulo Afonso, ele apontou a falta de \u00e1gua como grande desafio do sert\u00e3o baiano.<\/p>\n<p style=\"text-align: justify;\">\u201cDessa vez ele certamente vai culpar S\u00e3o Pedro pelas barragens que n\u00e3o construiu\u201d, criticou o candidato. Segundo ele, dados da Superintend\u00eancia de Defesa Civil indicam que 194 munic\u00edpios baianos est\u00e3o em situa\u00e7\u00e3o de emerg\u00eancia, envolvendo 25% da popula\u00e7\u00e3o baiana, o equivalente a 4,1 milh\u00f5es de habitantes.<\/p><div class=\"newsi-conteudo_19\" id=\"newsi-3363443868\"><a href=\"https:\/\/www.instagram.com\/prefeituraalagoinhas?igsh=YzgzdDJ1bWR3aWI4\" aria-label=\"SAVE_20251006_221555\"><img loading=\"lazy\" decoding=\"async\" src=\"https:\/\/newsinfoco.com.br\/inicio\/wp-content\/uploads\/2025\/10\/SAVE_20251006_221555-rotated.jpg\" alt=\"\"  srcset=\"https:\/\/newsinfoco.com.br\/inicio\/wp-content\/uploads\/2025\/10\/SAVE_20251006_221555-rotated.jpg 1140w, https:\/\/newsinfoco.com.br\/inicio\/wp-content\/uploads\/2025\/10\/SAVE_20251006_221555-300x52.jpg 300w, https:\/\/newsinfoco.com.br\/inicio\/wp-content\/uploads\/2025\/10\/SAVE_20251006_221555-1024x177.jpg 1024w, https:\/\/newsinfoco.com.br\/inicio\/wp-content\/uploads\/2025\/10\/SAVE_20251006_221555-768x133.jpg 768w, https:\/\/newsinfoco.com.br\/inicio\/wp-content\/uploads\/2025\/10\/SAVE_20251006_221555-600x104.jpg 600w, https:\/\/newsinfoco.com.br\/inicio\/wp-content\/uploads\/2025\/10\/SAVE_20251006_221555-696x120.jpg 696w, https:\/\/newsinfoco.com.br\/inicio\/wp-content\/uploads\/2025\/10\/SAVE_20251006_221555-1068x185.jpg 1068w\" sizes=\"(max-width: 1140px) 100vw, 1140px\" width=\"1140\" height=\"197\"   \/><\/a><\/div>\n<p style=\"text-align: justify;\">Z\u00e9 Ronaldo apontou ainda que um dos seus projetos no seu plano de governo consiste na constru\u00e7\u00e3o de uma rede de barragens de m\u00e9dio e pequeno porte, al\u00e9m da implanta\u00e7\u00e3o de adutoras e a perfura\u00e7\u00e3o de po\u00e7os tubulares profundos.<\/p>\n<\/div>\n<div class='share-to-whatsapp-wrapper'><div class='share-on-whsp'>Share on: <\/div><a data-text='Rui Costa vai culpar S\u00e3o Pedro pelas barragens que n\u00e3o construiu, critica Z\u00e9 Ronaldo' data-link='https:\/\/newsinfoco.com.br\/inicio\/rui-costa-vai-culpar-sao-pedro-pelas-barragens-que-nao-construiu-critica-ze-ronaldo\/' class='whatsapp-button whatsapp-share'>WhatsApp<\/a><div class='clear '><\/div><\/div>","protected":false},"excerpt":{"rendered":"<p>O candidato do DEM ao governo do estado, Z\u00e9 Ronaldo, criticou nesta quarta-feira (12) a a atua\u00e7\u00e3o do governador Rui Costa contra o problema da seca. Durante visita \u00e0s cidades de Antas, Santa Br\u00edgida e Paulo Afonso, ele apontou a falta de \u00e1gua como grande desafio do sert\u00e3o baiano. \u201cDessa vez ele certamente vai culpar [&hellip;]<\/p>\n","protected":false},"author":1,"featured_media":9379,"comment_status":"open","ping_status":"open","sticky":false,"template":"","format":"standard","meta":{"om_disable_all_campaigns":false,"_exactmetrics_skip_tracking":false,"_exactmetrics_sitenote_active":false,"_exactmetrics_sitenote_note":"","_exactmetrics_sitenote_category":0,"footnotes":""},"categories":[19],"tags":[],"class_list":["post-9378","post","type-post","status-publish","format-standard","has-post-thumbnail","hentry","category-bahia"],"aioseo_notices":[],"_links":{"self":[{"href":"https:\/\/newsinfoco.com.br\/inicio\/wp-json\/wp\/v2\/posts\/9378","targetHints":{"allow":["GET"]}}],"collection":[{"href":"https:\/\/newsinfoco.com.br\/inicio\/wp-json\/wp\/v2\/posts"}],"about":[{"href":"https:\/\/newsinfoco.com.br\/inicio\/wp-json\/wp\/v2\/types\/post"}],"author":[{"embeddable":true,"href":"https:\/\/newsinfoco.com.br\/inicio\/wp-json\/wp\/v2\/users\/1"}],"replies":[{"embeddable":true,"href":"https:\/\/newsinfoco.com.br\/inicio\/wp-json\/wp\/v2\/comments?post=9378"}],"version-history":[{"count":0,"href":"https:\/\/newsinfoco.com.br\/inicio\/wp-json\/wp\/v2\/posts\/9378\/revisions"}],"wp:featuredmedia":[{"embeddable":true,"href":"https:\/\/newsinfoco.com.br\/inicio\/wp-json\/wp\/v2\/media\/9379"}],"wp:attachment":[{"href":"https:\/\/newsinfoco.com.br\/inicio\/wp-json\/wp\/v2\/media?parent=9378"}],"wp:term":[{"taxonomy":"category","embeddable":true,"href":"https:\/\/newsinfoco.com.br\/inicio\/wp-json\/wp\/v2\/categories?post=9378"},{"taxonomy":"post_tag","embeddable":true,"href":"https:\/\/newsinfoco.com.br\/inicio\/wp-json\/wp\/v2\/tags?post=9378"}],"curies":[{"name":"wp","href":"https:\/\/api.w.org\/{rel}","templated":true}]}}