{"id":9381,"date":"2018-09-13T10:21:11","date_gmt":"2018-09-13T13:21:11","guid":{"rendered":"http:\/\/newsinfoco.com.br\/?p=9381"},"modified":"2018-09-13T10:21:11","modified_gmt":"2018-09-13T13:21:11","slug":"do-lado-de-rui-marcelo-nilo-declara-apoio-a-jutahy-junior-para-o-senado","status":"publish","type":"post","link":"https:\/\/newsinfoco.com.br\/inicio\/do-lado-de-rui-marcelo-nilo-declara-apoio-a-jutahy-junior-para-o-senado\/","title":{"rendered":"Do lado de Rui, Marcelo Nilo declara apoio a Jutahy J\u00fanior para o Senado"},"content":{"rendered":"<p style=\"text-align: justify;\">Se depender de Marcelo Nilo (PSB), o desejo de Rui Costa (PT) de eleger os dois candidatos ao Senado da sua chapa n\u00e3o vai se realizar. Nilo, candidato a deputado federal pela coliga\u00e7\u00e3o do governador, declarou que ir\u00e1 apoiar Jutahy Magalh\u00e3es J\u00fanior (PSDB) nas elei\u00e7\u00f5es deste ano. O tucano \u00e9 a aposta da majorit\u00e1ria no grupo de oposi\u00e7\u00e3o a Rui, encabe\u00e7ado por Jos\u00e9 Ronaldo (DEM), e recebe o refor\u00e7o\u00a0de Nilo na candidatura, que naturalmente deveria ser para Angelo Coronel (PSD).<\/p>\n<p style=\"text-align: justify;\">&#8220;Eu e Jutahy come\u00e7amos na pol\u00edtica juntos. Ele \u00e9 meu compadre. Sempre votei com ele e entramos na pol\u00edtica juntos em 1990. Eu acredito que ele merece meu voto&#8221;, justificou o deputado estadual.<\/p><div class=\"newsi-conteudo_19\" id=\"newsi-2309308705\"><a href=\"https:\/\/www.instagram.com\/prefeituraalagoinhas?igsh=YzgzdDJ1bWR3aWI4\" aria-label=\"SAVE_20251006_221555\"><img loading=\"lazy\" decoding=\"async\" src=\"https:\/\/newsinfoco.com.br\/inicio\/wp-content\/uploads\/2025\/10\/SAVE_20251006_221555-rotated.jpg\" alt=\"\"  srcset=\"https:\/\/newsinfoco.com.br\/inicio\/wp-content\/uploads\/2025\/10\/SAVE_20251006_221555-rotated.jpg 1140w, https:\/\/newsinfoco.com.br\/inicio\/wp-content\/uploads\/2025\/10\/SAVE_20251006_221555-300x52.jpg 300w, https:\/\/newsinfoco.com.br\/inicio\/wp-content\/uploads\/2025\/10\/SAVE_20251006_221555-1024x177.jpg 1024w, https:\/\/newsinfoco.com.br\/inicio\/wp-content\/uploads\/2025\/10\/SAVE_20251006_221555-768x133.jpg 768w, https:\/\/newsinfoco.com.br\/inicio\/wp-content\/uploads\/2025\/10\/SAVE_20251006_221555-600x104.jpg 600w, https:\/\/newsinfoco.com.br\/inicio\/wp-content\/uploads\/2025\/10\/SAVE_20251006_221555-696x120.jpg 696w, https:\/\/newsinfoco.com.br\/inicio\/wp-content\/uploads\/2025\/10\/SAVE_20251006_221555-1068x185.jpg 1068w\" sizes=\"(max-width: 1140px) 100vw, 1140px\" width=\"1140\" height=\"197\"   \/><\/a><\/div>\n<p style=\"text-align: justify;\">O apoio de Nilo para Jutahy faz parte do conjunto de rea\u00e7\u00f5es diversas dentro do PSB ap\u00f3s Angelo Coronel (PSD) ser confirmado candidato ao Senado no lugar de L\u00eddice da Mata (PSB) na chapa petista. A rela\u00e7\u00e3o entre os dois deputados estaduais tamb\u00e9m n\u00e3o \u00e9 das melhores desde que o antecessor de Coronel como presidente da Assembleia Legislativa da Bahia (AL-BA) perdeu a elei\u00e7\u00e3o para a chefia da casa.<\/p>\n<p style=\"text-align: justify;\">Nilo ainda explica que o apoio no time advers\u00e1rio \u00e9 justific\u00e1vel, pois o seu partido, o PSB, n\u00e3o determinou um segundo nome para o Senado. \u201cSe o partido tivesse fechado quest\u00e3o, eu votaria com Coronel. Entretanto, o PSB n\u00e3o fechou. Durante as reuni\u00f5es nem se tocou no assunto de apoio a um segundo nome\u201d, disse.<\/p>\n<p style=\"text-align: justify;\">Al\u00e9m da posi\u00e7\u00e3o dissidente do deputado estadual, o presidente do PSB em Salvador, Waldemar Oliveira, j\u00e1 declarou que vai apoiar Celsinho Cotrim (PRTB) como senador e Domingos Leonelli, secret\u00e1rio-geral do partido, declarou apoio a F\u00e1bio Nogueira, do PSOL, na corrida.<\/p>\n<p style=\"text-align: right;\"><span style=\"color: #999999;\">Por Lucas Arraz para o Bahianoticias<\/span><\/p>\n<p>&nbsp;<\/p>\n<div class='share-to-whatsapp-wrapper'><div class='share-on-whsp'>Share on: <\/div><a data-text='Do lado de Rui, Marcelo Nilo declara apoio a Jutahy J\u00fanior para o Senado' data-link='https:\/\/newsinfoco.com.br\/inicio\/do-lado-de-rui-marcelo-nilo-declara-apoio-a-jutahy-junior-para-o-senado\/' class='whatsapp-button whatsapp-share'>WhatsApp<\/a><div class='clear '><\/div><\/div>","protected":false},"excerpt":{"rendered":"<p>Se depender de Marcelo Nilo (PSB), o desejo de Rui Costa (PT) de eleger os dois candidatos ao Senado da sua chapa n\u00e3o vai se realizar. Nilo, candidato a deputado federal pela coliga\u00e7\u00e3o do governador, declarou que ir\u00e1 apoiar Jutahy Magalh\u00e3es J\u00fanior (PSDB) nas elei\u00e7\u00f5es deste ano. O tucano \u00e9 a aposta da majorit\u00e1ria no [&hellip;]<\/p>\n","protected":false},"author":1,"featured_media":9382,"comment_status":"open","ping_status":"open","sticky":false,"template":"","format":"standard","meta":{"om_disable_all_campaigns":false,"_exactmetrics_skip_tracking":false,"_exactmetrics_sitenote_active":false,"_exactmetrics_sitenote_note":"","_exactmetrics_sitenote_category":0,"footnotes":""},"categories":[19],"tags":[],"class_list":["post-9381","post","type-post","status-publish","format-standard","has-post-thumbnail","hentry","category-bahia"],"aioseo_notices":[],"_links":{"self":[{"href":"https:\/\/newsinfoco.com.br\/inicio\/wp-json\/wp\/v2\/posts\/9381","targetHints":{"allow":["GET"]}}],"collection":[{"href":"https:\/\/newsinfoco.com.br\/inicio\/wp-json\/wp\/v2\/posts"}],"about":[{"href":"https:\/\/newsinfoco.com.br\/inicio\/wp-json\/wp\/v2\/types\/post"}],"author":[{"embeddable":true,"href":"https:\/\/newsinfoco.com.br\/inicio\/wp-json\/wp\/v2\/users\/1"}],"replies":[{"embeddable":true,"href":"https:\/\/newsinfoco.com.br\/inicio\/wp-json\/wp\/v2\/comments?post=9381"}],"version-history":[{"count":0,"href":"https:\/\/newsinfoco.com.br\/inicio\/wp-json\/wp\/v2\/posts\/9381\/revisions"}],"wp:featuredmedia":[{"embeddable":true,"href":"https:\/\/newsinfoco.com.br\/inicio\/wp-json\/wp\/v2\/media\/9382"}],"wp:attachment":[{"href":"https:\/\/newsinfoco.com.br\/inicio\/wp-json\/wp\/v2\/media?parent=9381"}],"wp:term":[{"taxonomy":"category","embeddable":true,"href":"https:\/\/newsinfoco.com.br\/inicio\/wp-json\/wp\/v2\/categories?post=9381"},{"taxonomy":"post_tag","embeddable":true,"href":"https:\/\/newsinfoco.com.br\/inicio\/wp-json\/wp\/v2\/tags?post=9381"}],"curies":[{"name":"wp","href":"https:\/\/api.w.org\/{rel}","templated":true}]}}