{"id":9393,"date":"2018-09-13T10:37:33","date_gmt":"2018-09-13T13:37:33","guid":{"rendered":"http:\/\/newsinfoco.com.br\/?p=9393"},"modified":"2018-09-13T10:37:33","modified_gmt":"2018-09-13T13:37:33","slug":"john-legend-e-o-primeiro-artista-negro-a-ganhar-emmy-grammy-oscar-e-tony","status":"publish","type":"post","link":"https:\/\/newsinfoco.com.br\/inicio\/john-legend-e-o-primeiro-artista-negro-a-ganhar-emmy-grammy-oscar-e-tony\/","title":{"rendered":"John Legend \u00e9 o primeiro artista negro a ganhar Emmy, Grammy, Oscar e Tony"},"content":{"rendered":"<p style=\"text-align: justify;\">No \u00faltimo domingo (9), o ator, cantor e compositor John Legend venceu o pr\u00eamio de\u00a0Melhor Programa de Variedades no Emmy Awards pelo seu trabalho no especial\u00a0<em>Jesus Christ Superstar<\/em>. Seria apenas mais uma das estatueta do evento, que entregou os chamados pr\u00eamios preliminares (a cerim\u00f4nia oficial \u00e9 no pr\u00f3ximo dia 17), n\u00e3o fosse por um fator a mais: com isso, Legend se tornou o primeiro homem negro a conquistar o Egot.<\/p>\n<p style=\"text-align: justify;\">\u201cEg\u201d o qu\u00ea? Calma, a gente explica.<\/p><div class=\"newsi-conteudo_19\" id=\"newsi-4050590139\"><a href=\"https:\/\/www.instagram.com\/prefeituraalagoinhas?igsh=YzgzdDJ1bWR3aWI4\" aria-label=\"SAVE_20251006_221555\"><img loading=\"lazy\" decoding=\"async\" src=\"https:\/\/newsinfoco.com.br\/inicio\/wp-content\/uploads\/2025\/10\/SAVE_20251006_221555-rotated.jpg\" alt=\"\"  srcset=\"https:\/\/newsinfoco.com.br\/inicio\/wp-content\/uploads\/2025\/10\/SAVE_20251006_221555-rotated.jpg 1140w, https:\/\/newsinfoco.com.br\/inicio\/wp-content\/uploads\/2025\/10\/SAVE_20251006_221555-300x52.jpg 300w, https:\/\/newsinfoco.com.br\/inicio\/wp-content\/uploads\/2025\/10\/SAVE_20251006_221555-1024x177.jpg 1024w, https:\/\/newsinfoco.com.br\/inicio\/wp-content\/uploads\/2025\/10\/SAVE_20251006_221555-768x133.jpg 768w, https:\/\/newsinfoco.com.br\/inicio\/wp-content\/uploads\/2025\/10\/SAVE_20251006_221555-600x104.jpg 600w, https:\/\/newsinfoco.com.br\/inicio\/wp-content\/uploads\/2025\/10\/SAVE_20251006_221555-696x120.jpg 696w, https:\/\/newsinfoco.com.br\/inicio\/wp-content\/uploads\/2025\/10\/SAVE_20251006_221555-1068x185.jpg 1068w\" sizes=\"(max-width: 1140px) 100vw, 1140px\" width=\"1140\" height=\"197\"   \/><\/a><\/div>\n<p style=\"text-align: justify;\">Faturar um Egot, para um artista, \u00e9 como ganhar os quatro torneios de Grand Slam, para um tenista. A sigla se refere aos pr\u00eamios Emmy, Grammy, Oscar e Tony, pr\u00eamios m\u00e1ximos da televis\u00e3o, da m\u00fasica, do cinema e do teatro nos Estados Unidos, respectivamente.<\/p>\n<p style=\"text-align: justify;\">Al\u00e9m da conquista recente, Legend possui 10 Grammys e um Oscar, que veio em 2015 pela can\u00e7\u00e3o \u201cGlory\u201d, do longa\u00a0<em>Selma.<\/em> A l\u00e1urea teatral foi no ano passado, com o espet\u00e1culo\u00a0<em>Jitney.\u00a0<\/em><\/p>\n<p style=\"text-align: justify;\">Outro fato memor\u00e1vel: Andrew Lloyd Webber e Tim Rice, que venceram ao lado do cantor, tamb\u00e9m conquistaram o Egot. Foi a primeira vez em que mais de duas pessoas conseguiram a proeza no mesmo ano.<\/p>\n<p style=\"text-align: justify;\"><strong>A quadra do sucesso<\/strong><\/p>\n<p style=\"text-align: justify;\">O primeiro artista a completar o \u201cbingo das artes\u201d foi o compositor americano Richard Rodgers, ao vencer um Emmy em 1962. Naquela \u00e9poca, a sigla sequer existia. Quem a inventou foi o ator Philip Michael Thomas, durante a d\u00e9cada de 1970, que declarou que queria entrar no seleto p\u00fablico, por\u00e9m nunca conseguiu.<\/p>\n<p style=\"text-align: justify;\">Rodgers levou 17 anos para atingir a meta (ele ganhara o Oscar em 1945). John Legend a cumpriu em 12 anos, apenas dois a mais que o compositor Robert Lopez, o mais r\u00e1pido a vencer as quatro premia\u00e7\u00f5es. Outros artistas conhecidos que ganharam o Egot s\u00e3o Audrey Hepburn, Mel Brooks e Whoopi Goldberg.<\/p>\n<p style=\"text-align: justify;\">Vale lembrar que s\u00f3 entra na contagem quem garantiu todos os pr\u00eamios em categorias competitivas, que excluem homenagens e pr\u00eamios por conjunto da obra. N\u00e3o fosse por isso, grandes nomes do entretenimento poderiam entrar, como Barbra Streisand, James Earl Jones e Liza Minelli. O Mentalfloss criou uma lista de pessoas com boas chances de conseguir \u2013 e quem chegou bem perto.<\/p>\n<p style=\"text-align: right;\"><span style=\"color: #999999;\">Por Rafael Battaglia para a revista Superinteressante<\/span><\/p>\n<div class='share-to-whatsapp-wrapper'><div class='share-on-whsp'>Share on: <\/div><a data-text='John Legend \u00e9 o primeiro artista negro a ganhar Emmy, Grammy, Oscar e Tony' data-link='https:\/\/newsinfoco.com.br\/inicio\/john-legend-e-o-primeiro-artista-negro-a-ganhar-emmy-grammy-oscar-e-tony\/' class='whatsapp-button whatsapp-share'>WhatsApp<\/a><div class='clear '><\/div><\/div>","protected":false},"excerpt":{"rendered":"<p>No \u00faltimo domingo (9), o ator, cantor e compositor John Legend venceu o pr\u00eamio de\u00a0Melhor Programa de Variedades no Emmy Awards pelo seu trabalho no especial\u00a0Jesus Christ Superstar. Seria apenas mais uma das estatueta do evento, que entregou os chamados pr\u00eamios preliminares (a cerim\u00f4nia oficial \u00e9 no pr\u00f3ximo dia 17), n\u00e3o fosse por um fator [&hellip;]<\/p>\n","protected":false},"author":1,"featured_media":9394,"comment_status":"open","ping_status":"open","sticky":false,"template":"","format":"standard","meta":{"om_disable_all_campaigns":false,"_exactmetrics_skip_tracking":false,"_exactmetrics_sitenote_active":false,"_exactmetrics_sitenote_note":"","_exactmetrics_sitenote_category":0,"footnotes":""},"categories":[29],"tags":[],"class_list":["post-9393","post","type-post","status-publish","format-standard","has-post-thumbnail","hentry","category-cultura"],"aioseo_notices":[],"_links":{"self":[{"href":"https:\/\/newsinfoco.com.br\/inicio\/wp-json\/wp\/v2\/posts\/9393","targetHints":{"allow":["GET"]}}],"collection":[{"href":"https:\/\/newsinfoco.com.br\/inicio\/wp-json\/wp\/v2\/posts"}],"about":[{"href":"https:\/\/newsinfoco.com.br\/inicio\/wp-json\/wp\/v2\/types\/post"}],"author":[{"embeddable":true,"href":"https:\/\/newsinfoco.com.br\/inicio\/wp-json\/wp\/v2\/users\/1"}],"replies":[{"embeddable":true,"href":"https:\/\/newsinfoco.com.br\/inicio\/wp-json\/wp\/v2\/comments?post=9393"}],"version-history":[{"count":0,"href":"https:\/\/newsinfoco.com.br\/inicio\/wp-json\/wp\/v2\/posts\/9393\/revisions"}],"wp:featuredmedia":[{"embeddable":true,"href":"https:\/\/newsinfoco.com.br\/inicio\/wp-json\/wp\/v2\/media\/9394"}],"wp:attachment":[{"href":"https:\/\/newsinfoco.com.br\/inicio\/wp-json\/wp\/v2\/media?parent=9393"}],"wp:term":[{"taxonomy":"category","embeddable":true,"href":"https:\/\/newsinfoco.com.br\/inicio\/wp-json\/wp\/v2\/categories?post=9393"},{"taxonomy":"post_tag","embeddable":true,"href":"https:\/\/newsinfoco.com.br\/inicio\/wp-json\/wp\/v2\/tags?post=9393"}],"curies":[{"name":"wp","href":"https:\/\/api.w.org\/{rel}","templated":true}]}}