{"id":9401,"date":"2018-09-13T18:15:55","date_gmt":"2018-09-13T21:15:55","guid":{"rendered":"http:\/\/newsinfoco.com.br\/?p=9401"},"modified":"2018-09-13T18:15:55","modified_gmt":"2018-09-13T21:15:55","slug":"prefeitura-realiza-abertura-das-olimpiadas-intercolegiais-2018","status":"publish","type":"post","link":"https:\/\/newsinfoco.com.br\/inicio\/prefeitura-realiza-abertura-das-olimpiadas-intercolegiais-2018\/","title":{"rendered":"Prefeitura realiza abertura das Olimp\u00edadas Intercolegiais 2018"},"content":{"rendered":"<p style=\"text-align: justify;\"><span style=\"color: #000000;\">Com foco no incentivo \u00e0 pr\u00e1tica esportiva, a Prefeitura realizou, na quarta-feira (12), a abertura oficial de mais uma edi\u00e7\u00e3o das Olimp\u00edadas Intercolegiais de Alagoinhas (OLICAL), no gin\u00e1sio de esportes da cidade.<\/span><\/p>\n<p style=\"text-align: justify;\"><span style=\"color: #000000;\">Resgatando um dos mais tradicionais eventos do munic\u00edpio e ampliando as disputas para 5 modalidades, a gest\u00e3o municipal, atrav\u00e9s da Secretaria de Cultura, Esporte e Turismo (SECET), reuniu alunos de 13 escolas para a solenidade que marcou o pontap\u00e9 inicial das competi\u00e7\u00f5es. Os jogos ser\u00e3o realizados at\u00e9 domingo (16) e a disputa promete ser acirrada.<\/span><\/p><div class=\"newsi-conteudo_19\" id=\"newsi-3673290261\"><a href=\"https:\/\/www.instagram.com\/prefeituraalagoinhas?igsh=YzgzdDJ1bWR3aWI4\" aria-label=\"SAVE_20251006_221555\"><img loading=\"lazy\" decoding=\"async\" src=\"https:\/\/newsinfoco.com.br\/inicio\/wp-content\/uploads\/2025\/10\/SAVE_20251006_221555-rotated.jpg\" alt=\"\"  srcset=\"https:\/\/newsinfoco.com.br\/inicio\/wp-content\/uploads\/2025\/10\/SAVE_20251006_221555-rotated.jpg 1140w, https:\/\/newsinfoco.com.br\/inicio\/wp-content\/uploads\/2025\/10\/SAVE_20251006_221555-300x52.jpg 300w, https:\/\/newsinfoco.com.br\/inicio\/wp-content\/uploads\/2025\/10\/SAVE_20251006_221555-1024x177.jpg 1024w, https:\/\/newsinfoco.com.br\/inicio\/wp-content\/uploads\/2025\/10\/SAVE_20251006_221555-768x133.jpg 768w, https:\/\/newsinfoco.com.br\/inicio\/wp-content\/uploads\/2025\/10\/SAVE_20251006_221555-600x104.jpg 600w, https:\/\/newsinfoco.com.br\/inicio\/wp-content\/uploads\/2025\/10\/SAVE_20251006_221555-696x120.jpg 696w, https:\/\/newsinfoco.com.br\/inicio\/wp-content\/uploads\/2025\/10\/SAVE_20251006_221555-1068x185.jpg 1068w\" sizes=\"(max-width: 1140px) 100vw, 1140px\" width=\"1140\" height=\"197\"   \/><\/a><\/div>\n<p><img decoding=\"async\" src=\"https:\/\/www.alagoinhas.ba.gov.br\/wp-content\/uploads\/2018\/09\/30784826848_15fa27a8db_z.jpg\" \/><\/p>\n<p style=\"text-align: justify;\"><span style=\"color: #000000;\">\u201cO pensamento nosso \u00e9 atingir de 2 a 3 mil alunos de escolas estaduais, municipais e particulares. Convocamos as unidades de ensino e este ano contaremos com institui\u00e7\u00f5es inscritas para jogos de v\u00f4lei, basquete, futsal, handebol e baleado\u201d, explicou o diretor de esportes da secretaria, Luiz Ornelas, o \u201cBar\u00e3o\u201d.<\/span><\/p>\n<p style=\"text-align: justify;\"><span style=\"color: #000000;\">Segundo ele, a SECET se responsabiliza pela estrutura t\u00e9cnica, pela equipe de arbitragem e pela organiza\u00e7\u00e3o, e o evento mescla compartilhamento, lazer, esporte e educa\u00e7\u00e3o, em um formato que favorece a socializa\u00e7\u00e3o entre os estudantes.<\/span><\/p>\n<p><img decoding=\"async\" src=\"https:\/\/www.alagoinhas.ba.gov.br\/wp-content\/uploads\/2018\/09\/44605273962_38c45bb92c_z-1.jpg\" \/><\/p>\n<p>\u201cNa realidade, \u00e9 uma cobran\u00e7a da comunidade estudantil de Alagoinhas e o objetivo nosso \u00e9 tamb\u00e9m mostrar \u00e0 comunidade jogos de qualidade. N\u00f3s conseguimos dinamizar o esporte e trazer, para a comunidade, uma expectativa nova. Hoje n\u00f3s temos aqui em Alagoinhas, al\u00e9m das Olimp\u00edadas, escolinhas de basquete, v\u00f4lei, handebol e futsal. Pretendemos ter ainda karat\u00ea e atletismo. De agora em diante, os jogos v\u00e3o ter uma frequ\u00eancia grande\u201d, garantiu Ornelas.<\/p>\n<p>Para o prefeito, incentivar as pr\u00e1ticas esportivas entre crian\u00e7as e adolescentes n\u00e3o significa apenas fomentar atividades de lazer, mas apostar no esporte enquanto ferramenta de transforma\u00e7\u00e3o social. \u201cEu sempre acreditei que o rumo da sa\u00fade, do esporte, tira a meninada das drogas, dos v\u00edcios, ent\u00e3o \u00e9 a oportunidade que eles t\u00eam para mostrar habilidades em campo, para gastar energias e para ampliar as possibilidades, abrir novas perspectivas\u201d, ressaltou Joaquim Neto.<\/p>\n<p><img decoding=\"async\" src=\"https:\/\/www.alagoinhas.ba.gov.br\/wp-content\/uploads\/2018\/09\/30784948878_66a7be97b9_z.jpg\" \/><\/p>\n<p>O prefeito relembrou a \u00e9poca de menino, quando tamb\u00e9m participava das competi\u00e7\u00f5es, e reafirmou o compromisso da gest\u00e3o com a comunidade quando o assunto \u00e9 investimento no esporte. \u201cEu participei da OLICAL como estudante. Joguei na OLICAL na minha adolesc\u00eancia e fui campe\u00e3o pelo Centro Integrado Luiz Navarro de Brito. Fui campe\u00e3o de basquetebol. E hoje, na condi\u00e7\u00e3o de prefeito, estou tendo esse orgulho de ver os jogos e de proporcionar uma nova edi\u00e7\u00e3o. Fico muito feliz em saber que estamos avan\u00e7ando. Vamos fazer ainda mais\u201d, garantiu.<\/p>\n<p>Joaquim Neto destacou que, em breve, a popula\u00e7\u00e3o poder\u00e1 contar com um Centro de Inicia\u00e7\u00e3o Esportiva (CIE) completamente equipado. O espa\u00e7o, que contemplar\u00e1 a pr\u00e1tica de 13 modalidades ol\u00edmpicas, ser\u00e1 entregue \u00e0 popula\u00e7\u00e3o no pr\u00f3ximo ano.<\/p>\n<p>Confira o \u00e1lbum de fotos com as autoridades que participaram da solenidade:<\/p>\n<p><a href=\"http:\/\/newsinfoco.com.br\/wp-content\/uploads\/2018\/09\/44605560932_9078b2b5b0_z.jpg\"><img loading=\"lazy\" decoding=\"async\" class=\"aligncenter size-full wp-image-9410\" src=\"http:\/\/newsinfoco.com.br\/wp-content\/uploads\/2018\/09\/44605560932_9078b2b5b0_z.jpg\" alt=\"\" width=\"640\" height=\"424\" srcset=\"https:\/\/newsinfoco.com.br\/inicio\/wp-content\/uploads\/2018\/09\/44605560932_9078b2b5b0_z.jpg 640w, https:\/\/newsinfoco.com.br\/inicio\/wp-content\/uploads\/2018\/09\/44605560932_9078b2b5b0_z-300x199.jpg 300w, https:\/\/newsinfoco.com.br\/inicio\/wp-content\/uploads\/2018\/09\/44605560932_9078b2b5b0_z-600x398.jpg 600w, https:\/\/newsinfoco.com.br\/inicio\/wp-content\/uploads\/2018\/09\/44605560932_9078b2b5b0_z-634x420.jpg 634w\" sizes=\"auto, (max-width: 640px) 100vw, 640px\" \/><\/a> <a href=\"http:\/\/newsinfoco.com.br\/wp-content\/uploads\/2018\/09\/44655235541_b978b38f7f_z.jpg\"><img loading=\"lazy\" decoding=\"async\" class=\"aligncenter size-full wp-image-9409\" src=\"http:\/\/newsinfoco.com.br\/wp-content\/uploads\/2018\/09\/44655235541_b978b38f7f_z.jpg\" alt=\"\" width=\"640\" height=\"424\" srcset=\"https:\/\/newsinfoco.com.br\/inicio\/wp-content\/uploads\/2018\/09\/44655235541_b978b38f7f_z.jpg 640w, https:\/\/newsinfoco.com.br\/inicio\/wp-content\/uploads\/2018\/09\/44655235541_b978b38f7f_z-300x199.jpg 300w, https:\/\/newsinfoco.com.br\/inicio\/wp-content\/uploads\/2018\/09\/44655235541_b978b38f7f_z-600x398.jpg 600w, https:\/\/newsinfoco.com.br\/inicio\/wp-content\/uploads\/2018\/09\/44655235541_b978b38f7f_z-634x420.jpg 634w\" sizes=\"auto, (max-width: 640px) 100vw, 640px\" \/><\/a> <a href=\"http:\/\/newsinfoco.com.br\/wp-content\/uploads\/2018\/09\/44605733662_e8d8d0a546_z.jpg\"><img loading=\"lazy\" decoding=\"async\" class=\"aligncenter size-full wp-image-9408\" src=\"http:\/\/newsinfoco.com.br\/wp-content\/uploads\/2018\/09\/44605733662_e8d8d0a546_z.jpg\" alt=\"\" width=\"640\" height=\"424\" srcset=\"https:\/\/newsinfoco.com.br\/inicio\/wp-content\/uploads\/2018\/09\/44605733662_e8d8d0a546_z.jpg 640w, https:\/\/newsinfoco.com.br\/inicio\/wp-content\/uploads\/2018\/09\/44605733662_e8d8d0a546_z-300x199.jpg 300w, https:\/\/newsinfoco.com.br\/inicio\/wp-content\/uploads\/2018\/09\/44605733662_e8d8d0a546_z-600x398.jpg 600w, https:\/\/newsinfoco.com.br\/inicio\/wp-content\/uploads\/2018\/09\/44605733662_e8d8d0a546_z-634x420.jpg 634w\" sizes=\"auto, (max-width: 640px) 100vw, 640px\" \/><\/a> <a href=\"http:\/\/newsinfoco.com.br\/wp-content\/uploads\/2018\/09\/43746068645_7b371f7dde_z.jpg\"><img loading=\"lazy\" decoding=\"async\" class=\"aligncenter size-full wp-image-9407\" src=\"http:\/\/newsinfoco.com.br\/wp-content\/uploads\/2018\/09\/43746068645_7b371f7dde_z.jpg\" alt=\"\" width=\"640\" height=\"424\" srcset=\"https:\/\/newsinfoco.com.br\/inicio\/wp-content\/uploads\/2018\/09\/43746068645_7b371f7dde_z.jpg 640w, https:\/\/newsinfoco.com.br\/inicio\/wp-content\/uploads\/2018\/09\/43746068645_7b371f7dde_z-300x199.jpg 300w, https:\/\/newsinfoco.com.br\/inicio\/wp-content\/uploads\/2018\/09\/43746068645_7b371f7dde_z-600x398.jpg 600w, https:\/\/newsinfoco.com.br\/inicio\/wp-content\/uploads\/2018\/09\/43746068645_7b371f7dde_z-634x420.jpg 634w\" sizes=\"auto, (max-width: 640px) 100vw, 640px\" \/><\/a> <a href=\"http:\/\/newsinfoco.com.br\/wp-content\/uploads\/2018\/09\/30784915188_8c07662231_z.jpg\"><img loading=\"lazy\" decoding=\"async\" class=\"aligncenter size-full wp-image-9406\" src=\"http:\/\/newsinfoco.com.br\/wp-content\/uploads\/2018\/09\/30784915188_8c07662231_z.jpg\" alt=\"\" width=\"640\" height=\"424\" srcset=\"https:\/\/newsinfoco.com.br\/inicio\/wp-content\/uploads\/2018\/09\/30784915188_8c07662231_z.jpg 640w, https:\/\/newsinfoco.com.br\/inicio\/wp-content\/uploads\/2018\/09\/30784915188_8c07662231_z-300x199.jpg 300w, https:\/\/newsinfoco.com.br\/inicio\/wp-content\/uploads\/2018\/09\/30784915188_8c07662231_z-600x398.jpg 600w, https:\/\/newsinfoco.com.br\/inicio\/wp-content\/uploads\/2018\/09\/30784915188_8c07662231_z-634x420.jpg 634w\" sizes=\"auto, (max-width: 640px) 100vw, 640px\" \/><\/a> <a href=\"http:\/\/newsinfoco.com.br\/wp-content\/uploads\/2018\/09\/30784826848_15fa27a8db_z-C\u00f3pia.jpg\"><img loading=\"lazy\" decoding=\"async\" class=\"aligncenter size-full wp-image-9405\" src=\"http:\/\/newsinfoco.com.br\/wp-content\/uploads\/2018\/09\/30784826848_15fa27a8db_z-C\u00f3pia.jpg\" alt=\"\" width=\"640\" height=\"424\" srcset=\"https:\/\/newsinfoco.com.br\/inicio\/wp-content\/uploads\/2018\/09\/30784826848_15fa27a8db_z-C\u00f3pia.jpg 640w, https:\/\/newsinfoco.com.br\/inicio\/wp-content\/uploads\/2018\/09\/30784826848_15fa27a8db_z-C\u00f3pia-300x199.jpg 300w, https:\/\/newsinfoco.com.br\/inicio\/wp-content\/uploads\/2018\/09\/30784826848_15fa27a8db_z-C\u00f3pia-600x398.jpg 600w, https:\/\/newsinfoco.com.br\/inicio\/wp-content\/uploads\/2018\/09\/30784826848_15fa27a8db_z-C\u00f3pia-634x420.jpg 634w\" sizes=\"auto, (max-width: 640px) 100vw, 640px\" \/><\/a> <a href=\"http:\/\/newsinfoco.com.br\/wp-content\/uploads\/2018\/09\/29717521197_89d1d7cec7_z-C\u00f3pia-C\u00f3pia.jpg\"><img loading=\"lazy\" decoding=\"async\" class=\"aligncenter size-full wp-image-9404\" src=\"http:\/\/newsinfoco.com.br\/wp-content\/uploads\/2018\/09\/29717521197_89d1d7cec7_z-C\u00f3pia-C\u00f3pia.jpg\" alt=\"\" width=\"640\" height=\"424\" srcset=\"https:\/\/newsinfoco.com.br\/inicio\/wp-content\/uploads\/2018\/09\/29717521197_89d1d7cec7_z-C\u00f3pia-C\u00f3pia.jpg 640w, https:\/\/newsinfoco.com.br\/inicio\/wp-content\/uploads\/2018\/09\/29717521197_89d1d7cec7_z-C\u00f3pia-C\u00f3pia-300x199.jpg 300w, https:\/\/newsinfoco.com.br\/inicio\/wp-content\/uploads\/2018\/09\/29717521197_89d1d7cec7_z-C\u00f3pia-C\u00f3pia-600x398.jpg 600w, https:\/\/newsinfoco.com.br\/inicio\/wp-content\/uploads\/2018\/09\/29717521197_89d1d7cec7_z-C\u00f3pia-C\u00f3pia-634x420.jpg 634w\" sizes=\"auto, (max-width: 640px) 100vw, 640px\" \/><\/a> <a href=\"http:\/\/newsinfoco.com.br\/wp-content\/uploads\/2018\/09\/29717214977_682d45a19a_z.jpg\"><img loading=\"lazy\" decoding=\"async\" class=\"aligncenter size-full wp-image-9402\" src=\"http:\/\/newsinfoco.com.br\/wp-content\/uploads\/2018\/09\/29717214977_682d45a19a_z.jpg\" alt=\"\" width=\"640\" height=\"424\" srcset=\"https:\/\/newsinfoco.com.br\/inicio\/wp-content\/uploads\/2018\/09\/29717214977_682d45a19a_z.jpg 640w, https:\/\/newsinfoco.com.br\/inicio\/wp-content\/uploads\/2018\/09\/29717214977_682d45a19a_z-300x199.jpg 300w, https:\/\/newsinfoco.com.br\/inicio\/wp-content\/uploads\/2018\/09\/29717214977_682d45a19a_z-600x398.jpg 600w, https:\/\/newsinfoco.com.br\/inicio\/wp-content\/uploads\/2018\/09\/29717214977_682d45a19a_z-634x420.jpg 634w\" sizes=\"auto, (max-width: 640px) 100vw, 640px\" \/><\/a> <a href=\"http:\/\/newsinfoco.com.br\/wp-content\/uploads\/2018\/09\/29717482757_206f05e372_z.jpg\"><img loading=\"lazy\" decoding=\"async\" class=\"size-full wp-image-9403 alignright\" src=\"http:\/\/newsinfoco.com.br\/wp-content\/uploads\/2018\/09\/29717482757_206f05e372_z.jpg\" alt=\"\" width=\"640\" height=\"424\" srcset=\"https:\/\/newsinfoco.com.br\/inicio\/wp-content\/uploads\/2018\/09\/29717482757_206f05e372_z.jpg 640w, https:\/\/newsinfoco.com.br\/inicio\/wp-content\/uploads\/2018\/09\/29717482757_206f05e372_z-300x199.jpg 300w, https:\/\/newsinfoco.com.br\/inicio\/wp-content\/uploads\/2018\/09\/29717482757_206f05e372_z-600x398.jpg 600w, https:\/\/newsinfoco.com.br\/inicio\/wp-content\/uploads\/2018\/09\/29717482757_206f05e372_z-634x420.jpg 634w\" sizes=\"auto, (max-width: 640px) 100vw, 640px\" \/><\/a><\/p>\n<p>&nbsp;<\/p>\n<p>&nbsp;<\/p>\n<p>&nbsp;<\/p>\n<p>&nbsp;<\/p>\n<p>&nbsp;<\/p>\n<p>&nbsp;<\/p>\n<p>&nbsp;<\/p>\n<p style=\"text-align: right;\">\n<p>&nbsp;<\/p>\n<p>&nbsp;<\/p>\n<h5 style=\"text-align: right;\"><span style=\"color: #999999;\">Fonte: SECOM SECET<\/span><\/h5>\n<div class='share-to-whatsapp-wrapper'><div class='share-on-whsp'>Share on: <\/div><a data-text='Prefeitura realiza abertura das Olimp\u00edadas Intercolegiais 2018' data-link='https:\/\/newsinfoco.com.br\/inicio\/prefeitura-realiza-abertura-das-olimpiadas-intercolegiais-2018\/' class='whatsapp-button whatsapp-share'>WhatsApp<\/a><div class='clear '><\/div><\/div>","protected":false},"excerpt":{"rendered":"<p>Com foco no incentivo \u00e0 pr\u00e1tica esportiva, a Prefeitura realizou, na quarta-feira (12), a abertura oficial de mais uma edi\u00e7\u00e3o das Olimp\u00edadas Intercolegiais de Alagoinhas (OLICAL), no gin\u00e1sio de esportes da cidade. Resgatando um dos mais tradicionais eventos do munic\u00edpio e ampliando as disputas para 5 modalidades, a gest\u00e3o municipal, atrav\u00e9s da Secretaria de Cultura, [&hellip;]<\/p>\n","protected":false},"author":1,"featured_media":9405,"comment_status":"open","ping_status":"open","sticky":false,"template":"","format":"standard","meta":{"om_disable_all_campaigns":false,"_exactmetrics_skip_tracking":false,"_exactmetrics_sitenote_active":false,"_exactmetrics_sitenote_note":"","_exactmetrics_sitenote_category":0,"footnotes":""},"categories":[38,30],"tags":[53,54,121],"class_list":["post-9401","post","type-post","status-publish","format-standard","has-post-thumbnail","hentry","category-alagoinhas-e-regiao","category-destaque","tag-alagoinhas","tag-prefeitura","tag-secom-secet"],"aioseo_notices":[],"_links":{"self":[{"href":"https:\/\/newsinfoco.com.br\/inicio\/wp-json\/wp\/v2\/posts\/9401","targetHints":{"allow":["GET"]}}],"collection":[{"href":"https:\/\/newsinfoco.com.br\/inicio\/wp-json\/wp\/v2\/posts"}],"about":[{"href":"https:\/\/newsinfoco.com.br\/inicio\/wp-json\/wp\/v2\/types\/post"}],"author":[{"embeddable":true,"href":"https:\/\/newsinfoco.com.br\/inicio\/wp-json\/wp\/v2\/users\/1"}],"replies":[{"embeddable":true,"href":"https:\/\/newsinfoco.com.br\/inicio\/wp-json\/wp\/v2\/comments?post=9401"}],"version-history":[{"count":0,"href":"https:\/\/newsinfoco.com.br\/inicio\/wp-json\/wp\/v2\/posts\/9401\/revisions"}],"wp:featuredmedia":[{"embeddable":true,"href":"https:\/\/newsinfoco.com.br\/inicio\/wp-json\/wp\/v2\/media\/9405"}],"wp:attachment":[{"href":"https:\/\/newsinfoco.com.br\/inicio\/wp-json\/wp\/v2\/media?parent=9401"}],"wp:term":[{"taxonomy":"category","embeddable":true,"href":"https:\/\/newsinfoco.com.br\/inicio\/wp-json\/wp\/v2\/categories?post=9401"},{"taxonomy":"post_tag","embeddable":true,"href":"https:\/\/newsinfoco.com.br\/inicio\/wp-json\/wp\/v2\/tags?post=9401"}],"curies":[{"name":"wp","href":"https:\/\/api.w.org\/{rel}","templated":true}]}}