{"id":9419,"date":"2018-09-14T13:50:21","date_gmt":"2018-09-14T16:50:21","guid":{"rendered":"http:\/\/newsinfoco.com.br\/?p=9419"},"modified":"2018-09-14T13:50:21","modified_gmt":"2018-09-14T16:50:21","slug":"vacinacao-campanha-contra-polio-e-sarampo-termina-hoje14-em-todo-o-brasil","status":"publish","type":"post","link":"https:\/\/newsinfoco.com.br\/inicio\/vacinacao-campanha-contra-polio-e-sarampo-termina-hoje14-em-todo-o-brasil\/","title":{"rendered":"Vacina\u00e7\u00e3o: campanha contra p\u00f3lio e sarampo termina hoje(14) em todo o Brasil"},"content":{"rendered":"<p style=\"text-align: justify;\">A Campanha Nacional de Vacina\u00e7\u00e3o contra a Poliomielite e o Sarampo termina hoje (14) em todo o pa\u00eds. De acordo com os \u00faltimos dados divulgados pelo Minist\u00e9rio da Sa\u00fade, cerca de 800 mil crian\u00e7as ainda n\u00e3o tomaram as vacinas contra as duas doen\u00e7as.<\/p>\n<p style=\"text-align: justify;\">Todas as crian\u00e7as de 1 ano a menores de 5 anos devem se vacinar independentemente da situa\u00e7\u00e3o vacinal. Na faixa et\u00e1ria de 3 e 4 anos, a cobertura vacinal est\u00e1 acima da meta, com 96,95% para sarampo e 95,44% para poliomielite. A maior preocupa\u00e7\u00e3o do Minist\u00e9rio da Sa\u00fade \u00e9 com a faixa de 1 ano de idade, cuja cobertura ainda est\u00e1 em 85,45%.<\/p><div class=\"newsi-conteudo_19\" id=\"newsi-1593544674\"><a href=\"https:\/\/www.instagram.com\/prefeituraalagoinhas?igsh=YzgzdDJ1bWR3aWI4\" aria-label=\"SAVE_20251006_221555\"><img loading=\"lazy\" decoding=\"async\" src=\"https:\/\/newsinfoco.com.br\/inicio\/wp-content\/uploads\/2025\/10\/SAVE_20251006_221555-rotated.jpg\" alt=\"\"  srcset=\"https:\/\/newsinfoco.com.br\/inicio\/wp-content\/uploads\/2025\/10\/SAVE_20251006_221555-rotated.jpg 1140w, https:\/\/newsinfoco.com.br\/inicio\/wp-content\/uploads\/2025\/10\/SAVE_20251006_221555-300x52.jpg 300w, https:\/\/newsinfoco.com.br\/inicio\/wp-content\/uploads\/2025\/10\/SAVE_20251006_221555-1024x177.jpg 1024w, https:\/\/newsinfoco.com.br\/inicio\/wp-content\/uploads\/2025\/10\/SAVE_20251006_221555-768x133.jpg 768w, https:\/\/newsinfoco.com.br\/inicio\/wp-content\/uploads\/2025\/10\/SAVE_20251006_221555-600x104.jpg 600w, https:\/\/newsinfoco.com.br\/inicio\/wp-content\/uploads\/2025\/10\/SAVE_20251006_221555-696x120.jpg 696w, https:\/\/newsinfoco.com.br\/inicio\/wp-content\/uploads\/2025\/10\/SAVE_20251006_221555-1068x185.jpg 1068w\" sizes=\"(max-width: 1140px) 100vw, 1140px\" width=\"1140\" height=\"197\"   \/><\/a><\/div>\n<p style=\"text-align: justify;\">No total, mais de 10 milh\u00f5es de crian\u00e7as foram vacinadas com mais de 22 milh\u00f5es de doses. A m\u00e9dia nacional de cobertura de vacina\u00e7\u00e3o em sarampo est\u00e1 em 94,7% e em poliomielite, 93,6%. O sarampo e a poliomielite s\u00e3o doen\u00e7as infectocontagiosas que podem resultar em complica\u00e7\u00f5es graves para as crian\u00e7as, podendo levar at\u00e9 a morte.<\/p>\n<p style=\"text-align: right;\"><span style=\"color: #999999;\">Agencia Brasil<\/span><\/p>\n<div class='share-to-whatsapp-wrapper'><div class='share-on-whsp'>Share on: <\/div><a data-text='Vacina\u00e7\u00e3o: campanha contra p\u00f3lio e sarampo termina hoje(14) em todo o Brasil' data-link='https:\/\/newsinfoco.com.br\/inicio\/vacinacao-campanha-contra-polio-e-sarampo-termina-hoje14-em-todo-o-brasil\/' class='whatsapp-button whatsapp-share'>WhatsApp<\/a><div class='clear '><\/div><\/div>","protected":false},"excerpt":{"rendered":"<p>A Campanha Nacional de Vacina\u00e7\u00e3o contra a Poliomielite e o Sarampo termina hoje (14) em todo o pa\u00eds. De acordo com os \u00faltimos dados divulgados pelo Minist\u00e9rio da Sa\u00fade, cerca de 800 mil crian\u00e7as ainda n\u00e3o tomaram as vacinas contra as duas doen\u00e7as. Todas as crian\u00e7as de 1 ano a menores de 5 anos devem [&hellip;]<\/p>\n","protected":false},"author":1,"featured_media":8368,"comment_status":"open","ping_status":"open","sticky":false,"template":"","format":"standard","meta":{"om_disable_all_campaigns":false,"_exactmetrics_skip_tracking":false,"_exactmetrics_sitenote_active":false,"_exactmetrics_sitenote_note":"","_exactmetrics_sitenote_category":0,"footnotes":""},"categories":[21],"tags":[],"class_list":["post-9419","post","type-post","status-publish","format-standard","has-post-thumbnail","hentry","category-brasil"],"aioseo_notices":[],"_links":{"self":[{"href":"https:\/\/newsinfoco.com.br\/inicio\/wp-json\/wp\/v2\/posts\/9419","targetHints":{"allow":["GET"]}}],"collection":[{"href":"https:\/\/newsinfoco.com.br\/inicio\/wp-json\/wp\/v2\/posts"}],"about":[{"href":"https:\/\/newsinfoco.com.br\/inicio\/wp-json\/wp\/v2\/types\/post"}],"author":[{"embeddable":true,"href":"https:\/\/newsinfoco.com.br\/inicio\/wp-json\/wp\/v2\/users\/1"}],"replies":[{"embeddable":true,"href":"https:\/\/newsinfoco.com.br\/inicio\/wp-json\/wp\/v2\/comments?post=9419"}],"version-history":[{"count":0,"href":"https:\/\/newsinfoco.com.br\/inicio\/wp-json\/wp\/v2\/posts\/9419\/revisions"}],"wp:featuredmedia":[{"embeddable":true,"href":"https:\/\/newsinfoco.com.br\/inicio\/wp-json\/wp\/v2\/media\/8368"}],"wp:attachment":[{"href":"https:\/\/newsinfoco.com.br\/inicio\/wp-json\/wp\/v2\/media?parent=9419"}],"wp:term":[{"taxonomy":"category","embeddable":true,"href":"https:\/\/newsinfoco.com.br\/inicio\/wp-json\/wp\/v2\/categories?post=9419"},{"taxonomy":"post_tag","embeddable":true,"href":"https:\/\/newsinfoco.com.br\/inicio\/wp-json\/wp\/v2\/tags?post=9419"}],"curies":[{"name":"wp","href":"https:\/\/api.w.org\/{rel}","templated":true}]}}