{"id":9421,"date":"2018-09-14T13:53:20","date_gmt":"2018-09-14T16:53:20","guid":{"rendered":"http:\/\/newsinfoco.com.br\/?p=9421"},"modified":"2018-09-14T13:53:20","modified_gmt":"2018-09-14T16:53:20","slug":"bolsonaro-esta-fora-da-campanha-do-primeiro-turno-diz-filho","status":"publish","type":"post","link":"https:\/\/newsinfoco.com.br\/inicio\/bolsonaro-esta-fora-da-campanha-do-primeiro-turno-diz-filho\/","title":{"rendered":"Bolsonaro est\u00e1 fora da campanha do primeiro turno, diz filho"},"content":{"rendered":"<p style=\"text-align: justify;\">Em entrevista \u00e0 r\u00e1dio 97,1 FM, do Rio de Janeiro, o deputado estadual Fl\u00e1vio Bolsonaro (PSL-RJ), filho do presidenci\u00e1vel Jair Bolsonaro (PSL), disse que o seu pai n\u00e3o campanha de rua nem em v\u00eddeo no primeiro turno das elei\u00e7\u00f5es, confirmando o que j\u00e1 se imaginava devido \u00e0s complica\u00e7\u00f5es do seu estado de sa\u00fade ap\u00f3s o atentado que sofreu com faca na \u00faltima semana.<\/p>\n<p style=\"text-align: justify;\">De acordo com Fl\u00e1vio, a orienta\u00e7\u00e3o dos m\u00e9dicos \u00e9 que Bolsonaro evite falar para n\u00e3o agravar o seu quadro cl\u00ednico. \u201cEle n\u00e3o est\u00e1 conseguindo nem falar direito, ent\u00e3o n\u00e3o pode ir para a internet para fazer transmiss\u00e3o ao vivo. A orienta\u00e7\u00e3o m\u00e9dica \u00e9 que nem fale, porque quando fala acumula gases e pode ocasionar mais dor ainda\u201d, disse Fl\u00e1vio.<\/p><div class=\"newsi-conteudo_19\" id=\"newsi-1207976050\"><a href=\"https:\/\/www.instagram.com\/prefeituraalagoinhas?igsh=YzgzdDJ1bWR3aWI4\" aria-label=\"SAVE_20251006_221555\"><img loading=\"lazy\" decoding=\"async\" src=\"https:\/\/newsinfoco.com.br\/inicio\/wp-content\/uploads\/2025\/10\/SAVE_20251006_221555-rotated.jpg\" alt=\"\"  srcset=\"https:\/\/newsinfoco.com.br\/inicio\/wp-content\/uploads\/2025\/10\/SAVE_20251006_221555-rotated.jpg 1140w, https:\/\/newsinfoco.com.br\/inicio\/wp-content\/uploads\/2025\/10\/SAVE_20251006_221555-300x52.jpg 300w, https:\/\/newsinfoco.com.br\/inicio\/wp-content\/uploads\/2025\/10\/SAVE_20251006_221555-1024x177.jpg 1024w, https:\/\/newsinfoco.com.br\/inicio\/wp-content\/uploads\/2025\/10\/SAVE_20251006_221555-768x133.jpg 768w, https:\/\/newsinfoco.com.br\/inicio\/wp-content\/uploads\/2025\/10\/SAVE_20251006_221555-600x104.jpg 600w, https:\/\/newsinfoco.com.br\/inicio\/wp-content\/uploads\/2025\/10\/SAVE_20251006_221555-696x120.jpg 696w, https:\/\/newsinfoco.com.br\/inicio\/wp-content\/uploads\/2025\/10\/SAVE_20251006_221555-1068x185.jpg 1068w\" sizes=\"(max-width: 1140px) 100vw, 1140px\" width=\"1140\" height=\"197\"   \/><\/a><\/div>\n<p style=\"text-align: justify;\">\u201cAo que tudo indica, no primeiro turno n\u00e3o vai ter mais condi\u00e7\u00f5es m\u00e9dicas de ir para a rua de novo. Praticamente imposs\u00edvel. A cirurgia de reconstitui\u00e7\u00e3o do intestino dele vai acontecer daqui a dois meses ou mais, n\u00e3o tem como ir pra rua com a barriga aberta. \u00c9 risco de infec\u00e7\u00e3o, \u00e9 risco de arrebentar. \u00c9 totalmente contraindicado\u201d, ressaltou.<\/p>\n<p style=\"text-align: right;\"><span style=\"color: #999999;\">Estad\u00e3o<\/span><\/p>\n<div class='share-to-whatsapp-wrapper'><div class='share-on-whsp'>Share on: <\/div><a data-text='Bolsonaro est\u00e1 fora da campanha do primeiro turno, diz filho' data-link='https:\/\/newsinfoco.com.br\/inicio\/bolsonaro-esta-fora-da-campanha-do-primeiro-turno-diz-filho\/' class='whatsapp-button whatsapp-share'>WhatsApp<\/a><div class='clear '><\/div><\/div>","protected":false},"excerpt":{"rendered":"<p>Em entrevista \u00e0 r\u00e1dio 97,1 FM, do Rio de Janeiro, o deputado estadual Fl\u00e1vio Bolsonaro (PSL-RJ), filho do presidenci\u00e1vel Jair Bolsonaro (PSL), disse que o seu pai n\u00e3o campanha de rua nem em v\u00eddeo no primeiro turno das elei\u00e7\u00f5es, confirmando o que j\u00e1 se imaginava devido \u00e0s complica\u00e7\u00f5es do seu estado de sa\u00fade ap\u00f3s o [&hellip;]<\/p>\n","protected":false},"author":1,"featured_media":9422,"comment_status":"open","ping_status":"open","sticky":false,"template":"","format":"standard","meta":{"om_disable_all_campaigns":false,"_exactmetrics_skip_tracking":false,"_exactmetrics_sitenote_active":false,"_exactmetrics_sitenote_note":"","_exactmetrics_sitenote_category":0,"footnotes":""},"categories":[21],"tags":[],"class_list":["post-9421","post","type-post","status-publish","format-standard","has-post-thumbnail","hentry","category-brasil"],"aioseo_notices":[],"_links":{"self":[{"href":"https:\/\/newsinfoco.com.br\/inicio\/wp-json\/wp\/v2\/posts\/9421","targetHints":{"allow":["GET"]}}],"collection":[{"href":"https:\/\/newsinfoco.com.br\/inicio\/wp-json\/wp\/v2\/posts"}],"about":[{"href":"https:\/\/newsinfoco.com.br\/inicio\/wp-json\/wp\/v2\/types\/post"}],"author":[{"embeddable":true,"href":"https:\/\/newsinfoco.com.br\/inicio\/wp-json\/wp\/v2\/users\/1"}],"replies":[{"embeddable":true,"href":"https:\/\/newsinfoco.com.br\/inicio\/wp-json\/wp\/v2\/comments?post=9421"}],"version-history":[{"count":0,"href":"https:\/\/newsinfoco.com.br\/inicio\/wp-json\/wp\/v2\/posts\/9421\/revisions"}],"wp:featuredmedia":[{"embeddable":true,"href":"https:\/\/newsinfoco.com.br\/inicio\/wp-json\/wp\/v2\/media\/9422"}],"wp:attachment":[{"href":"https:\/\/newsinfoco.com.br\/inicio\/wp-json\/wp\/v2\/media?parent=9421"}],"wp:term":[{"taxonomy":"category","embeddable":true,"href":"https:\/\/newsinfoco.com.br\/inicio\/wp-json\/wp\/v2\/categories?post=9421"},{"taxonomy":"post_tag","embeddable":true,"href":"https:\/\/newsinfoco.com.br\/inicio\/wp-json\/wp\/v2\/tags?post=9421"}],"curies":[{"name":"wp","href":"https:\/\/api.w.org\/{rel}","templated":true}]}}