{"id":9427,"date":"2018-09-14T14:01:49","date_gmt":"2018-09-14T17:01:49","guid":{"rendered":"http:\/\/newsinfoco.com.br\/?p=9427"},"modified":"2018-09-14T14:01:49","modified_gmt":"2018-09-14T17:01:49","slug":"depois-de-cirurgia-bem-sucedida-angelo-coronel-tem-alta-hospitalar","status":"publish","type":"post","link":"https:\/\/newsinfoco.com.br\/inicio\/depois-de-cirurgia-bem-sucedida-angelo-coronel-tem-alta-hospitalar\/","title":{"rendered":"Depois de cirurgia bem-sucedida, Angelo Coronel tem alta hospitalar"},"content":{"rendered":"<p style=\"text-align: justify;\">O candidato ao Senado na Coliga\u00e7\u00e3o MAIS TRABALHO POR TODA A BAHIA e presidente da Assembleia Legislativa da Bahia, Angelo Coronel, teve alta hoje (14) do Hospital Alian\u00e7a, depois de uma bem-sucedida cirurgia, por videolaparoscopia, de colecistite \u2013 inflama\u00e7\u00e3o na ves\u00edcula, realizada anteontem e conduzida pelo Dr. Leonardo Canedo, assistida pelo senador e m\u00e9dico Otto Alencar.<\/p>\n<p style=\"text-align: justify;\">No boletim m\u00e9dico, assinado por Canedo e pelo m\u00e9dico Ren\u00ea Mariano de Almeida, consta que a opera\u00e7\u00e3o foi realizada em car\u00e1ter de urg\u00eancia, em decorr\u00eancia de uma crise de colecistite aguda \u2013 popularmente conhecida como pedra na ves\u00edcula.<\/p><div class=\"newsi-conteudo_19\" id=\"newsi-469220896\"><a href=\"https:\/\/www.instagram.com\/prefeituraalagoinhas?igsh=YzgzdDJ1bWR3aWI4\" aria-label=\"SAVE_20251006_221555\"><img loading=\"lazy\" decoding=\"async\" src=\"https:\/\/newsinfoco.com.br\/inicio\/wp-content\/uploads\/2025\/10\/SAVE_20251006_221555-rotated.jpg\" alt=\"\"  srcset=\"https:\/\/newsinfoco.com.br\/inicio\/wp-content\/uploads\/2025\/10\/SAVE_20251006_221555-rotated.jpg 1140w, https:\/\/newsinfoco.com.br\/inicio\/wp-content\/uploads\/2025\/10\/SAVE_20251006_221555-300x52.jpg 300w, https:\/\/newsinfoco.com.br\/inicio\/wp-content\/uploads\/2025\/10\/SAVE_20251006_221555-1024x177.jpg 1024w, https:\/\/newsinfoco.com.br\/inicio\/wp-content\/uploads\/2025\/10\/SAVE_20251006_221555-768x133.jpg 768w, https:\/\/newsinfoco.com.br\/inicio\/wp-content\/uploads\/2025\/10\/SAVE_20251006_221555-600x104.jpg 600w, https:\/\/newsinfoco.com.br\/inicio\/wp-content\/uploads\/2025\/10\/SAVE_20251006_221555-696x120.jpg 696w, https:\/\/newsinfoco.com.br\/inicio\/wp-content\/uploads\/2025\/10\/SAVE_20251006_221555-1068x185.jpg 1068w\" sizes=\"(max-width: 1140px) 100vw, 1140px\" width=\"1140\" height=\"197\"   \/><\/a><\/div>\n<p style=\"text-align: justify;\">Ao lado da enfermeira Schirley, de Maragogipe, que lhe conduziu \u00e0 sa\u00edda do Alian\u00e7a, Coronel agradeceu todo o apoio e a as ora\u00e7\u00f5es dos amigos e eleitores pela sua plena recupera\u00e7\u00e3o. \u201cAgrade\u00e7o a todos que enviaram mensagens e preces pelo Whatsapp, pelo Face, pelo Instagram. Agrade\u00e7o tamb\u00e9m ao Dr. Leonardo e sua brilhante equipe pelo pronto atendimento e efici\u00eancia. Com certeza, conheci mais um anjo da guarda em minha vida. Agrade\u00e7o a todos os m\u00e9dicos, auxiliares e enfermeiros e enfermeiras do Alian\u00e7a, a quem pedi votos no dia 7 de outubro. Estou me sentindo muito bem, mas ainda sob os efeitos da cirurgia. Vou para casa, descansar, mas quero retomar as nossas atividades de campanha logo, na pr\u00f3xima semana\u201d, disse Coronel.<\/p>\n<p style=\"text-align: justify;\">Nos eventos, deste fim-de-semana, da Coliga\u00e7\u00e3o MAIS TRABALHO POR TODA A BAHIA, Angelo Coronel ser\u00e1 representado por seu primeiro suplente, o deputado federal Davidson Magalh\u00e3es. \u201cQuero mandar o meu abra\u00e7o para o governador Rui Costa, para o vice, Jo\u00e3o Le\u00e3o, e para meu companheiro de chapa ao Senado, Jaques Wagner. N\u00e3o estarei presente na grande festa que faremos a Haddad e a Manoela, amanh\u00e3, em Vit\u00f3ria da Conquista e Jequi\u00e9, mas estarei muito bem representado por todos eles, por Davidson e pela professora S\u00edlvia Cerqueira, minha segunda suplente. Somos um s\u00f3 time, um s\u00f3 cora\u00e7\u00e3o\u201d, disse Coronel.<\/p>\n<p style=\"text-align: justify;\">Angelo Coronel disse que ir\u00e1 retomar a campanha em um ritmo menos fren\u00e9tico na pr\u00f3xima semana. \u201cRui \u00e9 correria, muita correria, mas vai entender que nesse primeiro instante eu ainda estarei em um est\u00e1gio slow-motion. Contudo, com mais uma semana, estarei de novo no pique total, porque a correria, realmente, n\u00e3o pode parar\u201d, brinca o candidato ao Senado.<\/p>\n<div class='share-to-whatsapp-wrapper'><div class='share-on-whsp'>Share on: <\/div><a data-text='Depois de cirurgia bem-sucedida, Angelo Coronel tem alta hospitalar' data-link='https:\/\/newsinfoco.com.br\/inicio\/depois-de-cirurgia-bem-sucedida-angelo-coronel-tem-alta-hospitalar\/' class='whatsapp-button whatsapp-share'>WhatsApp<\/a><div class='clear '><\/div><\/div>","protected":false},"excerpt":{"rendered":"<p>O candidato ao Senado na Coliga\u00e7\u00e3o MAIS TRABALHO POR TODA A BAHIA e presidente da Assembleia Legislativa da Bahia, Angelo Coronel, teve alta hoje (14) do Hospital Alian\u00e7a, depois de uma bem-sucedida cirurgia, por videolaparoscopia, de colecistite \u2013 inflama\u00e7\u00e3o na ves\u00edcula, realizada anteontem e conduzida pelo Dr. Leonardo Canedo, assistida pelo senador e m\u00e9dico Otto [&hellip;]<\/p>\n","protected":false},"author":1,"featured_media":9428,"comment_status":"open","ping_status":"open","sticky":false,"template":"","format":"standard","meta":{"om_disable_all_campaigns":false,"_exactmetrics_skip_tracking":false,"_exactmetrics_sitenote_active":false,"_exactmetrics_sitenote_note":"","_exactmetrics_sitenote_category":0,"footnotes":""},"categories":[19],"tags":[],"class_list":["post-9427","post","type-post","status-publish","format-standard","has-post-thumbnail","hentry","category-bahia"],"aioseo_notices":[],"_links":{"self":[{"href":"https:\/\/newsinfoco.com.br\/inicio\/wp-json\/wp\/v2\/posts\/9427","targetHints":{"allow":["GET"]}}],"collection":[{"href":"https:\/\/newsinfoco.com.br\/inicio\/wp-json\/wp\/v2\/posts"}],"about":[{"href":"https:\/\/newsinfoco.com.br\/inicio\/wp-json\/wp\/v2\/types\/post"}],"author":[{"embeddable":true,"href":"https:\/\/newsinfoco.com.br\/inicio\/wp-json\/wp\/v2\/users\/1"}],"replies":[{"embeddable":true,"href":"https:\/\/newsinfoco.com.br\/inicio\/wp-json\/wp\/v2\/comments?post=9427"}],"version-history":[{"count":0,"href":"https:\/\/newsinfoco.com.br\/inicio\/wp-json\/wp\/v2\/posts\/9427\/revisions"}],"wp:featuredmedia":[{"embeddable":true,"href":"https:\/\/newsinfoco.com.br\/inicio\/wp-json\/wp\/v2\/media\/9428"}],"wp:attachment":[{"href":"https:\/\/newsinfoco.com.br\/inicio\/wp-json\/wp\/v2\/media?parent=9427"}],"wp:term":[{"taxonomy":"category","embeddable":true,"href":"https:\/\/newsinfoco.com.br\/inicio\/wp-json\/wp\/v2\/categories?post=9427"},{"taxonomy":"post_tag","embeddable":true,"href":"https:\/\/newsinfoco.com.br\/inicio\/wp-json\/wp\/v2\/tags?post=9427"}],"curies":[{"name":"wp","href":"https:\/\/api.w.org\/{rel}","templated":true}]}}