{"id":9433,"date":"2018-09-14T14:07:36","date_gmt":"2018-09-14T17:07:36","guid":{"rendered":"http:\/\/newsinfoco.com.br\/?p=9433"},"modified":"2018-09-14T14:07:36","modified_gmt":"2018-09-14T17:07:36","slug":"jaques-wagner-diz-que-vota-em-alckmin-se-tucano-for-para-2o-turno-contra-bolsonaro","status":"publish","type":"post","link":"https:\/\/newsinfoco.com.br\/inicio\/jaques-wagner-diz-que-vota-em-alckmin-se-tucano-for-para-2o-turno-contra-bolsonaro\/","title":{"rendered":"Jaques Wagner diz que vota em Alckmin se tucano for para 2\u00ba turno contra Bolsonaro"},"content":{"rendered":"<p style=\"text-align: justify;\">O candidato ao Senado pelo PT e ex-governador do estado, Jaques Wagner, voltou a afirmar que num poss\u00edvel segundo turno da elei\u00e7\u00e3o presidencial sem a presen\u00e7a de Fernando Haddad (PT), com Jair Bolsonaro (PSL) e Geraldo Alckmin (PSDB), votar\u00e1 no tucano.<\/p>\n<p style=\"text-align: justify;\">\u201cO PT e o PSDB precisam parar de ser intolerantes um com o outro\u201d, disse \u00e0 imprensa na chegada \u00e0 cerim\u00f4nia de posse do ministro Dias Toffoli na presid\u00eancia do Supremo Tribunal Federal (STF).<\/p><div class=\"newsi-conteudo_19\" id=\"newsi-5257536\"><a href=\"https:\/\/www.instagram.com\/prefeituraalagoinhas?igsh=YzgzdDJ1bWR3aWI4\" aria-label=\"SAVE_20251006_221555\"><img loading=\"lazy\" decoding=\"async\" src=\"https:\/\/newsinfoco.com.br\/inicio\/wp-content\/uploads\/2025\/10\/SAVE_20251006_221555-rotated.jpg\" alt=\"\"  srcset=\"https:\/\/newsinfoco.com.br\/inicio\/wp-content\/uploads\/2025\/10\/SAVE_20251006_221555-rotated.jpg 1140w, https:\/\/newsinfoco.com.br\/inicio\/wp-content\/uploads\/2025\/10\/SAVE_20251006_221555-300x52.jpg 300w, https:\/\/newsinfoco.com.br\/inicio\/wp-content\/uploads\/2025\/10\/SAVE_20251006_221555-1024x177.jpg 1024w, https:\/\/newsinfoco.com.br\/inicio\/wp-content\/uploads\/2025\/10\/SAVE_20251006_221555-768x133.jpg 768w, https:\/\/newsinfoco.com.br\/inicio\/wp-content\/uploads\/2025\/10\/SAVE_20251006_221555-600x104.jpg 600w, https:\/\/newsinfoco.com.br\/inicio\/wp-content\/uploads\/2025\/10\/SAVE_20251006_221555-696x120.jpg 696w, https:\/\/newsinfoco.com.br\/inicio\/wp-content\/uploads\/2025\/10\/SAVE_20251006_221555-1068x185.jpg 1068w\" sizes=\"(max-width: 1140px) 100vw, 1140px\" width=\"1140\" height=\"197\"   \/><\/a><\/div>\n<p style=\"text-align: justify;\">\u201cEu acho que o Haddad j\u00e1 est\u00e1 no segundo turno com Bolsonaro. Mas, se houver uma hecatombe, e ele n\u00e3o for, vou votar no outro\u201d, ressaltou.<\/p>\n<h6 style=\"text-align: right;\"><span style=\"color: #999999;\">Por Matheus Morais\u00a0 para o Bahia.Ba<\/span><\/h6>\n<div class='share-to-whatsapp-wrapper'><div class='share-on-whsp'>Share on: <\/div><a data-text='Jaques Wagner diz que vota em Alckmin se tucano for para 2\u00ba turno contra Bolsonaro' data-link='https:\/\/newsinfoco.com.br\/inicio\/jaques-wagner-diz-que-vota-em-alckmin-se-tucano-for-para-2o-turno-contra-bolsonaro\/' class='whatsapp-button whatsapp-share'>WhatsApp<\/a><div class='clear '><\/div><\/div>","protected":false},"excerpt":{"rendered":"<p>O candidato ao Senado pelo PT e ex-governador do estado, Jaques Wagner, voltou a afirmar que num poss\u00edvel segundo turno da elei\u00e7\u00e3o presidencial sem a presen\u00e7a de Fernando Haddad (PT), com Jair Bolsonaro (PSL) e Geraldo Alckmin (PSDB), votar\u00e1 no tucano. \u201cO PT e o PSDB precisam parar de ser intolerantes um com o outro\u201d, [&hellip;]<\/p>\n","protected":false},"author":1,"featured_media":2553,"comment_status":"open","ping_status":"open","sticky":false,"template":"","format":"standard","meta":{"om_disable_all_campaigns":false,"_exactmetrics_skip_tracking":false,"_exactmetrics_sitenote_active":false,"_exactmetrics_sitenote_note":"","_exactmetrics_sitenote_category":0,"footnotes":""},"categories":[19],"tags":[],"class_list":["post-9433","post","type-post","status-publish","format-standard","has-post-thumbnail","hentry","category-bahia"],"aioseo_notices":[],"_links":{"self":[{"href":"https:\/\/newsinfoco.com.br\/inicio\/wp-json\/wp\/v2\/posts\/9433","targetHints":{"allow":["GET"]}}],"collection":[{"href":"https:\/\/newsinfoco.com.br\/inicio\/wp-json\/wp\/v2\/posts"}],"about":[{"href":"https:\/\/newsinfoco.com.br\/inicio\/wp-json\/wp\/v2\/types\/post"}],"author":[{"embeddable":true,"href":"https:\/\/newsinfoco.com.br\/inicio\/wp-json\/wp\/v2\/users\/1"}],"replies":[{"embeddable":true,"href":"https:\/\/newsinfoco.com.br\/inicio\/wp-json\/wp\/v2\/comments?post=9433"}],"version-history":[{"count":0,"href":"https:\/\/newsinfoco.com.br\/inicio\/wp-json\/wp\/v2\/posts\/9433\/revisions"}],"wp:featuredmedia":[{"embeddable":true,"href":"https:\/\/newsinfoco.com.br\/inicio\/wp-json\/wp\/v2\/media\/2553"}],"wp:attachment":[{"href":"https:\/\/newsinfoco.com.br\/inicio\/wp-json\/wp\/v2\/media?parent=9433"}],"wp:term":[{"taxonomy":"category","embeddable":true,"href":"https:\/\/newsinfoco.com.br\/inicio\/wp-json\/wp\/v2\/categories?post=9433"},{"taxonomy":"post_tag","embeddable":true,"href":"https:\/\/newsinfoco.com.br\/inicio\/wp-json\/wp\/v2\/tags?post=9433"}],"curies":[{"name":"wp","href":"https:\/\/api.w.org\/{rel}","templated":true}]}}