{"id":9435,"date":"2018-09-14T14:11:21","date_gmt":"2018-09-14T17:11:21","guid":{"rendered":"http:\/\/newsinfoco.com.br\/?p=9435"},"modified":"2018-09-14T14:11:21","modified_gmt":"2018-09-14T17:11:21","slug":"tuca-fernandes-lanca-nas-plataformas-versao-acustica-de-amor-amor-grande-sucesso-de-sua-carreira","status":"publish","type":"post","link":"https:\/\/newsinfoco.com.br\/inicio\/tuca-fernandes-lanca-nas-plataformas-versao-acustica-de-amor-amor-grande-sucesso-de-sua-carreira\/","title":{"rendered":"Tuca Fernandes lan\u00e7a nas plataformas, vers\u00e3o ac\u00fastica de \u201cAmor Amor\u201d, grande sucesso de sua carreira"},"content":{"rendered":"<p style=\"text-align: justify;\">Sempre se reinventando em seus projetos, Tuca Fernandes acaba de lan\u00e7ar uma vers\u00e3o ac\u00fastica da can\u00e7\u00e3o \u201cAmor Amor\u201d, um dos principais sucessos de sua carreira.<\/p>\n<p style=\"text-align: justify;\">O cantor baiano, que \u00e9 respons\u00e1vel por grandes cl\u00e1ssicos do Ax\u00e9 Music, dedicou-se integralmente ao novo trabalho, mostrando sua versatilidade para al\u00e9m do vocal. Isso porque, al\u00e9m de cantar e tocar viol\u00e3o, o artista mostrou talento tamb\u00e9m na produ\u00e7\u00e3o da m\u00fasica, gravada e finalizada em seu pr\u00f3prio est\u00fadio, sem participa\u00e7\u00e3o de mais nenhum profissional.<\/p><div class=\"newsi-conteudo_19\" id=\"newsi-656434837\"><a href=\"https:\/\/www.instagram.com\/prefeituraalagoinhas?igsh=YzgzdDJ1bWR3aWI4\" aria-label=\"SAVE_20251006_221555\"><img loading=\"lazy\" decoding=\"async\" src=\"https:\/\/newsinfoco.com.br\/inicio\/wp-content\/uploads\/2025\/10\/SAVE_20251006_221555-rotated.jpg\" alt=\"\"  srcset=\"https:\/\/newsinfoco.com.br\/inicio\/wp-content\/uploads\/2025\/10\/SAVE_20251006_221555-rotated.jpg 1140w, https:\/\/newsinfoco.com.br\/inicio\/wp-content\/uploads\/2025\/10\/SAVE_20251006_221555-300x52.jpg 300w, https:\/\/newsinfoco.com.br\/inicio\/wp-content\/uploads\/2025\/10\/SAVE_20251006_221555-1024x177.jpg 1024w, https:\/\/newsinfoco.com.br\/inicio\/wp-content\/uploads\/2025\/10\/SAVE_20251006_221555-768x133.jpg 768w, https:\/\/newsinfoco.com.br\/inicio\/wp-content\/uploads\/2025\/10\/SAVE_20251006_221555-600x104.jpg 600w, https:\/\/newsinfoco.com.br\/inicio\/wp-content\/uploads\/2025\/10\/SAVE_20251006_221555-696x120.jpg 696w, https:\/\/newsinfoco.com.br\/inicio\/wp-content\/uploads\/2025\/10\/SAVE_20251006_221555-1068x185.jpg 1068w\" sizes=\"(max-width: 1140px) 100vw, 1140px\" width=\"1140\" height=\"197\"   \/><\/a><\/div>\n<p style=\"text-align: justify;\">\u201cUm dia, no est\u00fadio, coloquei pra gravar e cantei ela apenas voz e viol\u00e3o. Depois de algumas horas fazendo os ajustes na grava\u00e7\u00e3o e ouvindo o resultado, tive a ideia compartilhar com a galera. Confesso que essa can\u00e7\u00e3o \u00e9 uma das minhas favoritas, sempre gostei da sonoridade dela no ac\u00fastico! Agora posso dividir isso com meus f\u00e3s\u201d, comenta Tuca Fernandes, que se empolgou com a ideia dos ac\u00fasticos e vai promover lan\u00e7amentos sequenciais de singles cl\u00e1ssicos e in\u00e9ditos, em suas plataformas digitais de \u00e1udio.<\/p>\n<p style=\"text-align: justify;\">\u201cAmor Amor\u201d ganhou tamb\u00e9m um registro de imagem, que tamb\u00e9m foi lan\u00e7ado hoje, no canal do Youtube do artista https:\/\/www.youtube.com\/watch?v=xvI7XKi0NiU&amp;feature=youtu.be<\/p>\n<div class='share-to-whatsapp-wrapper'><div class='share-on-whsp'>Share on: <\/div><a data-text='Tuca Fernandes lan\u00e7a nas plataformas, vers\u00e3o ac\u00fastica de \u201cAmor Amor\u201d, grande sucesso de sua carreira' data-link='https:\/\/newsinfoco.com.br\/inicio\/tuca-fernandes-lanca-nas-plataformas-versao-acustica-de-amor-amor-grande-sucesso-de-sua-carreira\/' class='whatsapp-button whatsapp-share'>WhatsApp<\/a><div class='clear '><\/div><\/div>","protected":false},"excerpt":{"rendered":"<p>Sempre se reinventando em seus projetos, Tuca Fernandes acaba de lan\u00e7ar uma vers\u00e3o ac\u00fastica da can\u00e7\u00e3o \u201cAmor Amor\u201d, um dos principais sucessos de sua carreira. O cantor baiano, que \u00e9 respons\u00e1vel por grandes cl\u00e1ssicos do Ax\u00e9 Music, dedicou-se integralmente ao novo trabalho, mostrando sua versatilidade para al\u00e9m do vocal. Isso porque, al\u00e9m de cantar e [&hellip;]<\/p>\n","protected":false},"author":1,"featured_media":9436,"comment_status":"open","ping_status":"open","sticky":false,"template":"","format":"standard","meta":{"om_disable_all_campaigns":false,"_exactmetrics_skip_tracking":false,"_exactmetrics_sitenote_active":false,"_exactmetrics_sitenote_note":"","_exactmetrics_sitenote_category":0,"footnotes":""},"categories":[29],"tags":[],"class_list":["post-9435","post","type-post","status-publish","format-standard","has-post-thumbnail","hentry","category-cultura"],"aioseo_notices":[],"_links":{"self":[{"href":"https:\/\/newsinfoco.com.br\/inicio\/wp-json\/wp\/v2\/posts\/9435","targetHints":{"allow":["GET"]}}],"collection":[{"href":"https:\/\/newsinfoco.com.br\/inicio\/wp-json\/wp\/v2\/posts"}],"about":[{"href":"https:\/\/newsinfoco.com.br\/inicio\/wp-json\/wp\/v2\/types\/post"}],"author":[{"embeddable":true,"href":"https:\/\/newsinfoco.com.br\/inicio\/wp-json\/wp\/v2\/users\/1"}],"replies":[{"embeddable":true,"href":"https:\/\/newsinfoco.com.br\/inicio\/wp-json\/wp\/v2\/comments?post=9435"}],"version-history":[{"count":0,"href":"https:\/\/newsinfoco.com.br\/inicio\/wp-json\/wp\/v2\/posts\/9435\/revisions"}],"wp:featuredmedia":[{"embeddable":true,"href":"https:\/\/newsinfoco.com.br\/inicio\/wp-json\/wp\/v2\/media\/9436"}],"wp:attachment":[{"href":"https:\/\/newsinfoco.com.br\/inicio\/wp-json\/wp\/v2\/media?parent=9435"}],"wp:term":[{"taxonomy":"category","embeddable":true,"href":"https:\/\/newsinfoco.com.br\/inicio\/wp-json\/wp\/v2\/categories?post=9435"},{"taxonomy":"post_tag","embeddable":true,"href":"https:\/\/newsinfoco.com.br\/inicio\/wp-json\/wp\/v2\/tags?post=9435"}],"curies":[{"name":"wp","href":"https:\/\/api.w.org\/{rel}","templated":true}]}}