{"id":9441,"date":"2018-09-14T14:17:55","date_gmt":"2018-09-14T17:17:55","guid":{"rendered":"http:\/\/newsinfoco.com.br\/?p=9441"},"modified":"2018-09-14T14:17:55","modified_gmt":"2018-09-14T17:17:55","slug":"como-o-japao-pretende-levar-pessoas-ao-espaco-de-elevador","status":"publish","type":"post","link":"https:\/\/newsinfoco.com.br\/inicio\/como-o-japao-pretende-levar-pessoas-ao-espaco-de-elevador\/","title":{"rendered":"Como o Jap\u00e3o pretende levar pessoas ao espa\u00e7o de elevador"},"content":{"rendered":"<p style=\"text-align: justify;\">Parece fic\u00e7\u00e3o cient\u00edfica, mas \u00e9 um plano concreto: um elevador que leva pessoas at\u00e9 o espa\u00e7o. O projeto vem do Jap\u00e3o, que quer ser o primeiro pa\u00eds do mundo a transportar viajantes dessa maneira.<\/p>\n<p style=\"text-align: justify;\">A ideia \u00e9 construir um elevador capaz de transportar at\u00e9 30 indiv\u00edduos dentro de uma esp\u00e9cie de cont\u00eainer em formato oval que se mover\u00e1 a 200 km\/h em trajeto de oito dias. Um motor el\u00e9trico impulsionaria a cabine atrav\u00e9s do cabo, que teria um comprimento total de 96 mil km.<\/p><div class=\"newsi-conteudo_19\" id=\"newsi-4290164671\"><a href=\"https:\/\/www.instagram.com\/prefeituraalagoinhas?igsh=YzgzdDJ1bWR3aWI4\" aria-label=\"SAVE_20251006_221555\"><img loading=\"lazy\" decoding=\"async\" src=\"https:\/\/newsinfoco.com.br\/inicio\/wp-content\/uploads\/2025\/10\/SAVE_20251006_221555-rotated.jpg\" alt=\"\"  srcset=\"https:\/\/newsinfoco.com.br\/inicio\/wp-content\/uploads\/2025\/10\/SAVE_20251006_221555-rotated.jpg 1140w, https:\/\/newsinfoco.com.br\/inicio\/wp-content\/uploads\/2025\/10\/SAVE_20251006_221555-300x52.jpg 300w, https:\/\/newsinfoco.com.br\/inicio\/wp-content\/uploads\/2025\/10\/SAVE_20251006_221555-1024x177.jpg 1024w, https:\/\/newsinfoco.com.br\/inicio\/wp-content\/uploads\/2025\/10\/SAVE_20251006_221555-768x133.jpg 768w, https:\/\/newsinfoco.com.br\/inicio\/wp-content\/uploads\/2025\/10\/SAVE_20251006_221555-600x104.jpg 600w, https:\/\/newsinfoco.com.br\/inicio\/wp-content\/uploads\/2025\/10\/SAVE_20251006_221555-696x120.jpg 696w, https:\/\/newsinfoco.com.br\/inicio\/wp-content\/uploads\/2025\/10\/SAVE_20251006_221555-1068x185.jpg 1068w\" sizes=\"(max-width: 1140px) 100vw, 1140px\" width=\"1140\" height=\"197\"   \/><\/a><\/div>\n<p style=\"text-align: justify;\">Para tanto, o pa\u00eds deve lan\u00e7ar um teste, o primeiro do tipo no espa\u00e7o. Um foguete com um mini-elevador de 10 cm ser\u00e1 lan\u00e7ado da ilha japonesa de Tanegashima e, quando chegar ao espa\u00e7o, viajar\u00e1 por um cabo de 10 metros suspenso entre dois mini sat\u00e9lites.<\/p>\n<p style=\"text-align: justify;\">O teste estava previsto para dia 10 de setembro, mas a previs\u00e3o de chegada do tuf\u00e3o Jebi atrasou seu lan\u00e7amento.<\/p>\n<p style=\"text-align: justify;\">Os respons\u00e1veis pelo projeto, que pretende chegar at\u00e9 a Esta\u00e7\u00e3o Espacial Internacional, a 400 km de altura, s\u00e3o uma equipe de especialistas da faculdade de Engenharia da Universidade Shizuoka. No teste, uma c\u00e2mera acoplada \u00e0 estrutura registrar\u00e1 cada um dos movimentos.<\/p>\n<p style=\"text-align: justify;\">Mas essa ideia n\u00e3o \u00e9 nova. Cientistas sonham com ela h\u00e1 d\u00e9cadas.<\/p>\n<h3 style=\"text-align: justify;\">Velocidade m\u00e1xima<\/h3>\n<p style=\"text-align: justify;\">Em 1895, o f\u00edsico russo Konstantin Tsiolkovsky ficou deslumbrado com a Torre Eiffel, em Paris. E pensou que poderia usar uma estrutura similar para lan\u00e7ar corpos ao espa\u00e7o.<\/p>\n<p style=\"text-align: justify;\">A ideia era usar a for\u00e7a centr\u00edfuga da rota\u00e7\u00e3o do planeta, como se fosse uma corda amarrada a uma bola de futebol que gira, para impulsionar a estrutura.<\/p>\n<p style=\"text-align: justify;\">Mas como concretizar essa ideia?<\/p>\n<p style=\"text-align: justify;\">Os cientistas japoneses confiam em seu sistema, desenvolvido pela empresa Obayashi Corporation com custos de quase US$ 9 milh\u00f5es (cerca de R$ 38 milh\u00f5es).<\/p>\n<p style=\"text-align: justify;\">&#8220;Nossos especialistas em constru\u00e7\u00e3o, clima, din\u00e2mica do vento e design dizem que \u00e9 poss\u00edvel&#8221;, disse um porta-voz da empresa quando o projeto estava em sua fase inicial.<\/p>\n<p style=\"text-align: justify;\">Espera-se que ele esteja pronto para ser lan\u00e7ado at\u00e9 o ano 2050.<\/p>\n<p style=\"text-align: justify;\">&#8220;Em teoria, um elevador espacial \u00e9 altamente plaus\u00edvel. As viagens espaciais podem tornar-se algo popular no futuro&#8221;, disse Yoji Ishikawa, que dirige a equipe de pesquisa.<\/p>\n<p style=\"text-align: justify;\">Nem todos est\u00e3o de acordo.<\/p>\n<h3 style=\"text-align: justify;\">Ventos contr\u00e1rios<\/h3>\n<p style=\"text-align: justify;\">O maior desafio \u00e9 encontrar material suficientemente forte para enfrentar a gravidade e os ventos da atmosfera. Por isso os projetos at\u00e9 agora prop\u00f5em nanotubos de carbono, material muito mais forte que a\u00e7o.<\/p>\n<p style=\"text-align: justify;\">A Nasa e a Ag\u00eancia Espacial Europeia tamb\u00e9m querem tornar vi\u00e1vel a ideia do elevador espacial &#8211; o f\u00edsico americano Bradley C. Edwards disse que \u00e9 preciso pelo menos mais 20 anos para constru\u00ed-lo.<\/p>\n<p style=\"text-align: justify;\">Em 2009, a Ag\u00eancia Espacial Europeia mostrou um prot\u00f3tipo do objeto na Segunda Confer\u00eancia Internacional de Elevadores Espaciais.<\/p>\n<p style=\"text-align: justify;\">Mais tarde, a empresa canadense Thoth Technology Inc. conseguiu obter uma patente nos Estados Unidos para criar uma torre infl\u00e1vel de 20 km de altura que alcan\u00e7aria o mesmo prop\u00f3sito.<\/p>\n<p style=\"text-align: justify;\">Para o empres\u00e1rio Elon Musk, que tem uma empresa de explora\u00e7\u00e3o espacial, a SpaceX, a ideia \u00e9 &#8220;extremamente complicada&#8221;.<\/p>\n<p style=\"text-align: justify;\">&#8220;N\u00e3o acho que seja realista criar um elevador espacial. Seria mais f\u00e1cil construir uma ponte de Los Angeles a T\u00f3quio&#8221;, disse em uma confer\u00eancia no MIT.<\/p>\n<p style=\"text-align: right;\"><span style=\"color: #999999;\">BBC<\/span><\/p>\n<div class='share-to-whatsapp-wrapper'><div class='share-on-whsp'>Share on: <\/div><a data-text='Como o Jap\u00e3o pretende levar pessoas ao espa\u00e7o de elevador' data-link='https:\/\/newsinfoco.com.br\/inicio\/como-o-japao-pretende-levar-pessoas-ao-espaco-de-elevador\/' class='whatsapp-button whatsapp-share'>WhatsApp<\/a><div class='clear '><\/div><\/div>","protected":false},"excerpt":{"rendered":"<p>Parece fic\u00e7\u00e3o cient\u00edfica, mas \u00e9 um plano concreto: um elevador que leva pessoas at\u00e9 o espa\u00e7o. O projeto vem do Jap\u00e3o, que quer ser o primeiro pa\u00eds do mundo a transportar viajantes dessa maneira. A ideia \u00e9 construir um elevador capaz de transportar at\u00e9 30 indiv\u00edduos dentro de uma esp\u00e9cie de cont\u00eainer em formato oval [&hellip;]<\/p>\n","protected":false},"author":1,"featured_media":9442,"comment_status":"open","ping_status":"open","sticky":false,"template":"","format":"standard","meta":{"om_disable_all_campaigns":false,"_exactmetrics_skip_tracking":false,"_exactmetrics_sitenote_active":false,"_exactmetrics_sitenote_note":"","_exactmetrics_sitenote_category":0,"footnotes":""},"categories":[22],"tags":[],"class_list":["post-9441","post","type-post","status-publish","format-standard","has-post-thumbnail","hentry","category-ciencia-e-tecnologia"],"aioseo_notices":[],"_links":{"self":[{"href":"https:\/\/newsinfoco.com.br\/inicio\/wp-json\/wp\/v2\/posts\/9441","targetHints":{"allow":["GET"]}}],"collection":[{"href":"https:\/\/newsinfoco.com.br\/inicio\/wp-json\/wp\/v2\/posts"}],"about":[{"href":"https:\/\/newsinfoco.com.br\/inicio\/wp-json\/wp\/v2\/types\/post"}],"author":[{"embeddable":true,"href":"https:\/\/newsinfoco.com.br\/inicio\/wp-json\/wp\/v2\/users\/1"}],"replies":[{"embeddable":true,"href":"https:\/\/newsinfoco.com.br\/inicio\/wp-json\/wp\/v2\/comments?post=9441"}],"version-history":[{"count":0,"href":"https:\/\/newsinfoco.com.br\/inicio\/wp-json\/wp\/v2\/posts\/9441\/revisions"}],"wp:featuredmedia":[{"embeddable":true,"href":"https:\/\/newsinfoco.com.br\/inicio\/wp-json\/wp\/v2\/media\/9442"}],"wp:attachment":[{"href":"https:\/\/newsinfoco.com.br\/inicio\/wp-json\/wp\/v2\/media?parent=9441"}],"wp:term":[{"taxonomy":"category","embeddable":true,"href":"https:\/\/newsinfoco.com.br\/inicio\/wp-json\/wp\/v2\/categories?post=9441"},{"taxonomy":"post_tag","embeddable":true,"href":"https:\/\/newsinfoco.com.br\/inicio\/wp-json\/wp\/v2\/tags?post=9441"}],"curies":[{"name":"wp","href":"https:\/\/api.w.org\/{rel}","templated":true}]}}