{"id":9470,"date":"2018-09-14T20:04:23","date_gmt":"2018-09-14T23:04:23","guid":{"rendered":"http:\/\/newsinfoco.com.br\/?p=9470"},"modified":"2018-09-14T20:04:23","modified_gmt":"2018-09-14T23:04:23","slug":"resultados-efetivos-para-a-educacao-alagoinhas-registra-crescimento-no-ideb-anos-iniciais-e-aponta-maior-crescimento-dos-ultimos-12-anos-com-a-nota-da-prova-brasil","status":"publish","type":"post","link":"https:\/\/newsinfoco.com.br\/inicio\/resultados-efetivos-para-a-educacao-alagoinhas-registra-crescimento-no-ideb-anos-iniciais-e-aponta-maior-crescimento-dos-ultimos-12-anos-com-a-nota-da-prova-brasil\/","title":{"rendered":"Resultados efetivos para a educa\u00e7\u00e3o: Alagoinhas registra crescimento no IDEB Anos Iniciais e aponta maior crescimento dos \u00faltimos 12 anos com a nota da Prova Brasil"},"content":{"rendered":"<p style=\"text-align: justify;\"><span style=\"color: #000000;\">A Prefeitura de Alagoinhas, atrav\u00e9s da Secretaria de Educa\u00e7\u00e3o (SEDUC), divulgou n\u00fameros relevantes para a avalia\u00e7\u00e3o de a\u00e7\u00f5es do munic\u00edpio junto \u00e0s unidades escolares. \u00c9 que, em rela\u00e7\u00e3o ao aprendizado de alunos nos anos iniciais e no ensino fundamental, o munic\u00edpio alcan\u00e7ou a maior nota na Prova Brasil de uma s\u00e9rie hist\u00f3rica, apontando o crescimento mais significativo dos \u00faltimos 12 anos.<\/span><\/p>\n<p style=\"text-align: justify;\"><span style=\"color: #000000;\">Com rela\u00e7\u00e3o ao \u00cdndice de Desenvolvimento da Educa\u00e7\u00e3o B\u00e1sica (Ideb) nos anos iniciais, n\u00e3o foi diferente. O munic\u00edpio contabilizou um aumento de 8% na m\u00e9dia de desempenho, apresentando o maior crescimento dos \u00faltimos 10 anos.<\/span><\/p><div class=\"newsi-conteudo_19\" id=\"newsi-1276920373\"><a href=\"https:\/\/www.instagram.com\/prefeituraalagoinhas?igsh=YzgzdDJ1bWR3aWI4\" aria-label=\"SAVE_20251006_221555\"><img loading=\"lazy\" decoding=\"async\" src=\"https:\/\/newsinfoco.com.br\/inicio\/wp-content\/uploads\/2025\/10\/SAVE_20251006_221555-rotated.jpg\" alt=\"\"  srcset=\"https:\/\/newsinfoco.com.br\/inicio\/wp-content\/uploads\/2025\/10\/SAVE_20251006_221555-rotated.jpg 1140w, https:\/\/newsinfoco.com.br\/inicio\/wp-content\/uploads\/2025\/10\/SAVE_20251006_221555-300x52.jpg 300w, https:\/\/newsinfoco.com.br\/inicio\/wp-content\/uploads\/2025\/10\/SAVE_20251006_221555-1024x177.jpg 1024w, https:\/\/newsinfoco.com.br\/inicio\/wp-content\/uploads\/2025\/10\/SAVE_20251006_221555-768x133.jpg 768w, https:\/\/newsinfoco.com.br\/inicio\/wp-content\/uploads\/2025\/10\/SAVE_20251006_221555-600x104.jpg 600w, https:\/\/newsinfoco.com.br\/inicio\/wp-content\/uploads\/2025\/10\/SAVE_20251006_221555-696x120.jpg 696w, https:\/\/newsinfoco.com.br\/inicio\/wp-content\/uploads\/2025\/10\/SAVE_20251006_221555-1068x185.jpg 1068w\" sizes=\"(max-width: 1140px) 100vw, 1140px\" width=\"1140\" height=\"197\"   \/><\/a><\/div>\n<p style=\"text-align: justify;\"><span style=\"color: #000000;\">A SEDUC informou tamb\u00e9m que 9 escolas atingiram a meta nos anos iniciais e que, com as a\u00e7\u00f5es desenvolvidas junto ao corpo docente e aos estudantes, a expectativa \u00e9 fazer ainda mais.<\/span><\/p>\n<p style=\"text-align: justify;\"><span style=\"color: #000000;\">\u201cEmbora n\u00e3o tenhamos batido a meta do Ideb para o munic\u00edpio, \u00e9 preciso destacar que o crescimento no desempenho mostra o resultado de um trabalho em curso. \u00c9 necess\u00e1rio ressaltar que em 2017, quando a prova foi feita, havia poucos meses de gest\u00e3o e muitas das mudan\u00e7as ainda estavam em fase inicial, mas \u00e9 excelente observar que j\u00e1 interferiram no processo de aprendizagem dos alunos. Melhoramos muito. O Ideb n\u00e3o \u00e9 a nota de um governo. O Ideb \u00e9 um \u00edndice representativo que avalia a qualidade da educa\u00e7\u00e3o no munic\u00edpio. Ele \u00e9 processo. Os professores t\u00eam percebido isso e para a gest\u00e3o \u00e9 importante mobiliz\u00e1-los. Em 2020, teremos ainda mais avan\u00e7os para comemorar\u201d, pontuou Keite Lima, diretora pedag\u00f3gica da SEDUC.<\/span><\/p>\n<p style=\"text-align: justify;\"><span style=\"color: #000000;\">Para o secret\u00e1rio municipal de educa\u00e7\u00e3o, Fabr\u00edcio Faro, os resultados positivos s\u00e3o reflexos de um conjunto de a\u00e7\u00f5es desenvolvidas desde o primeiro dia de trabalho com profissionais da pasta. \u201cS\u00e3o frutos de um trabalho de responsabilidade do grupo com a equipe escolar. Nosso objetivo principal n\u00e3o \u00e9 uma premia\u00e7\u00e3o. Nosso intuito \u00e9 garantir um ensino de qualidade e o aprendizado para alunos de todas as unidades. Vamos dar continuidade \u00e0s a\u00e7\u00f5es, \u00e0s parcerias, \u00e0s melhorias de infraestrutura, para garantir um ambiente de qualidade aos estudantes, e aos cursos de qualifica\u00e7\u00e3o, que mant\u00eam atualizados os professores da rede de ensino\u201d, assegurou.<\/span><\/p>\n<p style=\"text-align: justify;\"><span style=\"color: #000000;\">A SEDUC informou que, desde 2017, vem promovendo refor\u00e7o escolar, aul\u00f5es do Aprova Alagoinhas, parcerias, simulados e capacita\u00e7\u00f5es. A Secretaria enfatizou tamb\u00e9m que tem investido em inova\u00e7\u00e3o, incorporando ferramentas digitais \u00e0 pr\u00e1tica pedag\u00f3gica para buscar, atrav\u00e9s de um processo colaborativo, de compartilhamento, o desenvolvimento de novas habilidades.<\/span><\/p>\n<p style=\"text-align: justify;\"><span style=\"color: #000000;\">Os profissionais destacaram que novas iniciativas est\u00e3o sendo desenvolvidas n\u00e3o apenas com alunos, mas com professores da rede, que multiplicam o conhecimento adquirido.<\/span><\/p>\n<p style=\"text-align: justify;\"><span style=\"color: #000000;\">A SEDUC comunicou que a prova Brasil \u00e9 realizada periodicamente a cada 2 anos e que espera resultados ainda mais completos e impactantes na pr\u00f3xima avalia\u00e7\u00e3o.<\/span><\/p>\n<h5 style=\"text-align: right;\"><span style=\"color: #999999;\">Fonte: SECOM SEDUC<\/span><\/h5>\n<div style=\"text-align: justify;\" align=\"right\"><\/div>\n<div class='share-to-whatsapp-wrapper'><div class='share-on-whsp'>Share on: <\/div><a data-text='Resultados efetivos para a educa\u00e7\u00e3o: Alagoinhas registra crescimento no IDEB Anos Iniciais e aponta maior crescimento dos \u00faltimos 12 anos com a nota da Prova Brasil' data-link='https:\/\/newsinfoco.com.br\/inicio\/resultados-efetivos-para-a-educacao-alagoinhas-registra-crescimento-no-ideb-anos-iniciais-e-aponta-maior-crescimento-dos-ultimos-12-anos-com-a-nota-da-prova-brasil\/' class='whatsapp-button whatsapp-share'>WhatsApp<\/a><div class='clear '><\/div><\/div>","protected":false},"excerpt":{"rendered":"<p>A Prefeitura de Alagoinhas, atrav\u00e9s da Secretaria de Educa\u00e7\u00e3o (SEDUC), divulgou n\u00fameros relevantes para a avalia\u00e7\u00e3o de a\u00e7\u00f5es do munic\u00edpio junto \u00e0s unidades escolares. \u00c9 que, em rela\u00e7\u00e3o ao aprendizado de alunos nos anos iniciais e no ensino fundamental, o munic\u00edpio alcan\u00e7ou a maior nota na Prova Brasil de uma s\u00e9rie hist\u00f3rica, apontando o crescimento [&hellip;]<\/p>\n","protected":false},"author":1,"featured_media":9471,"comment_status":"open","ping_status":"open","sticky":false,"template":"","format":"standard","meta":{"om_disable_all_campaigns":false,"_exactmetrics_skip_tracking":false,"_exactmetrics_sitenote_active":false,"_exactmetrics_sitenote_note":"","_exactmetrics_sitenote_category":0,"footnotes":""},"categories":[38,30],"tags":[53,54,107],"class_list":["post-9470","post","type-post","status-publish","format-standard","has-post-thumbnail","hentry","category-alagoinhas-e-regiao","category-destaque","tag-alagoinhas","tag-prefeitura","tag-secom-seduc"],"aioseo_notices":[],"_links":{"self":[{"href":"https:\/\/newsinfoco.com.br\/inicio\/wp-json\/wp\/v2\/posts\/9470","targetHints":{"allow":["GET"]}}],"collection":[{"href":"https:\/\/newsinfoco.com.br\/inicio\/wp-json\/wp\/v2\/posts"}],"about":[{"href":"https:\/\/newsinfoco.com.br\/inicio\/wp-json\/wp\/v2\/types\/post"}],"author":[{"embeddable":true,"href":"https:\/\/newsinfoco.com.br\/inicio\/wp-json\/wp\/v2\/users\/1"}],"replies":[{"embeddable":true,"href":"https:\/\/newsinfoco.com.br\/inicio\/wp-json\/wp\/v2\/comments?post=9470"}],"version-history":[{"count":0,"href":"https:\/\/newsinfoco.com.br\/inicio\/wp-json\/wp\/v2\/posts\/9470\/revisions"}],"wp:featuredmedia":[{"embeddable":true,"href":"https:\/\/newsinfoco.com.br\/inicio\/wp-json\/wp\/v2\/media\/9471"}],"wp:attachment":[{"href":"https:\/\/newsinfoco.com.br\/inicio\/wp-json\/wp\/v2\/media?parent=9470"}],"wp:term":[{"taxonomy":"category","embeddable":true,"href":"https:\/\/newsinfoco.com.br\/inicio\/wp-json\/wp\/v2\/categories?post=9470"},{"taxonomy":"post_tag","embeddable":true,"href":"https:\/\/newsinfoco.com.br\/inicio\/wp-json\/wp\/v2\/tags?post=9470"}],"curies":[{"name":"wp","href":"https:\/\/api.w.org\/{rel}","templated":true}]}}