{"id":9473,"date":"2018-09-14T20:09:58","date_gmt":"2018-09-14T23:09:58","guid":{"rendered":"http:\/\/newsinfoco.com.br\/?p=9473"},"modified":"2018-09-14T20:09:58","modified_gmt":"2018-09-14T23:09:58","slug":"programacao-especial-marca-semana-nacional-de-transito-a-partir-da-proxima-terca18","status":"publish","type":"post","link":"https:\/\/newsinfoco.com.br\/inicio\/programacao-especial-marca-semana-nacional-de-transito-a-partir-da-proxima-terca18\/","title":{"rendered":"Programa\u00e7\u00e3o especial marca Semana Nacional de Tr\u00e2nsito, a partir da pr\u00f3xima ter\u00e7a(18)"},"content":{"rendered":"<p style=\"text-align: justify;\"><span style=\"color: #000000;\">Come\u00e7a nesta ter\u00e7a-feira (18), a programa\u00e7\u00e3o da Semana Nacional de Tr\u00e2nsito em Alagoinhas. Realizada pela Superintend\u00eancia Municipal de Transporte e Tr\u00e2nsito(SMTT), a mobiliza\u00e7\u00e3o tem o prop\u00f3sito de conscientizar \u00a0pedestres, ciclistas, motociclistas e motoristas, al\u00e9m de promover a seguran\u00e7a no tr\u00e2nsito e a mobilidade urbana sustent\u00e1vel. O tema da campanha este ano \u00e9 \u201cN\u00f3s Somos o Tr\u00e2nsito\u201d.<\/span><\/p>\n<p style=\"text-align: justify;\"><span style=\"color: #000000;\">Durante a semana, ser\u00e3o realizadas blitzes educativas e atividades em parceria com a Pol\u00edcia Militar, CIRETRAN, N\u00facleo Regional de Sa\u00fade Nordeste, alunos e professores do CETASS, CETEP e apresenta\u00e7\u00f5es culturais O encerramento ser\u00e1 no Dia Nacional do Tr\u00e2nsito, institu\u00eddo em 25 de setembro, data em que se comemora a cria\u00e7\u00e3o do C\u00f3digo de Tr\u00e2nsito Brasileiro (CTB).<\/span><\/p><div class=\"newsi-conteudo_19\" id=\"newsi-3703042069\"><a href=\"https:\/\/www.instagram.com\/prefeituraalagoinhas?igsh=YzgzdDJ1bWR3aWI4\" aria-label=\"SAVE_20251006_221555\"><img loading=\"lazy\" decoding=\"async\" src=\"https:\/\/newsinfoco.com.br\/inicio\/wp-content\/uploads\/2025\/10\/SAVE_20251006_221555-rotated.jpg\" alt=\"\"  srcset=\"https:\/\/newsinfoco.com.br\/inicio\/wp-content\/uploads\/2025\/10\/SAVE_20251006_221555-rotated.jpg 1140w, https:\/\/newsinfoco.com.br\/inicio\/wp-content\/uploads\/2025\/10\/SAVE_20251006_221555-300x52.jpg 300w, https:\/\/newsinfoco.com.br\/inicio\/wp-content\/uploads\/2025\/10\/SAVE_20251006_221555-1024x177.jpg 1024w, https:\/\/newsinfoco.com.br\/inicio\/wp-content\/uploads\/2025\/10\/SAVE_20251006_221555-768x133.jpg 768w, https:\/\/newsinfoco.com.br\/inicio\/wp-content\/uploads\/2025\/10\/SAVE_20251006_221555-600x104.jpg 600w, https:\/\/newsinfoco.com.br\/inicio\/wp-content\/uploads\/2025\/10\/SAVE_20251006_221555-696x120.jpg 696w, https:\/\/newsinfoco.com.br\/inicio\/wp-content\/uploads\/2025\/10\/SAVE_20251006_221555-1068x185.jpg 1068w\" sizes=\"(max-width: 1140px) 100vw, 1140px\" width=\"1140\" height=\"197\"   \/><\/a><\/div>\n<p style=\"text-align: justify;\"><span style=\"color: #000000;\"><strong>Confira a programa\u00e7\u00e3o:<\/strong><\/span><\/p>\n<p style=\"text-align: justify;\"><span style=\"color: #000000;\"><strong>Dia: 18 de setembro<\/strong><\/span><\/p>\n<p style=\"text-align: justify;\"><span style=\"color: #000000;\"><strong>Abertura<\/strong><\/span><\/p>\n<p style=\"text-align: justify;\"><span style=\"color: #000000;\"><strong>Palestra na Faculdade Santo Antonio \u2013 Rua do Catu<\/strong><\/span><\/p>\n<p style=\"text-align: justify;\"><span style=\"color: #000000;\">Tema: N\u00f3s somos o Tr\u00e2nsito<\/span><\/p>\n<p style=\"text-align: justify;\"><span style=\"color: #000000;\">Hor\u00e1rio: 19h<\/span><\/p>\n<p style=\"text-align: justify;\"><span style=\"color: #000000;\">Palestrantes:<\/span><\/p>\n<p style=\"text-align: justify;\"><span style=\"color: #000000;\">Dr. Hilton da Silva ( Procurador da SMTT)<\/span><\/p>\n<p style=\"text-align: justify;\"><span style=\"color: #000000;\">Vitor Vergasta ( Coordenador da Ciretran )<\/span><\/p>\n<p style=\"text-align: justify;\"><span style=\"color: #000000;\">Alex Cunha Oliveira ( Sub tenente da PM )<\/span><\/p>\n<p style=\"text-align: justify;\"><span style=\"color: #000000;\"><strong>Dia: 19 de Setembro<\/strong><\/span><\/p>\n<p style=\"text-align: justify;\"><span style=\"color: #000000;\"><strong>Local: Pra\u00e7a J.J.Seabra<\/strong><\/span><\/p>\n<p style=\"text-align: justify;\"><span style=\"color: #000000;\"><strong>Das 9h \u00e0s 13h<\/strong><\/span><\/p>\n<p style=\"text-align: justify;\"><span style=\"color: #000000;\">Bliz educativa com apoio da PM<\/span><\/p>\n<p style=\"text-align: justify;\"><span style=\"color: #000000;\">Panfletagem \u2013 Apoio de seguradoras e da Auto Escola Capacita<\/span><\/p>\n<p style=\"text-align: justify;\"><span style=\"color: #000000;\">Aferi\u00e7\u00e3o de Press\u00e3o Arterial e Testes de glicemia com apoio de estudantes e professores do CETASS e CETEP<\/span><\/p>\n<p style=\"text-align: justify;\"><span style=\"color: #000000;\">Vacina\u00e7\u00e3o com apoio do N\u00facleo Regional de Sa\u00fade Nordeste<\/span><\/p>\n<p style=\"text-align: justify;\"><span style=\"color: #000000;\">Apresenta\u00e7\u00e3o do grupo Menino Violino<\/span><\/p>\n<p style=\"text-align: justify;\"><span style=\"color: #000000;\">Percuss\u00e3o da Escola Municipal Nova Esperan\u00e7a<\/span><\/p>\n<p style=\"text-align: justify;\"><span style=\"color: #000000;\"><strong>Dia: 20 de setembro<\/strong><\/span><\/p>\n<p style=\"text-align: justify;\"><span style=\"color: #000000;\"><strong>Local: Pra\u00e7a J.J.Seabra<\/strong><\/span><\/p>\n<p style=\"text-align: justify;\"><span style=\"color: #000000;\"><strong>Das 9h \u00e0s 13h<\/strong><\/span><\/p>\n<p style=\"text-align: justify;\"><span style=\"color: #000000;\">Blitz Educativa com apoio da PM<\/span><\/p>\n<p style=\"text-align: justify;\"><span style=\"color: #000000;\">Panfletagem \u2013 Apoio de seguradoras e Auto Escola Capacita<\/span><\/p>\n<p style=\"text-align: justify;\"><span style=\"color: #000000;\">Vacina\u00e7\u00e3o com apoio do N\u00facleo Regional de Sa\u00fade Nordeste<\/span><\/p>\n<p style=\"text-align: justify;\"><span style=\"color: #000000;\">Aferi\u00e7\u00e3o de Press\u00e3o Arterial e Teste para medir a glicemia capilar com apoio dos estudantes e professores do CETASS e CETEP<\/span><\/p>\n<p style=\"text-align: justify;\"><span style=\"color: #000000;\">Apresenta\u00e7\u00e3o do AABB Comunidade<\/span><\/p>\n<p style=\"text-align: justify;\"><span style=\"color: #000000;\">Apresenta\u00e7\u00e3o de grupos de dan\u00e7a, banda marcial tradicional, capoeira e artes pl\u00e1sticas.<\/span><\/p>\n<p style=\"text-align: justify;\"><span style=\"color: #000000;\"><strong>Dia: 21 de setembro<\/strong><\/span><\/p>\n<p style=\"text-align: justify;\"><span style=\"color: #000000;\"><strong>Local: Pra\u00e7a J.J.Seabra<\/strong><\/span><\/p>\n<p style=\"text-align: justify;\"><span style=\"color: #000000;\"><strong>Das 9h \u00e0s 13h<\/strong><\/span><\/p>\n<p style=\"text-align: justify;\"><span style=\"color: #000000;\">Blitz Educativa com apoio da PM<\/span><\/p>\n<p style=\"text-align: justify;\"><span style=\"color: #000000;\">Panfletagem \u2013 Apoio de seguradoras e Auto Escola Capacita<\/span><\/p>\n<p style=\"text-align: justify;\"><span style=\"color: #000000;\">Vacina\u00e7\u00e3o com apoio do N\u00facleo Regional de Sa\u00fade Nordeste<\/span><\/p>\n<p style=\"text-align: justify;\"><span style=\"color: #000000;\">Aferi\u00e7\u00e3o de Press\u00e3o Arterial e Teste para medir a glicemia capilar com apoio dos estudantes e professores do CETASS e CETEP.<\/span><\/p>\n<p style=\"text-align: justify;\"><span style=\"color: #000000;\">SEST SENAT<\/span><\/p>\n<p style=\"text-align: justify;\"><span style=\"color: #000000;\"><strong>Dia: 24\/09\/2018<\/strong><\/span><\/p>\n<p style=\"text-align: justify;\"><span style=\"color: #000000;\">Palestras em empresas e escolas<\/span><\/p>\n<p style=\"text-align: justify;\"><span style=\"color: #000000;\"><strong>Dia: 25\/09\/2018<\/strong><\/span><\/p>\n<p style=\"text-align: justify;\"><span style=\"color: #000000;\"><strong>Encerramento<\/strong><\/span><\/p>\n<p style=\"text-align: justify;\"><span style=\"color: #000000;\">Caminhada com sa\u00edda do\u00a0Estacionamento da Prefeitura<\/span><\/p>\n<p style=\"text-align: justify;\"><span style=\"color: #000000;\">Hor\u00e1rio: 16h<\/span><\/p>\n<p style=\"text-align: justify;\"><span style=\"color: #000000;\">Percurso: Destino \u00e0 Pra\u00e7a Rui Barbosa e retorno para a J.J.Seabra.<\/span><\/p>\n<h5 style=\"text-align: right;\"><span style=\"color: #999999;\">Fonte: SECOM SMTT<\/span><\/h5>\n<div class='share-to-whatsapp-wrapper'><div class='share-on-whsp'>Share on: <\/div><a data-text='Programa\u00e7\u00e3o especial marca Semana Nacional de Tr\u00e2nsito, a partir da pr\u00f3xima ter\u00e7a(18)' data-link='https:\/\/newsinfoco.com.br\/inicio\/programacao-especial-marca-semana-nacional-de-transito-a-partir-da-proxima-terca18\/' class='whatsapp-button whatsapp-share'>WhatsApp<\/a><div class='clear '><\/div><\/div>","protected":false},"excerpt":{"rendered":"<p>Come\u00e7a nesta ter\u00e7a-feira (18), a programa\u00e7\u00e3o da Semana Nacional de Tr\u00e2nsito em Alagoinhas. Realizada pela Superintend\u00eancia Municipal de Transporte e Tr\u00e2nsito(SMTT), a mobiliza\u00e7\u00e3o tem o prop\u00f3sito de conscientizar \u00a0pedestres, ciclistas, motociclistas e motoristas, al\u00e9m de promover a seguran\u00e7a no tr\u00e2nsito e a mobilidade urbana sustent\u00e1vel. O tema da campanha este ano \u00e9 \u201cN\u00f3s Somos o [&hellip;]<\/p>\n","protected":false},"author":1,"featured_media":9474,"comment_status":"open","ping_status":"open","sticky":false,"template":"","format":"standard","meta":{"om_disable_all_campaigns":false,"_exactmetrics_skip_tracking":false,"_exactmetrics_sitenote_active":false,"_exactmetrics_sitenote_note":"","_exactmetrics_sitenote_category":0,"footnotes":""},"categories":[38,30],"tags":[53,54,126],"class_list":["post-9473","post","type-post","status-publish","format-standard","has-post-thumbnail","hentry","category-alagoinhas-e-regiao","category-destaque","tag-alagoinhas","tag-prefeitura","tag-secom-smtt"],"aioseo_notices":[],"_links":{"self":[{"href":"https:\/\/newsinfoco.com.br\/inicio\/wp-json\/wp\/v2\/posts\/9473","targetHints":{"allow":["GET"]}}],"collection":[{"href":"https:\/\/newsinfoco.com.br\/inicio\/wp-json\/wp\/v2\/posts"}],"about":[{"href":"https:\/\/newsinfoco.com.br\/inicio\/wp-json\/wp\/v2\/types\/post"}],"author":[{"embeddable":true,"href":"https:\/\/newsinfoco.com.br\/inicio\/wp-json\/wp\/v2\/users\/1"}],"replies":[{"embeddable":true,"href":"https:\/\/newsinfoco.com.br\/inicio\/wp-json\/wp\/v2\/comments?post=9473"}],"version-history":[{"count":0,"href":"https:\/\/newsinfoco.com.br\/inicio\/wp-json\/wp\/v2\/posts\/9473\/revisions"}],"wp:featuredmedia":[{"embeddable":true,"href":"https:\/\/newsinfoco.com.br\/inicio\/wp-json\/wp\/v2\/media\/9474"}],"wp:attachment":[{"href":"https:\/\/newsinfoco.com.br\/inicio\/wp-json\/wp\/v2\/media?parent=9473"}],"wp:term":[{"taxonomy":"category","embeddable":true,"href":"https:\/\/newsinfoco.com.br\/inicio\/wp-json\/wp\/v2\/categories?post=9473"},{"taxonomy":"post_tag","embeddable":true,"href":"https:\/\/newsinfoco.com.br\/inicio\/wp-json\/wp\/v2\/tags?post=9473"}],"curies":[{"name":"wp","href":"https:\/\/api.w.org\/{rel}","templated":true}]}}