{"id":9481,"date":"2018-09-14T20:24:59","date_gmt":"2018-09-14T23:24:59","guid":{"rendered":"http:\/\/newsinfoco.com.br\/?p=9481"},"modified":"2018-09-14T20:24:59","modified_gmt":"2018-09-14T23:24:59","slug":"mundo-do-trabalho-acessuas-promove-palestra-para-adolescentes-no-cras-de-boa-uniao","status":"publish","type":"post","link":"https:\/\/newsinfoco.com.br\/inicio\/mundo-do-trabalho-acessuas-promove-palestra-para-adolescentes-no-cras-de-boa-uniao\/","title":{"rendered":"Mundo do Trabalho: Acessuas promove palestra para adolescentes no CRAS de Boa Uni\u00e3o"},"content":{"rendered":"<p>Como parte das atividades do Programa de Promo\u00e7\u00e3o do Acesso ao Mundo do Trabalho (Acessuas\u00a0Trabalho), executado pela prefeitura municipal, por meio da Secretaria de Assist\u00eancia Social (SEMAS), foi realizada, nesta quinta-feira (13), no CRAS de Boa Uni\u00e3o, uma palestra informativa para uma turma de adolescentes sobre documenta\u00e7\u00e3o civil, procedimentos para a emiss\u00e3o da carteira de trabalho e orienta\u00e7\u00f5es sobre o ambiente organizacional.<\/p>\n<p><img decoding=\"async\" src=\"https:\/\/www.alagoinhas.ba.gov.br\/wp-content\/uploads\/2018\/09\/60272ee8-4b07-47f1-843f-deef09b866e3-1024x768.jpg\" \/><\/p>\n<p>No encontro, os adolescentes participaram da din\u00e2mica \u201cFale at\u00e9 queimar\u201d e constru\u00edram um painel, no qual tiveram a oportunidade de idealizar os seus sonhos profissionais.<\/p><div class=\"newsi-conteudo_19\" id=\"newsi-2987702274\"><a href=\"https:\/\/www.instagram.com\/prefeituraalagoinhas?igsh=YzgzdDJ1bWR3aWI4\" aria-label=\"SAVE_20251006_221555\"><img loading=\"lazy\" decoding=\"async\" src=\"https:\/\/newsinfoco.com.br\/inicio\/wp-content\/uploads\/2025\/10\/SAVE_20251006_221555-rotated.jpg\" alt=\"\"  srcset=\"https:\/\/newsinfoco.com.br\/inicio\/wp-content\/uploads\/2025\/10\/SAVE_20251006_221555-rotated.jpg 1140w, https:\/\/newsinfoco.com.br\/inicio\/wp-content\/uploads\/2025\/10\/SAVE_20251006_221555-300x52.jpg 300w, https:\/\/newsinfoco.com.br\/inicio\/wp-content\/uploads\/2025\/10\/SAVE_20251006_221555-1024x177.jpg 1024w, https:\/\/newsinfoco.com.br\/inicio\/wp-content\/uploads\/2025\/10\/SAVE_20251006_221555-768x133.jpg 768w, https:\/\/newsinfoco.com.br\/inicio\/wp-content\/uploads\/2025\/10\/SAVE_20251006_221555-600x104.jpg 600w, https:\/\/newsinfoco.com.br\/inicio\/wp-content\/uploads\/2025\/10\/SAVE_20251006_221555-696x120.jpg 696w, https:\/\/newsinfoco.com.br\/inicio\/wp-content\/uploads\/2025\/10\/SAVE_20251006_221555-1068x185.jpg 1068w\" sizes=\"(max-width: 1140px) 100vw, 1140px\" width=\"1140\" height=\"197\"   \/><\/a><\/div>\n<p><img decoding=\"async\" src=\"https:\/\/www.alagoinhas.ba.gov.br\/wp-content\/uploads\/2018\/09\/1936d936-6d1f-44a7-bd01-ba2b243201a3-1024x575.jpg\" \/><\/p>\n<h5 style=\"text-align: right;\"><span style=\"color: #999999;\">Fonte: SECOM SEMAS<\/span><\/h5>\n<div class='share-to-whatsapp-wrapper'><div class='share-on-whsp'>Share on: <\/div><a data-text='Mundo do Trabalho: Acessuas promove palestra para adolescentes no CRAS de Boa Uni\u00e3o' data-link='https:\/\/newsinfoco.com.br\/inicio\/mundo-do-trabalho-acessuas-promove-palestra-para-adolescentes-no-cras-de-boa-uniao\/' class='whatsapp-button whatsapp-share'>WhatsApp<\/a><div class='clear '><\/div><\/div>","protected":false},"excerpt":{"rendered":"<p>Como parte das atividades do Programa de Promo\u00e7\u00e3o do Acesso ao Mundo do Trabalho (Acessuas\u00a0Trabalho), executado pela prefeitura municipal, por meio da Secretaria de Assist\u00eancia Social (SEMAS), foi realizada, nesta quinta-feira (13), no CRAS de Boa Uni\u00e3o, uma palestra informativa para uma turma de adolescentes sobre documenta\u00e7\u00e3o civil, procedimentos para a emiss\u00e3o da carteira de [&hellip;]<\/p>\n","protected":false},"author":1,"featured_media":9482,"comment_status":"open","ping_status":"open","sticky":false,"template":"","format":"standard","meta":{"om_disable_all_campaigns":false,"_exactmetrics_skip_tracking":false,"_exactmetrics_sitenote_active":false,"_exactmetrics_sitenote_note":"","_exactmetrics_sitenote_category":0,"footnotes":""},"categories":[38,30],"tags":[53,54,120],"class_list":["post-9481","post","type-post","status-publish","format-standard","has-post-thumbnail","hentry","category-alagoinhas-e-regiao","category-destaque","tag-alagoinhas","tag-prefeitura","tag-secom-semas"],"aioseo_notices":[],"_links":{"self":[{"href":"https:\/\/newsinfoco.com.br\/inicio\/wp-json\/wp\/v2\/posts\/9481","targetHints":{"allow":["GET"]}}],"collection":[{"href":"https:\/\/newsinfoco.com.br\/inicio\/wp-json\/wp\/v2\/posts"}],"about":[{"href":"https:\/\/newsinfoco.com.br\/inicio\/wp-json\/wp\/v2\/types\/post"}],"author":[{"embeddable":true,"href":"https:\/\/newsinfoco.com.br\/inicio\/wp-json\/wp\/v2\/users\/1"}],"replies":[{"embeddable":true,"href":"https:\/\/newsinfoco.com.br\/inicio\/wp-json\/wp\/v2\/comments?post=9481"}],"version-history":[{"count":0,"href":"https:\/\/newsinfoco.com.br\/inicio\/wp-json\/wp\/v2\/posts\/9481\/revisions"}],"wp:featuredmedia":[{"embeddable":true,"href":"https:\/\/newsinfoco.com.br\/inicio\/wp-json\/wp\/v2\/media\/9482"}],"wp:attachment":[{"href":"https:\/\/newsinfoco.com.br\/inicio\/wp-json\/wp\/v2\/media?parent=9481"}],"wp:term":[{"taxonomy":"category","embeddable":true,"href":"https:\/\/newsinfoco.com.br\/inicio\/wp-json\/wp\/v2\/categories?post=9481"},{"taxonomy":"post_tag","embeddable":true,"href":"https:\/\/newsinfoco.com.br\/inicio\/wp-json\/wp\/v2\/tags?post=9481"}],"curies":[{"name":"wp","href":"https:\/\/api.w.org\/{rel}","templated":true}]}}