{"id":9484,"date":"2018-09-15T16:09:03","date_gmt":"2018-09-15T19:09:03","guid":{"rendered":"http:\/\/newsinfoco.com.br\/?p=9484"},"modified":"2018-09-15T16:09:03","modified_gmt":"2018-09-15T19:09:03","slug":"pt-atrasa-pagamento-de-equipe-de-programa-de-tv","status":"publish","type":"post","link":"https:\/\/newsinfoco.com.br\/inicio\/pt-atrasa-pagamento-de-equipe-de-programa-de-tv\/","title":{"rendered":"PT atrasa pagamento de equipe de programa de TV"},"content":{"rendered":"<p style=\"text-align: justify;\">Por causa de atraso nos pagamentos, parte dos funcion\u00e1rios da campanha do PT \u00e0 Presid\u00eancia nas elei\u00e7\u00f5es 2018 decidiu cruzar os bra\u00e7os e interrompeu os trabalhos nesta semana, em meio \u00e0 substitui\u00e7\u00e3o do ex-presidente Luiz In\u00e1cio Lula da Silva, condenado e preso na Lava Jato, por Fernando Haddad como cabe\u00e7a de chapa. Os profissionais integram as equipes respons\u00e1veis pela produ\u00e7\u00e3o dos programas eleitorais do partido para a TV, o que amea\u00e7a a entrega dos novos comerciais da coliga\u00e7\u00e3o. O Estad\u00e3o\/Broadcast apurou que parte da equipe de pr\u00e9 e p\u00f3s-produ\u00e7\u00e3o de v\u00eddeo da campanha petista est\u00e1 parada h\u00e1 pelo menos dois dias, o que pode atrapalhar a produ\u00e7\u00e3o de programas dedicados a apresentar Haddad como indicado de Lula, cuja candidatura foi barrada pelo Tribunal Superior Eleitoral (TSE), com base na lei da Ficha Limpa, que torna ineleg\u00edvel condenados por decis\u00e3o colegiada.<\/p>\n<p style=\"text-align: justify;\">A paralisa\u00e7\u00e3o dentro da campanha come\u00e7ou, de maneira progressiva, na semana passada, durante o feriado de 7 de Setembro. Os contratados aguardavam receber pagamento at\u00e9 a sexta-feira, 7, mas a remunera\u00e7\u00e3o n\u00e3o foi regularizada, o que gerou o in\u00edcio de um movimento de paralisa\u00e7\u00e3o. Na semana anterior, os prestadores de servi\u00e7o haviam sido orientados a emitirem suas notas fiscais, antecipadamente, para receber seus vencimentos antes que a candidatura de Lula fosse julgada pelo TSE. A dire\u00e7\u00e3o de campanha j\u00e1 contava com a possibilidade do ex-presidente ter o registro de candidatura indeferido, o que ocasionaria uma altera\u00e7\u00e3o no CNPJ da campanha, algo visto como um elemento complicador para essa regulariza\u00e7\u00e3o.<\/p><div class=\"newsi-conteudo_19\" id=\"newsi-3451240148\"><a href=\"https:\/\/www.instagram.com\/prefeituraalagoinhas?igsh=YzgzdDJ1bWR3aWI4\" aria-label=\"SAVE_20251006_221555\"><img loading=\"lazy\" decoding=\"async\" src=\"https:\/\/newsinfoco.com.br\/inicio\/wp-content\/uploads\/2025\/10\/SAVE_20251006_221555-rotated.jpg\" alt=\"\"  srcset=\"https:\/\/newsinfoco.com.br\/inicio\/wp-content\/uploads\/2025\/10\/SAVE_20251006_221555-rotated.jpg 1140w, https:\/\/newsinfoco.com.br\/inicio\/wp-content\/uploads\/2025\/10\/SAVE_20251006_221555-300x52.jpg 300w, https:\/\/newsinfoco.com.br\/inicio\/wp-content\/uploads\/2025\/10\/SAVE_20251006_221555-1024x177.jpg 1024w, https:\/\/newsinfoco.com.br\/inicio\/wp-content\/uploads\/2025\/10\/SAVE_20251006_221555-768x133.jpg 768w, https:\/\/newsinfoco.com.br\/inicio\/wp-content\/uploads\/2025\/10\/SAVE_20251006_221555-600x104.jpg 600w, https:\/\/newsinfoco.com.br\/inicio\/wp-content\/uploads\/2025\/10\/SAVE_20251006_221555-696x120.jpg 696w, https:\/\/newsinfoco.com.br\/inicio\/wp-content\/uploads\/2025\/10\/SAVE_20251006_221555-1068x185.jpg 1068w\" sizes=\"(max-width: 1140px) 100vw, 1140px\" width=\"1140\" height=\"197\"   \/><\/a><\/div>\n<p style=\"text-align: justify;\">Mesmo assim, v\u00e1rias equipes n\u00e3o receberam os valores combinados antes da decis\u00e3o da Justi\u00e7a Eleitoral. Um dos coordenadores de marketing do PT, Ot\u00e1vio Antunes atribui o \u201catraso de alguns profissionais\u201d a problemas burocr\u00e1ticos. \u201cLamentamos o atraso, mas 90% dos contratos dos fornecedores da campanha j\u00e1 est\u00e3o com sua situa\u00e7\u00e3o completamente regularizada\u201d, disse Antunes. \u201cEstamos dentro do cronograma (de produ\u00e7\u00e3o do programa eleitoral).\u201d Antunes \u00e9 ligado \u00e0 empresa M. Romano Comunica\u00e7\u00e3o LTDA, que cobrou R$ 7, 4 milh\u00f5es da campanha de Lula por servi\u00e7os de \u201cprodu\u00e7\u00e3o de programas de r\u00e1dio, televis\u00e3o ou v\u00eddeo\u201d. A empresa n\u00e3o estaria ligada aos atrasos nos pagamentos. A troca do CNPJ da campanha seria uma das raz\u00f5es do problema. No entanto, funcion\u00e1rios receberam diferentes explica\u00e7\u00f5es sobre a quest\u00e3o. O problema afetou, inclusive, a produ\u00e7\u00e3o do programa eleitoral do PT veiculado nesta quinta-feira, 13, que trata da substitui\u00e7\u00e3o dos candidatos petistas. A inser\u00e7\u00e3o mostra Haddad no ato em frente \u00e0 sede da Pol\u00edcia Federal, em Curitiba, na segunda-feira, 10, e narra a leitura de uma carta do ex-presidente direcionada ao povo brasileiro, na qual ele discorre sobre a \u201cpersegui\u00e7\u00e3o\u201d que o fez ter de abdicar da disputa presidencial.<\/p>\n<p style=\"text-align: right;\"><span style=\"color: #999999;\">Estad\u00e3o<\/span><\/p>\n<div class='share-to-whatsapp-wrapper'><div class='share-on-whsp'>Share on: <\/div><a data-text='PT atrasa pagamento de equipe de programa de TV' data-link='https:\/\/newsinfoco.com.br\/inicio\/pt-atrasa-pagamento-de-equipe-de-programa-de-tv\/' class='whatsapp-button whatsapp-share'>WhatsApp<\/a><div class='clear '><\/div><\/div>","protected":false},"excerpt":{"rendered":"<p>Por causa de atraso nos pagamentos, parte dos funcion\u00e1rios da campanha do PT \u00e0 Presid\u00eancia nas elei\u00e7\u00f5es 2018 decidiu cruzar os bra\u00e7os e interrompeu os trabalhos nesta semana, em meio \u00e0 substitui\u00e7\u00e3o do ex-presidente Luiz In\u00e1cio Lula da Silva, condenado e preso na Lava Jato, por Fernando Haddad como cabe\u00e7a de chapa. Os profissionais integram [&hellip;]<\/p>\n","protected":false},"author":1,"featured_media":9485,"comment_status":"open","ping_status":"open","sticky":false,"template":"","format":"standard","meta":{"om_disable_all_campaigns":false,"_exactmetrics_skip_tracking":false,"_exactmetrics_sitenote_active":false,"_exactmetrics_sitenote_note":"","_exactmetrics_sitenote_category":0,"footnotes":""},"categories":[21],"tags":[],"class_list":["post-9484","post","type-post","status-publish","format-standard","has-post-thumbnail","hentry","category-brasil"],"aioseo_notices":[],"_links":{"self":[{"href":"https:\/\/newsinfoco.com.br\/inicio\/wp-json\/wp\/v2\/posts\/9484","targetHints":{"allow":["GET"]}}],"collection":[{"href":"https:\/\/newsinfoco.com.br\/inicio\/wp-json\/wp\/v2\/posts"}],"about":[{"href":"https:\/\/newsinfoco.com.br\/inicio\/wp-json\/wp\/v2\/types\/post"}],"author":[{"embeddable":true,"href":"https:\/\/newsinfoco.com.br\/inicio\/wp-json\/wp\/v2\/users\/1"}],"replies":[{"embeddable":true,"href":"https:\/\/newsinfoco.com.br\/inicio\/wp-json\/wp\/v2\/comments?post=9484"}],"version-history":[{"count":0,"href":"https:\/\/newsinfoco.com.br\/inicio\/wp-json\/wp\/v2\/posts\/9484\/revisions"}],"wp:featuredmedia":[{"embeddable":true,"href":"https:\/\/newsinfoco.com.br\/inicio\/wp-json\/wp\/v2\/media\/9485"}],"wp:attachment":[{"href":"https:\/\/newsinfoco.com.br\/inicio\/wp-json\/wp\/v2\/media?parent=9484"}],"wp:term":[{"taxonomy":"category","embeddable":true,"href":"https:\/\/newsinfoco.com.br\/inicio\/wp-json\/wp\/v2\/categories?post=9484"},{"taxonomy":"post_tag","embeddable":true,"href":"https:\/\/newsinfoco.com.br\/inicio\/wp-json\/wp\/v2\/tags?post=9484"}],"curies":[{"name":"wp","href":"https:\/\/api.w.org\/{rel}","templated":true}]}}