{"id":9490,"date":"2018-09-15T16:19:33","date_gmt":"2018-09-15T19:19:33","guid":{"rendered":"http:\/\/newsinfoco.com.br\/?p=9490"},"modified":"2018-09-15T16:19:33","modified_gmt":"2018-09-15T19:19:33","slug":"aliados-de-bolsonaro-tentam-unir-campanha","status":"publish","type":"post","link":"https:\/\/newsinfoco.com.br\/inicio\/aliados-de-bolsonaro-tentam-unir-campanha\/","title":{"rendered":"Aliados de Bolsonaro tentam unir campanha"},"content":{"rendered":"<p style=\"text-align: justify;\">A equipe de campanha do candidato do PSL ao Pal\u00e1cio do Planalto, Jair Bolsonaro, se re\u00fane no come\u00e7o da pr\u00f3xima semana, em S\u00e3o Paulo, para tentar p\u00f4r fim a diverg\u00eancias internas na reta final do primeiro turno das elei\u00e7\u00f5es 2018. O encontro foi acertado com o presidenci\u00e1vel, que se recupera no Hospital Albert Einstein, em S\u00e3o Paulo, do atentado sofrido na semana passada.<\/p>\n<p style=\"text-align: justify;\">A ideia \u00e9 dar uma demonstra\u00e7\u00e3o p\u00fablica de coes\u00e3o depois de uma semana de atritos nos bastidores entre os grupos do general da reserva Hamilton Mour\u00e3o (PRTB), candidato a vice na chapa, e do presidente do PSL, Gustavo Bebianno. Al\u00e9m de Mour\u00e3o e Bebianno, devem participar do encontro tr\u00eas filhos de Bolsonaro: Fl\u00e1vio, Carlos e Eduardo. Nesta ter\u00e7a-feira, 11, Mour\u00e3o e os tamb\u00e9m generais da reserva Augusto Heleno Ribeiro e Oswaldo Ferreira, e o presidente do PRTB, Levy Fidelix, se reuniram em Bras\u00edlia. Bebianno n\u00e3o compareceu.<\/p><div class=\"newsi-conteudo_19\" id=\"newsi-1147213939\"><a href=\"https:\/\/www.instagram.com\/prefeituraalagoinhas?igsh=YzgzdDJ1bWR3aWI4\" aria-label=\"SAVE_20251006_221555\"><img loading=\"lazy\" decoding=\"async\" src=\"https:\/\/newsinfoco.com.br\/inicio\/wp-content\/uploads\/2025\/10\/SAVE_20251006_221555-rotated.jpg\" alt=\"\"  srcset=\"https:\/\/newsinfoco.com.br\/inicio\/wp-content\/uploads\/2025\/10\/SAVE_20251006_221555-rotated.jpg 1140w, https:\/\/newsinfoco.com.br\/inicio\/wp-content\/uploads\/2025\/10\/SAVE_20251006_221555-300x52.jpg 300w, https:\/\/newsinfoco.com.br\/inicio\/wp-content\/uploads\/2025\/10\/SAVE_20251006_221555-1024x177.jpg 1024w, https:\/\/newsinfoco.com.br\/inicio\/wp-content\/uploads\/2025\/10\/SAVE_20251006_221555-768x133.jpg 768w, https:\/\/newsinfoco.com.br\/inicio\/wp-content\/uploads\/2025\/10\/SAVE_20251006_221555-600x104.jpg 600w, https:\/\/newsinfoco.com.br\/inicio\/wp-content\/uploads\/2025\/10\/SAVE_20251006_221555-696x120.jpg 696w, https:\/\/newsinfoco.com.br\/inicio\/wp-content\/uploads\/2025\/10\/SAVE_20251006_221555-1068x185.jpg 1068w\" sizes=\"(max-width: 1140px) 100vw, 1140px\" width=\"1140\" height=\"197\"   \/><\/a><\/div>\n<p style=\"text-align: justify;\">Durante o encontro, Fidelix reclamou que o presidente do PSL tentava impedir que Mour\u00e3o ocupasse o papel de vice no momento de aus\u00eancia de Bolsonaro. \u201c\u00c9 preciso acertar os ponteiros\u201d, disse um aliado pr\u00f3ximo do candidato. Respons\u00e1vel pela filia\u00e7\u00e3o de Bolsonaro ao PSL, o deputado federal Luciano Bivar (PE) avaliou que \u00e9 \u201cnatural\u201d que depois da \u201ctrag\u00e9dia\u201d do atentado e o isolamento do presidenci\u00e1vel no hospital, os aliados ficassem mais distantes. \u201cTem di\u00e1logo. Agora, \u00e9 natural que o pessoal fique mais contido\u201d, disse. \u201c\u00c9 um momento de muita tens\u00e3o\u201d, completou.<\/p>\n<p style=\"text-align: justify;\">Bivar observou que a sa\u00edda de Bolsonaro das ruas prejudicou especialmente as atividades de campanha no Nordeste, onde o presidenci\u00e1vel tinha extensa agenda de viagens \u00e0s principais cidades da regi\u00e3o. Os descompassos na campanha ficaram mais n\u00edtidos nesta quinta-feira, 13, dia seguinte \u00e0 segunda cirurgia, o que levou m\u00e9dicos a aumentarem as restri\u00e7\u00f5es de acesso ao seu quarto. V\u00eddeos e entrevistas que o candidato tinha planejado foram suspensos.<\/p>\n<p style=\"text-align: justify;\">Com Bolsonaro no hospital e PSL e PRTB se desentendendo, a campanha segue sem unidade. Nesta sexta-feira, 13, Eduardo Bolsonaro (PSL-SP) fez campanha em Sorocaba para mais um mandato na C\u00e2mara. Fl\u00e1vio Bolsonaro (PSL-RJ), que concorre ao Senado, comanda uma carreata em Campo Grande hoje. J\u00e1 Mour\u00e3o foi ao Paran\u00e1 e Manaus. Nesta sexta-feira, no Einstein, Fl\u00e1vio negou haver divis\u00e3o na campanha. \u201cN\u00e3o h\u00e1 nada disso\u201d, afirmou. \u201cEstamos todos unidos, soldados do capit\u00e3o.\u201d Segundo ele, ainda n\u00e3o \u00e9 poss\u00edvel planejar o retorno de Bolsonaro \u00e0 campanha, mas o pai fica perguntando pelo andamento da campanha. \u201cSe dependesse dele, estaria na rua fazendo campanha, mas ele vai seguir obedecendo aos m\u00e9dicos.\u201d<\/p>\n<p style=\"text-align: right;\"><span style=\"color: #999999;\">Estad\u00e3o<\/span><\/p>\n<div class='share-to-whatsapp-wrapper'><div class='share-on-whsp'>Share on: <\/div><a data-text='Aliados de Bolsonaro tentam unir campanha' data-link='https:\/\/newsinfoco.com.br\/inicio\/aliados-de-bolsonaro-tentam-unir-campanha\/' class='whatsapp-button whatsapp-share'>WhatsApp<\/a><div class='clear '><\/div><\/div>","protected":false},"excerpt":{"rendered":"<p>A equipe de campanha do candidato do PSL ao Pal\u00e1cio do Planalto, Jair Bolsonaro, se re\u00fane no come\u00e7o da pr\u00f3xima semana, em S\u00e3o Paulo, para tentar p\u00f4r fim a diverg\u00eancias internas na reta final do primeiro turno das elei\u00e7\u00f5es 2018. O encontro foi acertado com o presidenci\u00e1vel, que se recupera no Hospital Albert Einstein, em [&hellip;]<\/p>\n","protected":false},"author":1,"featured_media":9491,"comment_status":"open","ping_status":"open","sticky":false,"template":"","format":"standard","meta":{"om_disable_all_campaigns":false,"_exactmetrics_skip_tracking":false,"_exactmetrics_sitenote_active":false,"_exactmetrics_sitenote_note":"","_exactmetrics_sitenote_category":0,"footnotes":""},"categories":[21],"tags":[],"class_list":["post-9490","post","type-post","status-publish","format-standard","has-post-thumbnail","hentry","category-brasil"],"aioseo_notices":[],"_links":{"self":[{"href":"https:\/\/newsinfoco.com.br\/inicio\/wp-json\/wp\/v2\/posts\/9490","targetHints":{"allow":["GET"]}}],"collection":[{"href":"https:\/\/newsinfoco.com.br\/inicio\/wp-json\/wp\/v2\/posts"}],"about":[{"href":"https:\/\/newsinfoco.com.br\/inicio\/wp-json\/wp\/v2\/types\/post"}],"author":[{"embeddable":true,"href":"https:\/\/newsinfoco.com.br\/inicio\/wp-json\/wp\/v2\/users\/1"}],"replies":[{"embeddable":true,"href":"https:\/\/newsinfoco.com.br\/inicio\/wp-json\/wp\/v2\/comments?post=9490"}],"version-history":[{"count":0,"href":"https:\/\/newsinfoco.com.br\/inicio\/wp-json\/wp\/v2\/posts\/9490\/revisions"}],"wp:featuredmedia":[{"embeddable":true,"href":"https:\/\/newsinfoco.com.br\/inicio\/wp-json\/wp\/v2\/media\/9491"}],"wp:attachment":[{"href":"https:\/\/newsinfoco.com.br\/inicio\/wp-json\/wp\/v2\/media?parent=9490"}],"wp:term":[{"taxonomy":"category","embeddable":true,"href":"https:\/\/newsinfoco.com.br\/inicio\/wp-json\/wp\/v2\/categories?post=9490"},{"taxonomy":"post_tag","embeddable":true,"href":"https:\/\/newsinfoco.com.br\/inicio\/wp-json\/wp\/v2\/tags?post=9490"}],"curies":[{"name":"wp","href":"https:\/\/api.w.org\/{rel}","templated":true}]}}