{"id":9494,"date":"2018-09-15T16:25:05","date_gmt":"2018-09-15T19:25:05","guid":{"rendered":"http:\/\/newsinfoco.com.br\/?p=9494"},"modified":"2018-09-15T16:25:05","modified_gmt":"2018-09-15T19:25:05","slug":"analistas-veem-maior-espaco-para-ciro-no-nordeste","status":"publish","type":"post","link":"https:\/\/newsinfoco.com.br\/inicio\/analistas-veem-maior-espaco-para-ciro-no-nordeste\/","title":{"rendered":"Analistas veem maior espa\u00e7o para Ciro no Nordeste"},"content":{"rendered":"<p style=\"text-align: justify;\">Com a aus\u00eancia do ex-presidente Luiz In\u00e1cio Lula da Silva, condenado e preso na Opera\u00e7\u00e3o Lava Jato, analistas dizem que o potencial de crescimento de Ciro Gomes (PDT) no Nordeste seria hoje maior do que em outras elei\u00e7\u00f5es. Mesmo que n\u00e3o exista garantia de que conseguir\u00e1 a maioria dos votos na regi\u00e3o, o pedetista teria a seu favor o fato de ser mais conhecido pelos eleitores nordestinos.<\/p>\n<p style=\"text-align: justify;\">Para o cientista pol\u00edtico Wilson Gomes, da Universidade Federal da Bahia, a chapa do PT \u2013 formada pelo \u201cpaulista\u201d Fernando Haddad e pela \u201cga\u00facha\u201d Manuela d\u2019\u00c1vila \u2013 poderia encontrar resist\u00eancia junto ao eleitor do Nordeste, acostumado a votar em Lula por causa da rela\u00e7\u00e3o do ex-presidente com a regi\u00e3o. \u201cCertamente, esse n\u00e3o \u00e9 um ponto a seu favor, deve criar dificuldade e talvez n\u00e3o ajude ele (Haddad) a ganhar votos.\u201d<\/p><div class=\"newsi-conteudo_19\" id=\"newsi-1715733764\"><a href=\"https:\/\/www.instagram.com\/prefeituraalagoinhas?igsh=YzgzdDJ1bWR3aWI4\" aria-label=\"SAVE_20251006_221555\"><img loading=\"lazy\" decoding=\"async\" src=\"https:\/\/newsinfoco.com.br\/inicio\/wp-content\/uploads\/2025\/10\/SAVE_20251006_221555-rotated.jpg\" alt=\"\"  srcset=\"https:\/\/newsinfoco.com.br\/inicio\/wp-content\/uploads\/2025\/10\/SAVE_20251006_221555-rotated.jpg 1140w, https:\/\/newsinfoco.com.br\/inicio\/wp-content\/uploads\/2025\/10\/SAVE_20251006_221555-300x52.jpg 300w, https:\/\/newsinfoco.com.br\/inicio\/wp-content\/uploads\/2025\/10\/SAVE_20251006_221555-1024x177.jpg 1024w, https:\/\/newsinfoco.com.br\/inicio\/wp-content\/uploads\/2025\/10\/SAVE_20251006_221555-768x133.jpg 768w, https:\/\/newsinfoco.com.br\/inicio\/wp-content\/uploads\/2025\/10\/SAVE_20251006_221555-600x104.jpg 600w, https:\/\/newsinfoco.com.br\/inicio\/wp-content\/uploads\/2025\/10\/SAVE_20251006_221555-696x120.jpg 696w, https:\/\/newsinfoco.com.br\/inicio\/wp-content\/uploads\/2025\/10\/SAVE_20251006_221555-1068x185.jpg 1068w\" sizes=\"(max-width: 1140px) 100vw, 1140px\" width=\"1140\" height=\"197\"   \/><\/a><\/div>\n<p style=\"text-align: justify;\">Na sua avalia\u00e7\u00e3o, o fato de Ciro ser um pol\u00edtico do Nordeste j\u00e1 tem provocado efeitos nas pesquisas de inten\u00e7\u00e3o de voto. \u201c\u00c9 a \u00fanica das cinco candidaturas mais competitivas que tem representante na regi\u00e3o\u201d, disse.<\/p>\n<p style=\"text-align: justify;\">Para o cientista pol\u00edtico Humberto Dantas, da USP, Ciro teria desta vez maior chance de \u201cdialogar\u201d com o eleitor local, que em grande medida sempre foi fiel a Lula. \u201cO Haddad tem tanta cara de paulista quanto o Geraldo Alckmin(PSDB). Ciro deve explorar isso para conseguir frear a transfer\u00eancia de votos de Lula\u201d, afirmou ele.<\/p>\n<p style=\"text-align: justify;\">O cientista pol\u00edtico Carlos Melo, do Insper, segue a mesma linha. \u201cCiro faz parte de um grupo que, na regi\u00e3o, est\u00e1 h\u00e1 mais de 10 anos no poder. Ainda assim, se Lula estivesse no jogo, Ciro n\u00e3o teria como brigar. Agora, sem Lula, ele quer, e vai, reivindicar esse espa\u00e7o\u201d.<\/p>\n<p style=\"text-align: justify;\">Professor da Universidade Federal de Campina Grande (UFCG), na Para\u00edba, o cientista pol\u00edtico Leon Victor de Queiroz diz que a resili\u00eancia do esp\u00f3lio lulista no Nordeste se deve sobretudo \u00e0s pol\u00edticas executadas na regi\u00e3o pelos governos do ex-presidente. \u201cO Nordeste mudou bastante sua cara a partir dos anos Lula\u201d, afirma.<\/p>\n<p style=\"text-align: justify;\">Ele avalia ainda que o candidato do PDT pode crescer entre os eleitores que buscam alternativa ao PT. \u201cO eleitorado que Ciro vai disputar n\u00e3o se identifica com a direita, mas est\u00e1 fatigado do PT. \u00c9 muito dif\u00edcil dizer qual o eleitor que vota em Ciro, mas arrisco dizer que esse \u00e9 o eleitor do meio, que busca uma alternativa ao PT ap\u00f3s o fracasso do governo Dilma e tamb\u00e9m n\u00e3o quer votar na centro-direita nem em Jair Bolsonaro, que representa a extrema-direita.\u201d<\/p>\n<p style=\"text-align: right;\"><span style=\"color: #999999;\">Estad\u00e3o Conteudo<\/span><\/p>\n<div class='share-to-whatsapp-wrapper'><div class='share-on-whsp'>Share on: <\/div><a data-text='Analistas veem maior espa\u00e7o para Ciro no Nordeste' data-link='https:\/\/newsinfoco.com.br\/inicio\/analistas-veem-maior-espaco-para-ciro-no-nordeste\/' class='whatsapp-button whatsapp-share'>WhatsApp<\/a><div class='clear '><\/div><\/div>","protected":false},"excerpt":{"rendered":"<p>Com a aus\u00eancia do ex-presidente Luiz In\u00e1cio Lula da Silva, condenado e preso na Opera\u00e7\u00e3o Lava Jato, analistas dizem que o potencial de crescimento de Ciro Gomes (PDT) no Nordeste seria hoje maior do que em outras elei\u00e7\u00f5es. Mesmo que n\u00e3o exista garantia de que conseguir\u00e1 a maioria dos votos na regi\u00e3o, o pedetista teria [&hellip;]<\/p>\n","protected":false},"author":1,"featured_media":9495,"comment_status":"open","ping_status":"open","sticky":false,"template":"","format":"standard","meta":{"om_disable_all_campaigns":false,"_exactmetrics_skip_tracking":false,"_exactmetrics_sitenote_active":false,"_exactmetrics_sitenote_note":"","_exactmetrics_sitenote_category":0,"footnotes":""},"categories":[21],"tags":[],"class_list":["post-9494","post","type-post","status-publish","format-standard","has-post-thumbnail","hentry","category-brasil"],"aioseo_notices":[],"_links":{"self":[{"href":"https:\/\/newsinfoco.com.br\/inicio\/wp-json\/wp\/v2\/posts\/9494","targetHints":{"allow":["GET"]}}],"collection":[{"href":"https:\/\/newsinfoco.com.br\/inicio\/wp-json\/wp\/v2\/posts"}],"about":[{"href":"https:\/\/newsinfoco.com.br\/inicio\/wp-json\/wp\/v2\/types\/post"}],"author":[{"embeddable":true,"href":"https:\/\/newsinfoco.com.br\/inicio\/wp-json\/wp\/v2\/users\/1"}],"replies":[{"embeddable":true,"href":"https:\/\/newsinfoco.com.br\/inicio\/wp-json\/wp\/v2\/comments?post=9494"}],"version-history":[{"count":0,"href":"https:\/\/newsinfoco.com.br\/inicio\/wp-json\/wp\/v2\/posts\/9494\/revisions"}],"wp:featuredmedia":[{"embeddable":true,"href":"https:\/\/newsinfoco.com.br\/inicio\/wp-json\/wp\/v2\/media\/9495"}],"wp:attachment":[{"href":"https:\/\/newsinfoco.com.br\/inicio\/wp-json\/wp\/v2\/media?parent=9494"}],"wp:term":[{"taxonomy":"category","embeddable":true,"href":"https:\/\/newsinfoco.com.br\/inicio\/wp-json\/wp\/v2\/categories?post=9494"},{"taxonomy":"post_tag","embeddable":true,"href":"https:\/\/newsinfoco.com.br\/inicio\/wp-json\/wp\/v2\/tags?post=9494"}],"curies":[{"name":"wp","href":"https:\/\/api.w.org\/{rel}","templated":true}]}}