{"id":9497,"date":"2018-09-15T16:32:16","date_gmt":"2018-09-15T19:32:16","guid":{"rendered":"http:\/\/newsinfoco.com.br\/?p=9497"},"modified":"2018-09-15T16:32:16","modified_gmt":"2018-09-15T19:32:16","slug":"secretaria-da-educacao-vistoria-escolas-e-anuncia-acoes-em-alagoinhas","status":"publish","type":"post","link":"https:\/\/newsinfoco.com.br\/inicio\/secretaria-da-educacao-vistoria-escolas-e-anuncia-acoes-em-alagoinhas\/","title":{"rendered":"Secretaria da Educa\u00e7\u00e3o vistoria escolas e anuncia a\u00e7\u00f5es em Alagoinhas"},"content":{"rendered":"<p style=\"text-align: justify;\">Al\u00e9m de ter lan\u00e7ado o projeto Escolas Culturais no Col\u00e9gio Modelo, nesta sexta-feira (14), o secret\u00e1rio da Educa\u00e7\u00e3o, Walter Pinheiro, visitou outros quatro col\u00e9gios estaduais localizados em Alagoinhas, onde autorizou novas a\u00e7\u00f5es, vistoriou os pr\u00e9dios e dialogou com a comunidade escolar. Cumprindo agenda de trabalho no munic\u00edpio, Pinheiro esteve acompanhado de gestores do \u00f3rg\u00e3o central.<\/p>\n<p style=\"text-align: justify;\">&#8220;Temos percorrido as escolas estaduais na capital e no interior, para conferir as reais necessidades de cada localidade e promover uma maior assertividade nas a\u00e7\u00f5es da Secretaria, tanto nas quest\u00f5es relacionadas \u00e0 infraestrutura quando nas novas ofertas do eixo pedag\u00f3gico&#8221;, destacou Pinheiro.<\/p><div class=\"newsi-conteudo_19\" id=\"newsi-1066737178\"><a href=\"https:\/\/www.instagram.com\/prefeituraalagoinhas?igsh=YzgzdDJ1bWR3aWI4\" aria-label=\"SAVE_20251006_221555\"><img loading=\"lazy\" decoding=\"async\" src=\"https:\/\/newsinfoco.com.br\/inicio\/wp-content\/uploads\/2025\/10\/SAVE_20251006_221555-rotated.jpg\" alt=\"\"  srcset=\"https:\/\/newsinfoco.com.br\/inicio\/wp-content\/uploads\/2025\/10\/SAVE_20251006_221555-rotated.jpg 1140w, https:\/\/newsinfoco.com.br\/inicio\/wp-content\/uploads\/2025\/10\/SAVE_20251006_221555-300x52.jpg 300w, https:\/\/newsinfoco.com.br\/inicio\/wp-content\/uploads\/2025\/10\/SAVE_20251006_221555-1024x177.jpg 1024w, https:\/\/newsinfoco.com.br\/inicio\/wp-content\/uploads\/2025\/10\/SAVE_20251006_221555-768x133.jpg 768w, https:\/\/newsinfoco.com.br\/inicio\/wp-content\/uploads\/2025\/10\/SAVE_20251006_221555-600x104.jpg 600w, https:\/\/newsinfoco.com.br\/inicio\/wp-content\/uploads\/2025\/10\/SAVE_20251006_221555-696x120.jpg 696w, https:\/\/newsinfoco.com.br\/inicio\/wp-content\/uploads\/2025\/10\/SAVE_20251006_221555-1068x185.jpg 1068w\" sizes=\"(max-width: 1140px) 100vw, 1140px\" width=\"1140\" height=\"197\"   \/><\/a><\/div>\n<p style=\"text-align: justify;\">No Centro Territorial de Educa\u00e7\u00e3o Profissional do Litoral Norte e Agreste Baiano, foi autorizada a climatiza\u00e7\u00e3o do audit\u00f3rio, a compra de equipamentos para cinco laborat\u00f3rios e a reforma da rede el\u00e9trica. Segundo o superintendente de Educa\u00e7\u00e3o Profissional e Tecnol\u00f3gica da Bahia, Durval Lib\u00e2nio, o secret\u00e1rio tamb\u00e9m anunciou a implanta\u00e7\u00e3o do curso Superior em Tecn\u00f3logo, que dever\u00e1 passar a ser ofertado na unidade.<\/p>\n<p style=\"text-align: justify;\">J\u00e1 no Col\u00e9gio Estadual de Alagoinhas, Pinheiro conferiu o processo de implanta\u00e7\u00e3o do projeto e-Nova Educa\u00e7\u00e3o, em parceria com o Google. A unidade oferta a modalidade Educa\u00e7\u00e3o de Jovens e Adultos (EJA), nos tr\u00eas turnos, e o projeto tornar\u00e1 as aulas ainda mais atrativas para os estudantes, em sua maioria moradores da zona rural e trabalhadores do com\u00e9rcio local. A escola foi contemplado com 25 Chromebooks e os e-mails dos estudantes j\u00e1 est\u00e3o sendo validados para eles come\u00e7arem a utiliz\u00e1-los.<\/p>\n<p style=\"text-align: justify;\">A comitiva de t\u00e9cnicos da Secretaria tamb\u00e9m esteve nos Col\u00e9gios Estaduais Luiz Navarro de Brito e Brazilino Viegas, onde foram promovidos di\u00e1logos com estudantes e educadores sobre o novo perfil de oferta da rede estadual, com foco no fortalecimento do eixo pedag\u00f3gico. Para a diretora do Col\u00e9gio Luiz Navarro, Joc\u00e9lia Novaes, o encontro foi produtivo. &#8220;\u00c9 muito importante que o secret\u00e1rio veja in loco o trabalho que desenvolvemos e essa aproxima\u00e7\u00e3o \u00e9 essencial&#8221;, afirmou.<\/p>\n<p style=\"text-align: right;\"><span style=\"color: #999999;\">Ascom Governo da Bahia<\/span><\/p>\n<div class='share-to-whatsapp-wrapper'><div class='share-on-whsp'>Share on: <\/div><a data-text='Secretaria da Educa\u00e7\u00e3o vistoria escolas e anuncia a\u00e7\u00f5es em Alagoinhas' data-link='https:\/\/newsinfoco.com.br\/inicio\/secretaria-da-educacao-vistoria-escolas-e-anuncia-acoes-em-alagoinhas\/' class='whatsapp-button whatsapp-share'>WhatsApp<\/a><div class='clear '><\/div><\/div>","protected":false},"excerpt":{"rendered":"<p>Al\u00e9m de ter lan\u00e7ado o projeto Escolas Culturais no Col\u00e9gio Modelo, nesta sexta-feira (14), o secret\u00e1rio da Educa\u00e7\u00e3o, Walter Pinheiro, visitou outros quatro col\u00e9gios estaduais localizados em Alagoinhas, onde autorizou novas a\u00e7\u00f5es, vistoriou os pr\u00e9dios e dialogou com a comunidade escolar. Cumprindo agenda de trabalho no munic\u00edpio, Pinheiro esteve acompanhado de gestores do \u00f3rg\u00e3o central. [&hellip;]<\/p>\n","protected":false},"author":1,"featured_media":9498,"comment_status":"open","ping_status":"open","sticky":false,"template":"","format":"standard","meta":{"om_disable_all_campaigns":false,"_exactmetrics_skip_tracking":false,"_exactmetrics_sitenote_active":false,"_exactmetrics_sitenote_note":"","_exactmetrics_sitenote_category":0,"footnotes":""},"categories":[38,30],"tags":[],"class_list":["post-9497","post","type-post","status-publish","format-standard","has-post-thumbnail","hentry","category-alagoinhas-e-regiao","category-destaque"],"aioseo_notices":[],"_links":{"self":[{"href":"https:\/\/newsinfoco.com.br\/inicio\/wp-json\/wp\/v2\/posts\/9497","targetHints":{"allow":["GET"]}}],"collection":[{"href":"https:\/\/newsinfoco.com.br\/inicio\/wp-json\/wp\/v2\/posts"}],"about":[{"href":"https:\/\/newsinfoco.com.br\/inicio\/wp-json\/wp\/v2\/types\/post"}],"author":[{"embeddable":true,"href":"https:\/\/newsinfoco.com.br\/inicio\/wp-json\/wp\/v2\/users\/1"}],"replies":[{"embeddable":true,"href":"https:\/\/newsinfoco.com.br\/inicio\/wp-json\/wp\/v2\/comments?post=9497"}],"version-history":[{"count":0,"href":"https:\/\/newsinfoco.com.br\/inicio\/wp-json\/wp\/v2\/posts\/9497\/revisions"}],"wp:featuredmedia":[{"embeddable":true,"href":"https:\/\/newsinfoco.com.br\/inicio\/wp-json\/wp\/v2\/media\/9498"}],"wp:attachment":[{"href":"https:\/\/newsinfoco.com.br\/inicio\/wp-json\/wp\/v2\/media?parent=9497"}],"wp:term":[{"taxonomy":"category","embeddable":true,"href":"https:\/\/newsinfoco.com.br\/inicio\/wp-json\/wp\/v2\/categories?post=9497"},{"taxonomy":"post_tag","embeddable":true,"href":"https:\/\/newsinfoco.com.br\/inicio\/wp-json\/wp\/v2\/tags?post=9497"}],"curies":[{"name":"wp","href":"https:\/\/api.w.org\/{rel}","templated":true}]}}