{"id":9507,"date":"2018-09-15T16:49:09","date_gmt":"2018-09-15T19:49:09","guid":{"rendered":"http:\/\/newsinfoco.com.br\/?p=9507"},"modified":"2018-09-15T16:49:09","modified_gmt":"2018-09-15T19:49:09","slug":"em-campanha-na-bahia-haddad-exalta-lula-e-pede-resposta-ao-golpe","status":"publish","type":"post","link":"https:\/\/newsinfoco.com.br\/inicio\/em-campanha-na-bahia-haddad-exalta-lula-e-pede-resposta-ao-golpe\/","title":{"rendered":"Em campanha na Bahia, Haddad exalta Lula e pede \u2018resposta ao golpe\u2019"},"content":{"rendered":"<p style=\"text-align: justify;\">Em ato de campanha em Vit\u00f3ria da Conquista, no interior da Bahia o candidato a presidente pelo PT, Fernando Haddad, recorreu ao nome do ex-presidente Luiz In\u00e1cio Lula da Silva para pedir o apoio dos baianos, como parte do esfor\u00e7o do para garantir os votos do Nordeste.<\/p>\n<p style=\"text-align: justify;\">\u201cO Lula pode estar preso, mas o projeto dele n\u00e3o, a milit\u00e2ncia dele n\u00e3o. O que ele encarna como futuro para esse pa\u00eds est\u00e1 mais solto do que nunca, est\u00e1 na mem\u00f3ria do povo\u201d, disse na manh\u00e3 deste s\u00e1bado, 15, o ex-prefeito de S\u00e3o Paulo, que assumiu a candidatura do PT ap\u00f3s Lula ter sido impedido pela Justi\u00e7a Eleitoral de se candidatar, em raz\u00e3o da Lei da Ficha Limpa.<\/p><div class=\"newsi-conteudo_19\" id=\"newsi-3017761639\"><a href=\"https:\/\/www.instagram.com\/prefeituraalagoinhas?igsh=YzgzdDJ1bWR3aWI4\" aria-label=\"SAVE_20251006_221555\"><img loading=\"lazy\" decoding=\"async\" src=\"https:\/\/newsinfoco.com.br\/inicio\/wp-content\/uploads\/2025\/10\/SAVE_20251006_221555-rotated.jpg\" alt=\"\"  srcset=\"https:\/\/newsinfoco.com.br\/inicio\/wp-content\/uploads\/2025\/10\/SAVE_20251006_221555-rotated.jpg 1140w, https:\/\/newsinfoco.com.br\/inicio\/wp-content\/uploads\/2025\/10\/SAVE_20251006_221555-300x52.jpg 300w, https:\/\/newsinfoco.com.br\/inicio\/wp-content\/uploads\/2025\/10\/SAVE_20251006_221555-1024x177.jpg 1024w, https:\/\/newsinfoco.com.br\/inicio\/wp-content\/uploads\/2025\/10\/SAVE_20251006_221555-768x133.jpg 768w, https:\/\/newsinfoco.com.br\/inicio\/wp-content\/uploads\/2025\/10\/SAVE_20251006_221555-600x104.jpg 600w, https:\/\/newsinfoco.com.br\/inicio\/wp-content\/uploads\/2025\/10\/SAVE_20251006_221555-696x120.jpg 696w, https:\/\/newsinfoco.com.br\/inicio\/wp-content\/uploads\/2025\/10\/SAVE_20251006_221555-1068x185.jpg 1068w\" sizes=\"(max-width: 1140px) 100vw, 1140px\" width=\"1140\" height=\"197\"   \/><\/a><\/div>\n<p style=\"text-align: justify;\">Condenado pelos crimes de corrup\u00e7\u00e3o passiva e lavagem de dinheiro, o ex-presidente est\u00e1 preso desde abril. Em um discurso de apenas tr\u00eas minutos, transmitido ao vivo pelo Twitter do candidato, Haddad gastou metade do tempo apenas para falar de Lula. \u201cEles j\u00e1 devem ter percebido que prenderam o cara errado. Desde que o prenderam, ele s\u00f3 cresce nas pesquisas e, se tivesse sua candidatura confirmada, como queria a ONU, seria eleito no primeiro turno\u201d, disse Haddad, em cima de um carro de som, ao lado da sua vice, Manuela D\u2019\u00c1vila (PCdoB), do governador do Estado, Rui Costa (PT), candidato a reelei\u00e7\u00e3o, e do ex-governador Jaques Wagner (PT), candidato ao Senado.<\/p>\n<p style=\"text-align: justify;\">No tempo restante, o presidenci\u00e1vel do PT disse que conta com os baianos para ter uma vit\u00f3ria expressiva na disputa ao Pal\u00e1cio do Planalto. \u201cO povo est\u00e1 livre para, at\u00e9 o dia 7 de outubro dia do primeiro turno, tomar a decis\u00e3o de retomar esse pa\u00eds nas m\u00e3os\u201d, afirmou Haddad. Sem citar a ex-presidente Dilma Rousseff, o ex-prefeito de S\u00e3o Paulo pediu aos eleitores que deem uma \u201cresposta ao golpe\u201d, numa refer\u00eancia ao processo de impeachment. \u201cA Bahia vai dizer em alto e bom som: o golpe acabou, o Brasil \u00e9 nosso\u201d, afirmou.<\/p>\n<h6 style=\"text-align: right;\"><span style=\"color: #999999;\">Estadao<\/span><\/h6>\n<p style=\"text-align: justify;\">\n<div class='share-to-whatsapp-wrapper'><div class='share-on-whsp'>Share on: <\/div><a data-text='Em campanha na Bahia, Haddad exalta Lula e pede \u2018resposta ao golpe\u2019' data-link='https:\/\/newsinfoco.com.br\/inicio\/em-campanha-na-bahia-haddad-exalta-lula-e-pede-resposta-ao-golpe\/' class='whatsapp-button whatsapp-share'>WhatsApp<\/a><div class='clear '><\/div><\/div>","protected":false},"excerpt":{"rendered":"<p>Em ato de campanha em Vit\u00f3ria da Conquista, no interior da Bahia o candidato a presidente pelo PT, Fernando Haddad, recorreu ao nome do ex-presidente Luiz In\u00e1cio Lula da Silva para pedir o apoio dos baianos, como parte do esfor\u00e7o do para garantir os votos do Nordeste. \u201cO Lula pode estar preso, mas o projeto [&hellip;]<\/p>\n","protected":false},"author":1,"featured_media":9508,"comment_status":"open","ping_status":"open","sticky":false,"template":"","format":"standard","meta":{"om_disable_all_campaigns":false,"_exactmetrics_skip_tracking":false,"_exactmetrics_sitenote_active":false,"_exactmetrics_sitenote_note":"","_exactmetrics_sitenote_category":0,"footnotes":""},"categories":[19],"tags":[],"class_list":["post-9507","post","type-post","status-publish","format-standard","has-post-thumbnail","hentry","category-bahia"],"aioseo_notices":[],"_links":{"self":[{"href":"https:\/\/newsinfoco.com.br\/inicio\/wp-json\/wp\/v2\/posts\/9507","targetHints":{"allow":["GET"]}}],"collection":[{"href":"https:\/\/newsinfoco.com.br\/inicio\/wp-json\/wp\/v2\/posts"}],"about":[{"href":"https:\/\/newsinfoco.com.br\/inicio\/wp-json\/wp\/v2\/types\/post"}],"author":[{"embeddable":true,"href":"https:\/\/newsinfoco.com.br\/inicio\/wp-json\/wp\/v2\/users\/1"}],"replies":[{"embeddable":true,"href":"https:\/\/newsinfoco.com.br\/inicio\/wp-json\/wp\/v2\/comments?post=9507"}],"version-history":[{"count":0,"href":"https:\/\/newsinfoco.com.br\/inicio\/wp-json\/wp\/v2\/posts\/9507\/revisions"}],"wp:featuredmedia":[{"embeddable":true,"href":"https:\/\/newsinfoco.com.br\/inicio\/wp-json\/wp\/v2\/media\/9508"}],"wp:attachment":[{"href":"https:\/\/newsinfoco.com.br\/inicio\/wp-json\/wp\/v2\/media?parent=9507"}],"wp:term":[{"taxonomy":"category","embeddable":true,"href":"https:\/\/newsinfoco.com.br\/inicio\/wp-json\/wp\/v2\/categories?post=9507"},{"taxonomy":"post_tag","embeddable":true,"href":"https:\/\/newsinfoco.com.br\/inicio\/wp-json\/wp\/v2\/tags?post=9507"}],"curies":[{"name":"wp","href":"https:\/\/api.w.org\/{rel}","templated":true}]}}