{"id":9516,"date":"2018-09-16T09:39:44","date_gmt":"2018-09-16T12:39:44","guid":{"rendered":"http:\/\/newsinfoco.com.br\/?p=9516"},"modified":"2018-09-16T09:39:44","modified_gmt":"2018-09-16T12:39:44","slug":"equilibrar-contas-publicas-e-o-principal-desafio-dizem-economistas","status":"publish","type":"post","link":"https:\/\/newsinfoco.com.br\/inicio\/equilibrar-contas-publicas-e-o-principal-desafio-dizem-economistas\/","title":{"rendered":"Equilibrar contas p\u00fablicas \u00e9 o principal desafio, dizem economistas"},"content":{"rendered":"<p style=\"text-align: justify;\">Equilibrar as contas p\u00fablicas. A medida, que pode levar a economia a dar um passo para tr\u00e1s em um primeiro momento, \u00e9 apontada por economistas como primordial para colocar o Brasil numa trajet\u00f3ria de crescimento novamente, ap\u00f3s dois anos de recess\u00e3o e outros dois de resultados p\u00edfios.<\/p>\n<p style=\"text-align: justify;\">Se o ajuste ser\u00e1 feito com aumento de impostos, corte dos gastos p\u00fablicos ou os dois, depender\u00e1 de quem for eleito, dizem os analistas. \u201cA quest\u00e3o fiscal vai vir antes de todas, a menos que um ambiente externo se torne muito favor\u00e1vel a emergentes. Provavelmente, vai haver aumento de impostos e corte nas despesas\u201d, afirma Armando Castelar, do Instituto Brasileiro de Economia da Funda\u00e7\u00e3o Getulio Vargas (Ibre\/FGV).<\/p><div class=\"newsi-conteudo_19\" id=\"newsi-3196943918\"><a href=\"https:\/\/www.instagram.com\/prefeituraalagoinhas?igsh=YzgzdDJ1bWR3aWI4\" aria-label=\"SAVE_20251006_221555\"><img loading=\"lazy\" decoding=\"async\" src=\"https:\/\/newsinfoco.com.br\/inicio\/wp-content\/uploads\/2025\/10\/SAVE_20251006_221555-rotated.jpg\" alt=\"\"  srcset=\"https:\/\/newsinfoco.com.br\/inicio\/wp-content\/uploads\/2025\/10\/SAVE_20251006_221555-rotated.jpg 1140w, https:\/\/newsinfoco.com.br\/inicio\/wp-content\/uploads\/2025\/10\/SAVE_20251006_221555-300x52.jpg 300w, https:\/\/newsinfoco.com.br\/inicio\/wp-content\/uploads\/2025\/10\/SAVE_20251006_221555-1024x177.jpg 1024w, https:\/\/newsinfoco.com.br\/inicio\/wp-content\/uploads\/2025\/10\/SAVE_20251006_221555-768x133.jpg 768w, https:\/\/newsinfoco.com.br\/inicio\/wp-content\/uploads\/2025\/10\/SAVE_20251006_221555-600x104.jpg 600w, https:\/\/newsinfoco.com.br\/inicio\/wp-content\/uploads\/2025\/10\/SAVE_20251006_221555-696x120.jpg 696w, https:\/\/newsinfoco.com.br\/inicio\/wp-content\/uploads\/2025\/10\/SAVE_20251006_221555-1068x185.jpg 1068w\" sizes=\"(max-width: 1140px) 100vw, 1140px\" width=\"1140\" height=\"197\"   \/><\/a><\/div>\n<p style=\"text-align: justify;\">Contas equilibradas ser\u00e3o essenciais para a manuten\u00e7\u00e3o de uma taxa de juros baixa \u2013 quando h\u00e1 d\u00e9ficits fiscais menores, o risco de calote de governos diminui e o mercado financeiro aceita emprestar por um juro reduzido. Essa taxa de juros baixa poder\u00e1, por sua vez, alavancar os investimentos no Pa\u00eds e, consequentemente, a economia. Al\u00e9m da reforma da Previd\u00eancia, projetos que incluam redu\u00e7\u00e3o da isen\u00e7\u00e3o de impostos, como o fim da desonera\u00e7\u00e3o da folha de pagamentos, devem fazer parte da agenda para que o governo aumente a arrecada\u00e7\u00e3o e reduza o d\u00e9ficit fiscal.<\/p>\n<p style=\"text-align: justify;\">\u201cO Brasil transfere 4,5% do PIB para empresas em isen\u00e7\u00e3o fiscal, e h\u00e1 estudos que mostram que isso n\u00e3o resulta em aumento de produtividade\u201d, diz Castelar. \u201cN\u00e3o d\u00e1 para rever tudo que h\u00e1 de isen\u00e7\u00e3o, mas, se revir 25% disso, j\u00e1 teria quase 1% do PIB\u201d, acrescenta o professor Jos\u00e9 Lu\u00eds Oreiro, da Universidade de Bras\u00edlia (UnB). Para o economista, mexer na fonte de receitas \u00e9 o mais urgente. \u201cO ajuste tem de ser r\u00e1pido e, para isso, tem de ser pelo lado da receita. O que se podia cortar (de gastos do governo) j\u00e1 se cortou.\u201d<\/p>\n<h6 style=\"text-align: right;\"><span style=\"color: #999999;\">Estad\u00e3o Conte\u00fado<\/span><\/h6>\n<div class='share-to-whatsapp-wrapper'><div class='share-on-whsp'>Share on: <\/div><a data-text='Equilibrar contas p\u00fablicas \u00e9 o principal desafio, dizem economistas' data-link='https:\/\/newsinfoco.com.br\/inicio\/equilibrar-contas-publicas-e-o-principal-desafio-dizem-economistas\/' class='whatsapp-button whatsapp-share'>WhatsApp<\/a><div class='clear '><\/div><\/div>","protected":false},"excerpt":{"rendered":"<p>Equilibrar as contas p\u00fablicas. A medida, que pode levar a economia a dar um passo para tr\u00e1s em um primeiro momento, \u00e9 apontada por economistas como primordial para colocar o Brasil numa trajet\u00f3ria de crescimento novamente, ap\u00f3s dois anos de recess\u00e3o e outros dois de resultados p\u00edfios. Se o ajuste ser\u00e1 feito com aumento de [&hellip;]<\/p>\n","protected":false},"author":1,"featured_media":9517,"comment_status":"open","ping_status":"open","sticky":false,"template":"","format":"standard","meta":{"om_disable_all_campaigns":false,"_exactmetrics_skip_tracking":false,"_exactmetrics_sitenote_active":false,"_exactmetrics_sitenote_note":"","_exactmetrics_sitenote_category":0,"footnotes":""},"categories":[21],"tags":[],"class_list":["post-9516","post","type-post","status-publish","format-standard","has-post-thumbnail","hentry","category-brasil"],"aioseo_notices":[],"_links":{"self":[{"href":"https:\/\/newsinfoco.com.br\/inicio\/wp-json\/wp\/v2\/posts\/9516","targetHints":{"allow":["GET"]}}],"collection":[{"href":"https:\/\/newsinfoco.com.br\/inicio\/wp-json\/wp\/v2\/posts"}],"about":[{"href":"https:\/\/newsinfoco.com.br\/inicio\/wp-json\/wp\/v2\/types\/post"}],"author":[{"embeddable":true,"href":"https:\/\/newsinfoco.com.br\/inicio\/wp-json\/wp\/v2\/users\/1"}],"replies":[{"embeddable":true,"href":"https:\/\/newsinfoco.com.br\/inicio\/wp-json\/wp\/v2\/comments?post=9516"}],"version-history":[{"count":0,"href":"https:\/\/newsinfoco.com.br\/inicio\/wp-json\/wp\/v2\/posts\/9516\/revisions"}],"wp:featuredmedia":[{"embeddable":true,"href":"https:\/\/newsinfoco.com.br\/inicio\/wp-json\/wp\/v2\/media\/9517"}],"wp:attachment":[{"href":"https:\/\/newsinfoco.com.br\/inicio\/wp-json\/wp\/v2\/media?parent=9516"}],"wp:term":[{"taxonomy":"category","embeddable":true,"href":"https:\/\/newsinfoco.com.br\/inicio\/wp-json\/wp\/v2\/categories?post=9516"},{"taxonomy":"post_tag","embeddable":true,"href":"https:\/\/newsinfoco.com.br\/inicio\/wp-json\/wp\/v2\/tags?post=9516"}],"curies":[{"name":"wp","href":"https:\/\/api.w.org\/{rel}","templated":true}]}}