{"id":9519,"date":"2018-09-16T09:45:42","date_gmt":"2018-09-16T12:45:42","guid":{"rendered":"http:\/\/newsinfoco.com.br\/?p=9519"},"modified":"2018-09-16T09:45:42","modified_gmt":"2018-09-16T12:45:42","slug":"aliado-de-bolsonaro-vai-a-pgr-contra-defesa-de-agressor-do-presidenciavel-do-psl","status":"publish","type":"post","link":"https:\/\/newsinfoco.com.br\/inicio\/aliado-de-bolsonaro-vai-a-pgr-contra-defesa-de-agressor-do-presidenciavel-do-psl\/","title":{"rendered":"Aliado de Bolsonaro vai \u00e0 PGR contra defesa de agressor do presidenci\u00e1vel do PSL"},"content":{"rendered":"<p style=\"text-align: justify;\">O deputado Onyx Lorenzoni (DEM-RS), um dos principais aliados do deputado Jair Bolsonaro, e seu advogado, Ad\u00e3o Paiani, protocolaram nesta sexta-feira, 14, uma representa\u00e7\u00e3o criminal na Procuradoria-Geral da Rep\u00fablica (PGR) contra os advogados de Ad\u00e9lio Bispo de Oliveira, o autor da facada que feriu o candidato \u00e0 Presid\u00eancia pelo PSL nas elei\u00e7\u00f5es 2018.<\/p>\n<p style=\"text-align: justify;\">A representa\u00e7\u00e3o questiona o fato do grupo de advogados n\u00e3o declarar quem estaria pagando pela defesa de Ad\u00e9lio. Al\u00e9m disso, o documento sugere que, ap\u00f3s as devidas investiga\u00e7\u00f5es, os advogados tamb\u00e9m respondam por organiza\u00e7\u00e3o criminosa, crimes contra a seguran\u00e7a nacional, terrorismo e contra a ordem tribut\u00e1ria. Os advogados de Ad\u00e9lio s\u00e3o Zanone Manuel de Oliveira J\u00fanior, Fernando Costa Oliveira Magalh\u00e3es, Marcelo Manoel da Costa e Pedro Augusto de Lima Felipe e Possas.<\/p><div class=\"newsi-conteudo_19\" id=\"newsi-2561253518\"><a href=\"https:\/\/www.instagram.com\/prefeituraalagoinhas?igsh=YzgzdDJ1bWR3aWI4\" aria-label=\"SAVE_20251006_221555\"><img loading=\"lazy\" decoding=\"async\" src=\"https:\/\/newsinfoco.com.br\/inicio\/wp-content\/uploads\/2025\/10\/SAVE_20251006_221555-rotated.jpg\" alt=\"\"  srcset=\"https:\/\/newsinfoco.com.br\/inicio\/wp-content\/uploads\/2025\/10\/SAVE_20251006_221555-rotated.jpg 1140w, https:\/\/newsinfoco.com.br\/inicio\/wp-content\/uploads\/2025\/10\/SAVE_20251006_221555-300x52.jpg 300w, https:\/\/newsinfoco.com.br\/inicio\/wp-content\/uploads\/2025\/10\/SAVE_20251006_221555-1024x177.jpg 1024w, https:\/\/newsinfoco.com.br\/inicio\/wp-content\/uploads\/2025\/10\/SAVE_20251006_221555-768x133.jpg 768w, https:\/\/newsinfoco.com.br\/inicio\/wp-content\/uploads\/2025\/10\/SAVE_20251006_221555-600x104.jpg 600w, https:\/\/newsinfoco.com.br\/inicio\/wp-content\/uploads\/2025\/10\/SAVE_20251006_221555-696x120.jpg 696w, https:\/\/newsinfoco.com.br\/inicio\/wp-content\/uploads\/2025\/10\/SAVE_20251006_221555-1068x185.jpg 1068w\" sizes=\"(max-width: 1140px) 100vw, 1140px\" width=\"1140\" height=\"197\"   \/><\/a><\/div>\n<p style=\"text-align: justify;\">No trecho mais forte do documento, os advogados s\u00e3o colocados como suspeitos de participarem de uma organiza\u00e7\u00e3o criminosa: \u201cLevanta suspeitas plaus\u00edveis de que esses estejam atuando no caso n\u00e3o apenas na condi\u00e7\u00e3o de advogados do autor do delito (\u2026), mas como garantes de uma organiza\u00e7\u00e3o criminosa respons\u00e1vel pela pr\u00e1tica de um atentado de natureza pol\u00edtica\u201d.<\/p>\n<p style=\"text-align: justify;\">Paiani, advogado de Lorenzoni, fez uma postagem sobre o caso em sua p\u00e1gina do Facebook. \u201cEntendemos que os advogados, ao se negarem a revelar o nome de quem est\u00e1 pagando os honor\u00e1rios da defesa do terrorista, al\u00e9m de cometeram obstru\u00e7\u00e3o da justi\u00e7a, est\u00e3o se tornando c\u00famplices do delito\u201d, escreveu. E continuou: \u201cPrender um z\u00e9 ruela como Ad\u00e9lio Bispo \u00e9 f\u00e1cil. Queremos na cadeia tamb\u00e9m os mandantes, os mentores intelectuais, os financiadores da a\u00e7\u00e3o terrorista. Sejam eles quem forem, estejam onde estiverem. E n\u00e3o descansaremos enquanto isso n\u00e3o acontecer\u201d.<\/p>\n<p style=\"text-align: justify;\">Para o advogado de Ad\u00e9lio, Zanone Manuel de Oliveira J\u00fanior, a representa\u00e7\u00e3o \u201ctem car\u00e1ter pol\u00edtico eleitoral\u201d. \u201cAl\u00e9m disso, \u00e9 uma tentativa de criminalizar a advocacia. Eu n\u00e3o apoio, eu condeno o que Ad\u00e9lio fez, mas ele tem o direito de ser defendido como qualquer um. E a confidencialidade do meu contratante \u00e9 algo que eu n\u00e3o abro m\u00e3o\u201d.<\/p>\n<h6 style=\"text-align: right;\"><span style=\"color: #999999;\">Estad\u00e3o Conteudo<\/span><\/h6>\n<div class='share-to-whatsapp-wrapper'><div class='share-on-whsp'>Share on: <\/div><a data-text='Aliado de Bolsonaro vai \u00e0 PGR contra defesa de agressor do presidenci\u00e1vel do PSL' data-link='https:\/\/newsinfoco.com.br\/inicio\/aliado-de-bolsonaro-vai-a-pgr-contra-defesa-de-agressor-do-presidenciavel-do-psl\/' class='whatsapp-button whatsapp-share'>WhatsApp<\/a><div class='clear '><\/div><\/div>","protected":false},"excerpt":{"rendered":"<p>O deputado Onyx Lorenzoni (DEM-RS), um dos principais aliados do deputado Jair Bolsonaro, e seu advogado, Ad\u00e3o Paiani, protocolaram nesta sexta-feira, 14, uma representa\u00e7\u00e3o criminal na Procuradoria-Geral da Rep\u00fablica (PGR) contra os advogados de Ad\u00e9lio Bispo de Oliveira, o autor da facada que feriu o candidato \u00e0 Presid\u00eancia pelo PSL nas elei\u00e7\u00f5es 2018. A representa\u00e7\u00e3o [&hellip;]<\/p>\n","protected":false},"author":1,"featured_media":9520,"comment_status":"open","ping_status":"open","sticky":false,"template":"","format":"standard","meta":{"om_disable_all_campaigns":false,"_exactmetrics_skip_tracking":false,"_exactmetrics_sitenote_active":false,"_exactmetrics_sitenote_note":"","_exactmetrics_sitenote_category":0,"footnotes":""},"categories":[21],"tags":[],"class_list":["post-9519","post","type-post","status-publish","format-standard","has-post-thumbnail","hentry","category-brasil"],"aioseo_notices":[],"_links":{"self":[{"href":"https:\/\/newsinfoco.com.br\/inicio\/wp-json\/wp\/v2\/posts\/9519","targetHints":{"allow":["GET"]}}],"collection":[{"href":"https:\/\/newsinfoco.com.br\/inicio\/wp-json\/wp\/v2\/posts"}],"about":[{"href":"https:\/\/newsinfoco.com.br\/inicio\/wp-json\/wp\/v2\/types\/post"}],"author":[{"embeddable":true,"href":"https:\/\/newsinfoco.com.br\/inicio\/wp-json\/wp\/v2\/users\/1"}],"replies":[{"embeddable":true,"href":"https:\/\/newsinfoco.com.br\/inicio\/wp-json\/wp\/v2\/comments?post=9519"}],"version-history":[{"count":0,"href":"https:\/\/newsinfoco.com.br\/inicio\/wp-json\/wp\/v2\/posts\/9519\/revisions"}],"wp:featuredmedia":[{"embeddable":true,"href":"https:\/\/newsinfoco.com.br\/inicio\/wp-json\/wp\/v2\/media\/9520"}],"wp:attachment":[{"href":"https:\/\/newsinfoco.com.br\/inicio\/wp-json\/wp\/v2\/media?parent=9519"}],"wp:term":[{"taxonomy":"category","embeddable":true,"href":"https:\/\/newsinfoco.com.br\/inicio\/wp-json\/wp\/v2\/categories?post=9519"},{"taxonomy":"post_tag","embeddable":true,"href":"https:\/\/newsinfoco.com.br\/inicio\/wp-json\/wp\/v2\/tags?post=9519"}],"curies":[{"name":"wp","href":"https:\/\/api.w.org\/{rel}","templated":true}]}}