{"id":9522,"date":"2018-09-16T09:50:57","date_gmt":"2018-09-16T12:50:57","guid":{"rendered":"http:\/\/newsinfoco.com.br\/?p=9522"},"modified":"2018-09-16T09:50:57","modified_gmt":"2018-09-16T12:50:57","slug":"alckmin-critica-populismo-do-pt-e-de-bolsonaro","status":"publish","type":"post","link":"https:\/\/newsinfoco.com.br\/inicio\/alckmin-critica-populismo-do-pt-e-de-bolsonaro\/","title":{"rendered":"Alckmin critica \u201cpopulismo\u201d do PT e de Bolsonaro"},"content":{"rendered":"<p style=\"text-align: justify;\">O candidato pelo PSDB \u00e0 Presid\u00eancia, Geraldo Alckmin, usou o Twitter para voltar a criticar o PT e tamb\u00e9m Jair Bolsonaro, candidato do PSL.<\/p>\n<p style=\"text-align: justify;\">Em uma primeira mensagem, disse que o \u201cBrasil n\u00e3o aguenta mais o populismo de esquerda do PT, que levou a 13 milh\u00f5es de desempregados, nem o populismo de direita do Bolsonaro, que n\u00e3o tem a menor condi\u00e7\u00e3o de fazer o Brasil se recuperar\u201d. Logo depois, Alckmin afirmou que far\u00e1 \u201cum grande esfor\u00e7o para ir para o segundo turno, porque n\u00f3s podemos derrotar o PT\u201d. \u201cNo segundo turno, Bolsonaro perde para o PT, como perde para qualquer candidato\u201d, afirmou o ex-governador de S\u00e3o Paulo.<\/p><div class=\"newsi-conteudo_19\" id=\"newsi-444040049\"><a href=\"https:\/\/www.instagram.com\/prefeituraalagoinhas?igsh=YzgzdDJ1bWR3aWI4\" aria-label=\"SAVE_20251006_221555\"><img loading=\"lazy\" decoding=\"async\" src=\"https:\/\/newsinfoco.com.br\/inicio\/wp-content\/uploads\/2025\/10\/SAVE_20251006_221555-rotated.jpg\" alt=\"\"  srcset=\"https:\/\/newsinfoco.com.br\/inicio\/wp-content\/uploads\/2025\/10\/SAVE_20251006_221555-rotated.jpg 1140w, https:\/\/newsinfoco.com.br\/inicio\/wp-content\/uploads\/2025\/10\/SAVE_20251006_221555-300x52.jpg 300w, https:\/\/newsinfoco.com.br\/inicio\/wp-content\/uploads\/2025\/10\/SAVE_20251006_221555-1024x177.jpg 1024w, https:\/\/newsinfoco.com.br\/inicio\/wp-content\/uploads\/2025\/10\/SAVE_20251006_221555-768x133.jpg 768w, https:\/\/newsinfoco.com.br\/inicio\/wp-content\/uploads\/2025\/10\/SAVE_20251006_221555-600x104.jpg 600w, https:\/\/newsinfoco.com.br\/inicio\/wp-content\/uploads\/2025\/10\/SAVE_20251006_221555-696x120.jpg 696w, https:\/\/newsinfoco.com.br\/inicio\/wp-content\/uploads\/2025\/10\/SAVE_20251006_221555-1068x185.jpg 1068w\" sizes=\"(max-width: 1140px) 100vw, 1140px\" width=\"1140\" height=\"197\"   \/><\/a><\/div>\n<p style=\"text-align: justify;\">Por fim, o candidato do PSDB, que faz campanha em Rio Branco, no Acre, neste s\u00e1bado, atribuiu o crescimento do radicalismo ao PT e afirmou que n\u00e3o \u00e9 assim que o Pa\u00eds voltar\u00e1 a crescer. \u201cO PT, como sempre trabalhou para criar o \u2018n\u00f3s contra eles\u2019, acabou criando radicais do outro lado. E n\u00e3o \u00e9 com radicalismo que vamos crescer. N\u00e3o vamos atender as pessoas nos hospitais \u00e0 bala construir creches \u00e0 bala, trazer investimentos e gerar empregos \u00e0 bala\u201d, escreveu Alckmin.<\/p>\n<h6 style=\"text-align: right;\"><span style=\"color: #999999;\">Estad\u00e3o Conteudo<\/span><\/h6>\n<div class='share-to-whatsapp-wrapper'><div class='share-on-whsp'>Share on: <\/div><a data-text='Alckmin critica \u201cpopulismo\u201d do PT e de Bolsonaro' data-link='https:\/\/newsinfoco.com.br\/inicio\/alckmin-critica-populismo-do-pt-e-de-bolsonaro\/' class='whatsapp-button whatsapp-share'>WhatsApp<\/a><div class='clear '><\/div><\/div>","protected":false},"excerpt":{"rendered":"<p>O candidato pelo PSDB \u00e0 Presid\u00eancia, Geraldo Alckmin, usou o Twitter para voltar a criticar o PT e tamb\u00e9m Jair Bolsonaro, candidato do PSL. Em uma primeira mensagem, disse que o \u201cBrasil n\u00e3o aguenta mais o populismo de esquerda do PT, que levou a 13 milh\u00f5es de desempregados, nem o populismo de direita do Bolsonaro, [&hellip;]<\/p>\n","protected":false},"author":1,"featured_media":9523,"comment_status":"open","ping_status":"open","sticky":false,"template":"","format":"standard","meta":{"om_disable_all_campaigns":false,"_exactmetrics_skip_tracking":false,"_exactmetrics_sitenote_active":false,"_exactmetrics_sitenote_note":"","_exactmetrics_sitenote_category":0,"footnotes":""},"categories":[21],"tags":[],"class_list":["post-9522","post","type-post","status-publish","format-standard","has-post-thumbnail","hentry","category-brasil"],"aioseo_notices":[],"_links":{"self":[{"href":"https:\/\/newsinfoco.com.br\/inicio\/wp-json\/wp\/v2\/posts\/9522","targetHints":{"allow":["GET"]}}],"collection":[{"href":"https:\/\/newsinfoco.com.br\/inicio\/wp-json\/wp\/v2\/posts"}],"about":[{"href":"https:\/\/newsinfoco.com.br\/inicio\/wp-json\/wp\/v2\/types\/post"}],"author":[{"embeddable":true,"href":"https:\/\/newsinfoco.com.br\/inicio\/wp-json\/wp\/v2\/users\/1"}],"replies":[{"embeddable":true,"href":"https:\/\/newsinfoco.com.br\/inicio\/wp-json\/wp\/v2\/comments?post=9522"}],"version-history":[{"count":0,"href":"https:\/\/newsinfoco.com.br\/inicio\/wp-json\/wp\/v2\/posts\/9522\/revisions"}],"wp:featuredmedia":[{"embeddable":true,"href":"https:\/\/newsinfoco.com.br\/inicio\/wp-json\/wp\/v2\/media\/9523"}],"wp:attachment":[{"href":"https:\/\/newsinfoco.com.br\/inicio\/wp-json\/wp\/v2\/media?parent=9522"}],"wp:term":[{"taxonomy":"category","embeddable":true,"href":"https:\/\/newsinfoco.com.br\/inicio\/wp-json\/wp\/v2\/categories?post=9522"},{"taxonomy":"post_tag","embeddable":true,"href":"https:\/\/newsinfoco.com.br\/inicio\/wp-json\/wp\/v2\/tags?post=9522"}],"curies":[{"name":"wp","href":"https:\/\/api.w.org\/{rel}","templated":true}]}}