{"id":9660,"date":"2018-09-19T18:25:40","date_gmt":"2018-09-19T21:25:40","guid":{"rendered":"http:\/\/newsinfoco.com.br\/?p=9660"},"modified":"2018-09-19T18:25:40","modified_gmt":"2018-09-19T21:25:40","slug":"inovacao-tecnologia-e-democratizacao-do-acesso-a-internet-mais-12-escolas-de-alagoinhas-sao-contempladas-pelo-educacao-conectada","status":"publish","type":"post","link":"https:\/\/newsinfoco.com.br\/inicio\/inovacao-tecnologia-e-democratizacao-do-acesso-a-internet-mais-12-escolas-de-alagoinhas-sao-contempladas-pelo-educacao-conectada\/","title":{"rendered":"Inova\u00e7\u00e3o, tecnologia e democratiza\u00e7\u00e3o do acesso \u00e0 internet: mais 12 escolas de Alagoinhas s\u00e3o contempladas pelo Educa\u00e7\u00e3o Conectada"},"content":{"rendered":"<p style=\"text-align: justify;\"><span style=\"color: #000000;\">Ap\u00f3s contemplar 47 unidades de ensino com acesso \u00e0 internet, atrav\u00e9s do programa Educa\u00e7\u00e3o Conectada, do Governo Federal, Alagoinhas d\u00e1 mais um passo rumo \u00e0 democratiza\u00e7\u00e3o do acesso nas escolas e \u00e0 inser\u00e7\u00e3o da tecnologia como ferramenta pedag\u00f3gica de uso cotidiano na rede da educa\u00e7\u00e3o b\u00e1sica. \u00c9 que esta semana mais 12 escolas foram contempladas em uma 2\u00aa etapa do programa \u2013 o que significa que, a partir de agora, 59 unidades do munic\u00edpio poder\u00e3o, atrav\u00e9s do Educa\u00e7\u00e3o Conectada, oferecer conex\u00e3o e conte\u00fados digitais para alunos e professores.<\/span><\/p>\n<p style=\"text-align: justify;\"><span style=\"color: #000000;\">A iniciativa prev\u00ea a contrata\u00e7\u00e3o de conex\u00e3o para uso pedag\u00f3gico e a rede de ensino tem autonomia para definir a pol\u00edtica de acesso e a utiliza\u00e7\u00e3o dos recursos, sempre visando atender ao objetivo do programa no que tange \u00e0 implementa\u00e7\u00e3o de tecnologias digitais ao processo de ensino-aprendizagem nas escolas.<\/span><\/p><div class=\"newsi-conteudo_19\" id=\"newsi-533976493\"><a href=\"https:\/\/www.instagram.com\/prefeituraalagoinhas?igsh=YzgzdDJ1bWR3aWI4\" aria-label=\"SAVE_20251006_221555\"><img loading=\"lazy\" decoding=\"async\" src=\"https:\/\/newsinfoco.com.br\/inicio\/wp-content\/uploads\/2025\/10\/SAVE_20251006_221555-rotated.jpg\" alt=\"\"  srcset=\"https:\/\/newsinfoco.com.br\/inicio\/wp-content\/uploads\/2025\/10\/SAVE_20251006_221555-rotated.jpg 1140w, https:\/\/newsinfoco.com.br\/inicio\/wp-content\/uploads\/2025\/10\/SAVE_20251006_221555-300x52.jpg 300w, https:\/\/newsinfoco.com.br\/inicio\/wp-content\/uploads\/2025\/10\/SAVE_20251006_221555-1024x177.jpg 1024w, https:\/\/newsinfoco.com.br\/inicio\/wp-content\/uploads\/2025\/10\/SAVE_20251006_221555-768x133.jpg 768w, https:\/\/newsinfoco.com.br\/inicio\/wp-content\/uploads\/2025\/10\/SAVE_20251006_221555-600x104.jpg 600w, https:\/\/newsinfoco.com.br\/inicio\/wp-content\/uploads\/2025\/10\/SAVE_20251006_221555-696x120.jpg 696w, https:\/\/newsinfoco.com.br\/inicio\/wp-content\/uploads\/2025\/10\/SAVE_20251006_221555-1068x185.jpg 1068w\" sizes=\"(max-width: 1140px) 100vw, 1140px\" width=\"1140\" height=\"197\"   \/><\/a><\/div>\n<p style=\"text-align: justify;\"><span style=\"color: #000000;\">\u201c\u00c9 a educa\u00e7\u00e3o acompanhando o contexto da evolu\u00e7\u00e3o tecnol\u00f3gica e aqui em Alagoinhas n\u00e3o poderia ser diferente. \u00c9 importante que os alunos aqui do munic\u00edpio possam utilizar a internet para consultas, para produ\u00e7\u00e3o de conte\u00fado e compartilhamento. A SEDUC tem orientado os diretores das escolas contempladas para o planejamento e a organiza\u00e7\u00e3o, dando o suporte necess\u00e1rio para a contrata\u00e7\u00e3o do servi\u00e7o. \u00c9 importante destacar tamb\u00e9m que esse novo resultado, das 12 escolas contempladas nessa etapa, \u00e9 fruto de uma iniciativa que come\u00e7ou muito antes, no ano passado, quando o prefeito Joaquim Neto insistiu na necessidade do munic\u00edpio fazer o cadastro e aderir ao programa\u201d, explicou Jamile Cerqueira, coordenadora de tecnologias da Secretaria Municipal de Educa\u00e7\u00e3o.<\/span><\/p>\n<p style=\"text-align: justify;\"><span style=\"color: #000000;\">Para o secret\u00e1rio respons\u00e1vel pela pasta, Fabr\u00edcio Faro, \u00e9 mais uma oportunidade que pode gerar resultados efetivos aos alunos da rede municipal. \u201cA tecnologia evoluiu muito e a nova gera\u00e7\u00e3o lida quase diariamente com a virtualidade do universo digital. \u00c9 importante que as escolas tenham conex\u00e3o, proporcionem o acesso a conte\u00fados online e tamb\u00e9m discutam o uso dessas ferramentas incorporadas \u00e0s metodologias de ensino, incitando inclusive a reflex\u00f5es sobre as formas de lidar com esses aparatos. O importante \u00e9 destacar que a finalidade \u00e9 pedag\u00f3gica. Cada unidade de ensino tra\u00e7a o seu planejamento e desenvolve sua estrat\u00e9gia, mas o intuito \u00e9 que alunos e professores se sintam estimulados e possam contar com a conectividade para incluir, aprender e agregar\u201d, pontuou.<\/span><\/p>\n<p><img decoding=\"async\" src=\"https:\/\/www.alagoinhas.ba.gov.br\/wp-content\/uploads\/2018\/09\/43148844025_513b549ccf_z.jpg\" \/><\/p>\n<p style=\"text-align: justify;\">De acordo com ele, a tecnologia veio para potencializar o trabalho dos professores, que poder\u00e3o usufruir da Plataforma Integrada de Recursos Educacionais Digitais do MEC, onde encontrar\u00e3o materiais atualizados constru\u00eddos pelo Minist\u00e9rio e por parceiros.<\/p>\n<p style=\"text-align: justify;\">O recurso disponibilizado pelo programa \u00e9 anual e a contrata\u00e7\u00e3o do servi\u00e7o de internet pode ser de 20MB a 100MB. O valor disponibilizado pelo governo federal varia de unidade para unidade, de acordo com a localiza\u00e7\u00e3o e o n\u00famero de alunos a que a escola atende.<\/p>\n<p style=\"text-align: justify;\">Confira a lista das novas escolas selecionadas pelo programa:<br \/>\n1. CENTRO EDUCACIONAL MURILO COELHO CAVALCANTI<br \/>\n2. CRECHE ESCOLA MUNICIPAL IRACY LIMA FONTES<br \/>\n3. ESCOLA MUNICIPAL ENGENHEIRO FILADELFO NETO<br \/>\n4. ESCOLA MUNICIPAL JARDIM PETROLAR<br \/>\n5. ESCOLA MUNICIPAL MARCO MACIEL<br \/>\n6. ESCOLA MUNICIPAL MIGUEL CALMON<br \/>\n7. ESCOLA MUNICIPAL PEDRO FURTADO<br \/>\n8. ESCOLA MUNICIPAL PROFESSORA ADALGISA SANTOS<br \/>\n9. ESCOLA MUNICIPAL PROFESSOR ALVARO PALMEIRA<br \/>\n10. ESCOLA MUNICIPAL SANTA TEREZINHA<br \/>\n11. ESCOLA MUNICIPAL TANCREDO NEVES<br \/>\n12. ESCOLA MUNICIPAL UIRASSU DE ASSIS BATISTA<\/p>\n<p style=\"text-align: justify;\"><strong>Na frente pela inova\u00e7\u00e3o<\/strong><br \/>\nN\u00e3o \u00e9 a primeira vez que a Secretaria Municipal de Educa\u00e7\u00e3o aposta na inova\u00e7\u00e3o e na conectividade como formas de agregar ao ensino-aprendizagem dos alunos da rede municipal. Al\u00e9m do Educa\u00e7\u00e3o Conectada, do Governo Federal, a SEDUC tem apostado em outras iniciativas e se unido aos \u00f3rg\u00e3os pioneiros para ressignificar a experi\u00eancia em sala de aula, proporcionando acesso a metodologias modernas a estudantes e professores.<\/p>\n<p style=\"text-align: justify;\"><img decoding=\"async\" src=\"https:\/\/www.alagoinhas.ba.gov.br\/wp-content\/uploads\/2018\/09\/43608045784_ae453ee246_z-1.jpg\" \/><\/p>\n<p>Em agosto deste ano, a secretaria aderiu \u00e0 iniciativa da Associa\u00e7\u00e3o Nova Escola e colocou Alagoinhas entre os 6 munic\u00edpios do pa\u00eds a receber Chrome Books e a promover, com o uso das ferramentas, o desenvolvimento atrav\u00e9s da aplica\u00e7\u00e3o de planos de aula produzidos e revisados por professores experientes de todo o pa\u00eds.<\/p>\n<p>Em janeiro, sob a coordena\u00e7\u00e3o de Jamile Cerqueira, uma equipe formada por estagi\u00e1rios da SEDUC tamb\u00e9m reativou mais de 20 laborat\u00f3rios que estavam inoperantes na secretaria, que iniciou ainda um curso de inform\u00e1tica b\u00e1sica para as pessoas que n\u00e3o est\u00e3o familiarizadas ao universo digital.<\/p>\n<p><img decoding=\"async\" src=\"https:\/\/www.alagoinhas.ba.gov.br\/wp-content\/uploads\/2018\/09\/43336476234_a1007bac5c_z.jpg\" \/><\/p>\n<p>Para a secretaria, o intuito de todas as medidas \u00e9 unir esfor\u00e7os. \u201cQueremos que os profissionais sejam beneficiados pela inova\u00e7\u00e3o e desejamos que os aparatos tecnol\u00f3gicos possam servir de modo eficiente para a aprendizagem, para o compartilhamento e para a atualiza\u00e7\u00e3o do conhecimento. \u00c9 acompanhar esse novo cen\u00e1rio da inser\u00e7\u00e3o da tecnologia na educa\u00e7\u00e3o. S\u00e3o iniciativas que fazem parte da cara da gest\u00e3o, que tem buscado isso desde o in\u00edcio\u201d, pontuou Jamile Cerqueira.<\/p>\n<p>A previs\u00e3o, segundo a SEDUC, \u00e9 de que as unidades da rede municipal atuem de forma integrada com as novas tecnologias e que as escolas que ainda n\u00e3o foram contempladas pelos programas tamb\u00e9m possam contar, em breve, com sistemas de informatiza\u00e7\u00e3o e conectividade.<\/p>\n<div align=\"right\"><\/div>\n<h6 align=\"right\"><span style=\"color: #999999;\">Fonte: SECOM SEDUC<\/span><\/h6>\n<div class='share-to-whatsapp-wrapper'><div class='share-on-whsp'>Share on: <\/div><a data-text='Inova\u00e7\u00e3o, tecnologia e democratiza\u00e7\u00e3o do acesso \u00e0 internet: mais 12 escolas de Alagoinhas s\u00e3o contempladas pelo Educa\u00e7\u00e3o Conectada' data-link='https:\/\/newsinfoco.com.br\/inicio\/inovacao-tecnologia-e-democratizacao-do-acesso-a-internet-mais-12-escolas-de-alagoinhas-sao-contempladas-pelo-educacao-conectada\/' class='whatsapp-button whatsapp-share'>WhatsApp<\/a><div class='clear '><\/div><\/div>","protected":false},"excerpt":{"rendered":"<p>Ap\u00f3s contemplar 47 unidades de ensino com acesso \u00e0 internet, atrav\u00e9s do programa Educa\u00e7\u00e3o Conectada, do Governo Federal, Alagoinhas d\u00e1 mais um passo rumo \u00e0 democratiza\u00e7\u00e3o do acesso nas escolas e \u00e0 inser\u00e7\u00e3o da tecnologia como ferramenta pedag\u00f3gica de uso cotidiano na rede da educa\u00e7\u00e3o b\u00e1sica. \u00c9 que esta semana mais 12 escolas foram contempladas [&hellip;]<\/p>\n","protected":false},"author":1,"featured_media":9661,"comment_status":"open","ping_status":"open","sticky":false,"template":"","format":"standard","meta":{"om_disable_all_campaigns":false,"_exactmetrics_skip_tracking":false,"_exactmetrics_sitenote_active":false,"_exactmetrics_sitenote_note":"","_exactmetrics_sitenote_category":0,"footnotes":""},"categories":[38,30],"tags":[53,54,107],"class_list":["post-9660","post","type-post","status-publish","format-standard","has-post-thumbnail","hentry","category-alagoinhas-e-regiao","category-destaque","tag-alagoinhas","tag-prefeitura","tag-secom-seduc"],"aioseo_notices":[],"_links":{"self":[{"href":"https:\/\/newsinfoco.com.br\/inicio\/wp-json\/wp\/v2\/posts\/9660","targetHints":{"allow":["GET"]}}],"collection":[{"href":"https:\/\/newsinfoco.com.br\/inicio\/wp-json\/wp\/v2\/posts"}],"about":[{"href":"https:\/\/newsinfoco.com.br\/inicio\/wp-json\/wp\/v2\/types\/post"}],"author":[{"embeddable":true,"href":"https:\/\/newsinfoco.com.br\/inicio\/wp-json\/wp\/v2\/users\/1"}],"replies":[{"embeddable":true,"href":"https:\/\/newsinfoco.com.br\/inicio\/wp-json\/wp\/v2\/comments?post=9660"}],"version-history":[{"count":0,"href":"https:\/\/newsinfoco.com.br\/inicio\/wp-json\/wp\/v2\/posts\/9660\/revisions"}],"wp:featuredmedia":[{"embeddable":true,"href":"https:\/\/newsinfoco.com.br\/inicio\/wp-json\/wp\/v2\/media\/9661"}],"wp:attachment":[{"href":"https:\/\/newsinfoco.com.br\/inicio\/wp-json\/wp\/v2\/media?parent=9660"}],"wp:term":[{"taxonomy":"category","embeddable":true,"href":"https:\/\/newsinfoco.com.br\/inicio\/wp-json\/wp\/v2\/categories?post=9660"},{"taxonomy":"post_tag","embeddable":true,"href":"https:\/\/newsinfoco.com.br\/inicio\/wp-json\/wp\/v2\/tags?post=9660"}],"curies":[{"name":"wp","href":"https:\/\/api.w.org\/{rel}","templated":true}]}}