{"id":9666,"date":"2018-09-19T18:39:03","date_gmt":"2018-09-19T21:39:03","guid":{"rendered":"http:\/\/newsinfoco.com.br\/?p=9666"},"modified":"2018-09-19T18:39:03","modified_gmt":"2018-09-19T21:39:03","slug":"abertura-da-semana-nacional-de-transito-ressalta-o-respeito-a-vida","status":"publish","type":"post","link":"https:\/\/newsinfoco.com.br\/inicio\/abertura-da-semana-nacional-de-transito-ressalta-o-respeito-a-vida\/","title":{"rendered":"Abertura da Semana Nacional de Tr\u00e2nsito ressalta o respeito \u00e0 vida"},"content":{"rendered":"<p style=\"text-align: justify;\">A necessidade de mudan\u00e7a na postura de pedestres, ciclistas e motoristas e o respeito \u00e0 vida foram os pontos em comum destacados por representantes de \u00f3rg\u00e3os municipais e estaduais na abertura da Semana Nacional do Tr\u00e2nsito em Alagoinhas. A solenidade, nesta ter\u00e7a-feira (18), na Faculdade Santo Ant\u00f4nio, reuniu tamb\u00e9m estudantes e parceiros da sociedade civil engajados em atividades e programas voltados para a seguran\u00e7a no tr\u00e2nsito.<\/p>\n<p><img decoding=\"async\" src=\"https:\/\/www.alagoinhas.ba.gov.br\/wp-content\/uploads\/2018\/09\/8f602c35-9385-4523-bf6d-1c9c63f581b3-1.jpg\" \/><\/p>\n<p style=\"text-align: justify;\">\u201cNos pr\u00f3ximos dias estaremos com equipes nas ruas para intensificar as atividades educativas que planejamos e colocamos em pr\u00e1tica ao longo de todo o ano\u201d, afirmou o Superintendente de Transporte e Tr\u00e2nsito (SMTT), Coronel Nonato Leite.<\/p><div class=\"newsi-conteudo_19\" id=\"newsi-1437085037\"><a href=\"https:\/\/www.instagram.com\/prefeituraalagoinhas?igsh=YzgzdDJ1bWR3aWI4\" aria-label=\"SAVE_20251006_221555\"><img loading=\"lazy\" decoding=\"async\" src=\"https:\/\/newsinfoco.com.br\/inicio\/wp-content\/uploads\/2025\/10\/SAVE_20251006_221555-rotated.jpg\" alt=\"\"  srcset=\"https:\/\/newsinfoco.com.br\/inicio\/wp-content\/uploads\/2025\/10\/SAVE_20251006_221555-rotated.jpg 1140w, https:\/\/newsinfoco.com.br\/inicio\/wp-content\/uploads\/2025\/10\/SAVE_20251006_221555-300x52.jpg 300w, https:\/\/newsinfoco.com.br\/inicio\/wp-content\/uploads\/2025\/10\/SAVE_20251006_221555-1024x177.jpg 1024w, https:\/\/newsinfoco.com.br\/inicio\/wp-content\/uploads\/2025\/10\/SAVE_20251006_221555-768x133.jpg 768w, https:\/\/newsinfoco.com.br\/inicio\/wp-content\/uploads\/2025\/10\/SAVE_20251006_221555-600x104.jpg 600w, https:\/\/newsinfoco.com.br\/inicio\/wp-content\/uploads\/2025\/10\/SAVE_20251006_221555-696x120.jpg 696w, https:\/\/newsinfoco.com.br\/inicio\/wp-content\/uploads\/2025\/10\/SAVE_20251006_221555-1068x185.jpg 1068w\" sizes=\"(max-width: 1140px) 100vw, 1140px\" width=\"1140\" height=\"197\"   \/><\/a><\/div>\n<p><img decoding=\"async\" src=\"https:\/\/www.alagoinhas.ba.gov.br\/wp-content\/uploads\/2018\/09\/624dc83b-c8d6-4c79-a6ce-c719a690872b-768x1024.jpg\" \/><\/p>\n<p>Em sua palestra, Alex Cunha Oliveira, Sub Tenente da PM e Educador de Tr\u00e2nsito, pediu mais respeito \u00e0s vidas. \u201cPrecisamos deixar de lado a hipocrisia que tem na nossa sociedade quando o assunto \u00e9 tr\u00e2nsito e fazer um apelo pela vida, refor\u00e7ando, quantas vezes mais for preciso, condutas como n\u00e3o beber se for dirigir e respeito aos limites de velocidade e \u00e0s placas de sinaliza\u00e7\u00e3o\u201d. pontuou. \u201cAcidente de tr\u00e2nsito n\u00e3o \u00e9 erro, ele \u00e9 ensaiado diversas vezes\u201d, afirmou.<\/p>\n<p><img decoding=\"async\" src=\"https:\/\/www.alagoinhas.ba.gov.br\/wp-content\/uploads\/2018\/09\/ca999ee9-cb77-4961-a75c-7fcd01e0e521-1024x768.jpg\" \/><\/p>\n<p style=\"text-align: justify;\">Ele levantou outro ponto para a discuss\u00e3o: O Brasil ocupa o quinto lugar no ranking de mortes no Tr\u00e2nsito. Em m\u00e9dia, 400 mil pessoas por ano, \u00a0s\u00e3o afetadas por sendo que 47 mil s\u00e3o vitimas fatais. Entre as principais causas s\u00e3o falta de aten\u00e7\u00e3o, velocidade incompat\u00edvel, \u00e1lcool, desobedi\u00eancia \u00e0 sinaliza\u00e7\u00e3o, ultrapassagens indevidas e sono. Diante disso, a proposta \u00e9 chamar aten\u00e7\u00e3o sobre import\u00e2ncia da mudan\u00e7a de atitude, lembrar que cada um \u00e9 respons\u00e1vel por mudar este cen\u00e1rio adotando novos comportamentos, destacou.<\/p>\n<p style=\"text-align: justify;\">Para o procurador da SMTT, Hilton da silva, \u00e9 com investimento em educa\u00e7\u00e3o que o Brasil obter\u00e1 melhoras no comportamento do tr\u00e2nsito. \u201cO grande esfor\u00e7o tem que ser em educa\u00e7\u00e3o a m\u00e9dio e a longo prazo. \u00c9 dessa maneira que perceberemos mudan\u00e7as concretas, com reflexos e melhorias na seguran\u00e7a p\u00fablica, com novas perspectivas e mais esperan\u00e7a\u201d, defendeu.<\/p>\n<p style=\"text-align: justify;\"><strong>Semana Nacional de Tr\u00e2nsito<\/strong><\/p>\n<p style=\"text-align: justify;\">Com o tema \u201d N\u00f3s Somos o Tr\u00e2nsito\u201d, a programa\u00e7\u00e3o da Semana do Tr\u00e2nsito foi iniciada na manh\u00e3 desta quarta-feira (19), com diversas a\u00e7\u00f5es \u00a0na Pra\u00e7a JJ Seabra , em parceria com a Secretaria de Sa\u00fade (SESAU), Sest Senat, Pol\u00edcia Militar, escolas municipais e iniciativa privada, e prossegue at\u00e9 o dia 25 de setembro, quando ser\u00e1 promovida uma caminhada no centro da cidade.<\/p>\n<p style=\"text-align: justify;\">Veja quais atiyidades \u00a0programadas para os outros dias na semana Nacional de Tr\u00e3nsito em Alagoinhas<\/p>\n<p style=\"text-align: justify;\"><strong>Dia: 20 de setembro<\/strong><\/p>\n<p style=\"text-align: justify;\">Local: Pra\u00e7a J.J.Seabra<\/p>\n<p style=\"text-align: justify;\">Das 9h \u00e0s 13h<\/p>\n<p style=\"text-align: justify;\">Blitz Educativa com apoio da PM<\/p>\n<p style=\"text-align: justify;\">Panfletagem \u2013 Apoio de seguradoras e Auto Escola Capacita<\/p>\n<p style=\"text-align: justify;\">Vacina\u00e7\u00e3o com apoio do N\u00facleo Regional de Sa\u00fade Nordeste<\/p>\n<p style=\"text-align: justify;\">Aferi\u00e7\u00e3o de Press\u00e3o Arterial e Teste para medir a glicemia capilar com apoio dos estudantes e professores do CETASS e CETEP<\/p>\n<p style=\"text-align: justify;\">Apresenta\u00e7\u00e3o do AABB Comunidade<\/p>\n<p style=\"text-align: justify;\">Apresenta\u00e7\u00e3o de grupos de dan\u00e7a, banda marcial tradicional, capoeira e artes pl\u00e1sticas.<\/p>\n<p style=\"text-align: justify;\"><strong>Dia: 21 de setembro<\/strong><\/p>\n<p style=\"text-align: justify;\">Local: Pra\u00e7a J.J.Seabra<\/p>\n<p style=\"text-align: justify;\">Das 9h \u00e0s 13h<\/p>\n<p style=\"text-align: justify;\">Blitz Educativa com apoio da PM<\/p>\n<p style=\"text-align: justify;\">Panfletagem \u2013 Apoio de seguradoras e Auto Escola Capacita<\/p>\n<p style=\"text-align: justify;\">Vacina\u00e7\u00e3o com apoio do N\u00facleo Regional de Sa\u00fade Nordeste<\/p>\n<p style=\"text-align: justify;\">Aferi\u00e7\u00e3o de Press\u00e3o Arterial e Teste para medir a glicemia capilar com apoio dos estudantes e professores do CETASS e CETEP.<\/p>\n<p style=\"text-align: justify;\">SEST SENAT<\/p>\n<p style=\"text-align: justify;\"><strong>Dia: 24\/09\/2018<\/strong><\/p>\n<p style=\"text-align: justify;\">Palestras em empresas e escolas<\/p>\n<p style=\"text-align: justify;\"><strong>Dia: 25\/09\/2018<\/strong><\/p>\n<p style=\"text-align: justify;\">Encerramento<\/p>\n<p style=\"text-align: justify;\">Caminhada com sa\u00edda do\u00a0Estacionamento da Prefeitura<\/p>\n<p style=\"text-align: justify;\">Hor\u00e1rio: 16h<\/p>\n<p style=\"text-align: justify;\">Percurso: Destino \u00e0 Pra\u00e7a Rui Barbosa e retorno para a J.J.Seabra.<\/p>\n<h6 style=\"text-align: right;\"><span style=\"color: #999999;\">Fonte: SECOM SMTT<\/span><\/h6>\n<div class='share-to-whatsapp-wrapper'><div class='share-on-whsp'>Share on: <\/div><a data-text='Abertura da Semana Nacional de Tr\u00e2nsito ressalta o respeito \u00e0 vida' data-link='https:\/\/newsinfoco.com.br\/inicio\/abertura-da-semana-nacional-de-transito-ressalta-o-respeito-a-vida\/' class='whatsapp-button whatsapp-share'>WhatsApp<\/a><div class='clear '><\/div><\/div>","protected":false},"excerpt":{"rendered":"<p>A necessidade de mudan\u00e7a na postura de pedestres, ciclistas e motoristas e o respeito \u00e0 vida foram os pontos em comum destacados por representantes de \u00f3rg\u00e3os municipais e estaduais na abertura da Semana Nacional do Tr\u00e2nsito em Alagoinhas. A solenidade, nesta ter\u00e7a-feira (18), na Faculdade Santo Ant\u00f4nio, reuniu tamb\u00e9m estudantes e parceiros da sociedade civil [&hellip;]<\/p>\n","protected":false},"author":1,"featured_media":9667,"comment_status":"open","ping_status":"open","sticky":false,"template":"","format":"standard","meta":{"om_disable_all_campaigns":false,"_exactmetrics_skip_tracking":false,"_exactmetrics_sitenote_active":false,"_exactmetrics_sitenote_note":"","_exactmetrics_sitenote_category":0,"footnotes":""},"categories":[38,30],"tags":[53,54,126],"class_list":["post-9666","post","type-post","status-publish","format-standard","has-post-thumbnail","hentry","category-alagoinhas-e-regiao","category-destaque","tag-alagoinhas","tag-prefeitura","tag-secom-smtt"],"aioseo_notices":[],"_links":{"self":[{"href":"https:\/\/newsinfoco.com.br\/inicio\/wp-json\/wp\/v2\/posts\/9666","targetHints":{"allow":["GET"]}}],"collection":[{"href":"https:\/\/newsinfoco.com.br\/inicio\/wp-json\/wp\/v2\/posts"}],"about":[{"href":"https:\/\/newsinfoco.com.br\/inicio\/wp-json\/wp\/v2\/types\/post"}],"author":[{"embeddable":true,"href":"https:\/\/newsinfoco.com.br\/inicio\/wp-json\/wp\/v2\/users\/1"}],"replies":[{"embeddable":true,"href":"https:\/\/newsinfoco.com.br\/inicio\/wp-json\/wp\/v2\/comments?post=9666"}],"version-history":[{"count":0,"href":"https:\/\/newsinfoco.com.br\/inicio\/wp-json\/wp\/v2\/posts\/9666\/revisions"}],"wp:featuredmedia":[{"embeddable":true,"href":"https:\/\/newsinfoco.com.br\/inicio\/wp-json\/wp\/v2\/media\/9667"}],"wp:attachment":[{"href":"https:\/\/newsinfoco.com.br\/inicio\/wp-json\/wp\/v2\/media?parent=9666"}],"wp:term":[{"taxonomy":"category","embeddable":true,"href":"https:\/\/newsinfoco.com.br\/inicio\/wp-json\/wp\/v2\/categories?post=9666"},{"taxonomy":"post_tag","embeddable":true,"href":"https:\/\/newsinfoco.com.br\/inicio\/wp-json\/wp\/v2\/tags?post=9666"}],"curies":[{"name":"wp","href":"https:\/\/api.w.org\/{rel}","templated":true}]}}