{"id":9670,"date":"2018-09-20T15:52:04","date_gmt":"2018-09-20T18:52:04","guid":{"rendered":"http:\/\/newsinfoco.com.br\/?p=9670"},"modified":"2018-09-20T15:52:04","modified_gmt":"2018-09-20T18:52:04","slug":"em-palestra-mourao-defende-reduzir-carga-tributaria-para-22-do-pib","status":"publish","type":"post","link":"https:\/\/newsinfoco.com.br\/inicio\/em-palestra-mourao-defende-reduzir-carga-tributaria-para-22-do-pib\/","title":{"rendered":"Em palestra, Mour\u00e3o defende reduzir carga tribut\u00e1ria para 22% do PIB"},"content":{"rendered":"<p style=\"text-align: justify;\">O general reformado Hamilton Mour\u00e3o (PRTB), candidato a vice do presidenci\u00e1vel Jair Bolsonaro (PSL), disse nesta quinta-feira, 20, em Catanduva, que \u00e9 preciso reduzir a carga tribut\u00e1ria brasileira para 22% do PIB com a redu\u00e7\u00e3o de alguns impostos e substitui\u00e7\u00e3o de outros.<\/p>\n<p style=\"text-align: justify;\">A carga tribut\u00e1ria atual \u00e9 de 32,36% do PIB. Mour\u00e3o evitou comentar a pol\u00eamica do CPMF durante a palestra que fez para cerca de 500 pessoas num clube da cidade, depois de Bolsonaro ter desautorizado uma declara\u00e7\u00e3o de seu assessor econ\u00f4mico, Paulo Guedes, sobre o tema.<\/p><div class=\"newsi-conteudo_19\" id=\"newsi-4137682518\"><a href=\"https:\/\/www.instagram.com\/prefeituraalagoinhas?igsh=YzgzdDJ1bWR3aWI4\" aria-label=\"SAVE_20251006_221555\"><img loading=\"lazy\" decoding=\"async\" src=\"https:\/\/newsinfoco.com.br\/inicio\/wp-content\/uploads\/2025\/10\/SAVE_20251006_221555-rotated.jpg\" alt=\"\"  srcset=\"https:\/\/newsinfoco.com.br\/inicio\/wp-content\/uploads\/2025\/10\/SAVE_20251006_221555-rotated.jpg 1140w, https:\/\/newsinfoco.com.br\/inicio\/wp-content\/uploads\/2025\/10\/SAVE_20251006_221555-300x52.jpg 300w, https:\/\/newsinfoco.com.br\/inicio\/wp-content\/uploads\/2025\/10\/SAVE_20251006_221555-1024x177.jpg 1024w, https:\/\/newsinfoco.com.br\/inicio\/wp-content\/uploads\/2025\/10\/SAVE_20251006_221555-768x133.jpg 768w, https:\/\/newsinfoco.com.br\/inicio\/wp-content\/uploads\/2025\/10\/SAVE_20251006_221555-600x104.jpg 600w, https:\/\/newsinfoco.com.br\/inicio\/wp-content\/uploads\/2025\/10\/SAVE_20251006_221555-696x120.jpg 696w, https:\/\/newsinfoco.com.br\/inicio\/wp-content\/uploads\/2025\/10\/SAVE_20251006_221555-1068x185.jpg 1068w\" sizes=\"(max-width: 1140px) 100vw, 1140px\" width=\"1140\" height=\"197\"   \/><\/a><\/div>\n<p style=\"text-align: justify;\">Sempre cercado por seguran\u00e7as, o candidato a vice evitou contato com a imprensa e participou de uma carreata at\u00e9 o centro da cidade em carro fechado. Na Pra\u00e7a da Rep\u00fablica, Mour\u00e3o subiu por alguns minutos no carro de som, saudou a milit\u00e2ncia, mas, mais uma vez, evitou o contato com os jornalistas.<\/p>\n<p style=\"text-align: justify;\">Por volta de 12h, seguiu para S\u00e3o Jos\u00e9 do Rio Preto, a 45 quil\u00f4metros, de onde embarca para S\u00e3o Paulo. Na palestra, defendeu a posi\u00e7\u00e3o de Bolsonaro de manter privatiza\u00e7\u00e3o de refino e distribui\u00e7\u00e3o de petr\u00f3leo pela Petrobras, mas, citando o \u201ccomandante Villas B\u00f4as, do Ex\u00e9rcito\u201d, disse que a extra\u00e7\u00e3o deve ser mantida sob o controle do Estado brasileiro. Mour\u00e3o elogiou Bolsonaro, que chamou de l\u00edder e exemplo de transpar\u00eancia, repetindo o discurso do jantar com empres\u00e1rios da noite anterior, em hotel de Rio Preto.<\/p>\n<p style=\"text-align: justify;\">Na quarta-feira, Bolsonaro pediu a Guedes e Mour\u00e3o que reduzam suas atividades eleitorais. A campanha quer estancar o desgaste provocado por declara\u00e7\u00f5es pol\u00eamicas dos dois aliados. Do quarto do Hospital Albert Einstein, em S\u00e3o Paulo, onde se recupera do atentado a faca que sofreu, Bolsonaro acompanhou pelo notici\u00e1rio Mour\u00e3o defender uma Constitui\u00e7\u00e3o elaborada por n\u00e3o eleitos e a ideia de que filhos criados por m\u00e3es e av\u00f3s, sem a presen\u00e7a do pai, correm mais risco de entrar para o tr\u00e1fico.<\/p>\n<h6 style=\"text-align: right;\"><span style=\"color: #999999;\">Estad\u00e3o<\/span><\/h6>\n<div class='share-to-whatsapp-wrapper'><div class='share-on-whsp'>Share on: <\/div><a data-text='Em palestra, Mour\u00e3o defende reduzir carga tribut\u00e1ria para 22% do PIB' data-link='https:\/\/newsinfoco.com.br\/inicio\/em-palestra-mourao-defende-reduzir-carga-tributaria-para-22-do-pib\/' class='whatsapp-button whatsapp-share'>WhatsApp<\/a><div class='clear '><\/div><\/div>","protected":false},"excerpt":{"rendered":"<p>O general reformado Hamilton Mour\u00e3o (PRTB), candidato a vice do presidenci\u00e1vel Jair Bolsonaro (PSL), disse nesta quinta-feira, 20, em Catanduva, que \u00e9 preciso reduzir a carga tribut\u00e1ria brasileira para 22% do PIB com a redu\u00e7\u00e3o de alguns impostos e substitui\u00e7\u00e3o de outros. A carga tribut\u00e1ria atual \u00e9 de 32,36% do PIB. Mour\u00e3o evitou comentar a [&hellip;]<\/p>\n","protected":false},"author":1,"featured_media":9671,"comment_status":"open","ping_status":"open","sticky":false,"template":"","format":"standard","meta":{"om_disable_all_campaigns":false,"_exactmetrics_skip_tracking":false,"_exactmetrics_sitenote_active":false,"_exactmetrics_sitenote_note":"","_exactmetrics_sitenote_category":0,"footnotes":""},"categories":[21],"tags":[],"class_list":["post-9670","post","type-post","status-publish","format-standard","has-post-thumbnail","hentry","category-brasil"],"aioseo_notices":[],"_links":{"self":[{"href":"https:\/\/newsinfoco.com.br\/inicio\/wp-json\/wp\/v2\/posts\/9670","targetHints":{"allow":["GET"]}}],"collection":[{"href":"https:\/\/newsinfoco.com.br\/inicio\/wp-json\/wp\/v2\/posts"}],"about":[{"href":"https:\/\/newsinfoco.com.br\/inicio\/wp-json\/wp\/v2\/types\/post"}],"author":[{"embeddable":true,"href":"https:\/\/newsinfoco.com.br\/inicio\/wp-json\/wp\/v2\/users\/1"}],"replies":[{"embeddable":true,"href":"https:\/\/newsinfoco.com.br\/inicio\/wp-json\/wp\/v2\/comments?post=9670"}],"version-history":[{"count":0,"href":"https:\/\/newsinfoco.com.br\/inicio\/wp-json\/wp\/v2\/posts\/9670\/revisions"}],"wp:featuredmedia":[{"embeddable":true,"href":"https:\/\/newsinfoco.com.br\/inicio\/wp-json\/wp\/v2\/media\/9671"}],"wp:attachment":[{"href":"https:\/\/newsinfoco.com.br\/inicio\/wp-json\/wp\/v2\/media?parent=9670"}],"wp:term":[{"taxonomy":"category","embeddable":true,"href":"https:\/\/newsinfoco.com.br\/inicio\/wp-json\/wp\/v2\/categories?post=9670"},{"taxonomy":"post_tag","embeddable":true,"href":"https:\/\/newsinfoco.com.br\/inicio\/wp-json\/wp\/v2\/tags?post=9670"}],"curies":[{"name":"wp","href":"https:\/\/api.w.org\/{rel}","templated":true}]}}