{"id":9676,"date":"2018-09-20T15:55:46","date_gmt":"2018-09-20T18:55:46","guid":{"rendered":"http:\/\/newsinfoco.com.br\/?p=9676"},"modified":"2018-09-20T15:55:46","modified_gmt":"2018-09-20T18:55:46","slug":"alckmin-diz-ser-contra-aumento-de-impostos-e-contra-a-volta-da-cpmf","status":"publish","type":"post","link":"https:\/\/newsinfoco.com.br\/inicio\/alckmin-diz-ser-contra-aumento-de-impostos-e-contra-a-volta-da-cpmf\/","title":{"rendered":"Alckmin diz ser contra aumento de impostos e contra a volta da CPMF"},"content":{"rendered":"<p style=\"text-align: justify;\">A recente sinaliza\u00e7\u00e3o do principal economista do presidenci\u00e1vel Jair Bolsonaro, Paulo Guedes, sobre o retorno da CPMF em caso de uma vit\u00f3ria do ex-capit\u00e3o da reserva nas elei\u00e7\u00f5es, foi criticada nesta quinta-feira, 20, pelo candidato do PSDB ao Planalto, Geraldo Alckmin.<\/p>\n<p style=\"text-align: justify;\">\u201cSou contra aumento de impostos e sou contra a volta da CPMF\u201d, disse, em caminhada no centro de Guarulhos. O tucano fez duras cr\u00edticas \u00e0 proposta. \u201cO candidato da bala deu o primeiro tiro. Deu tiro nos mais pobres, no contribuinte, na economia. Isso faz o mais rico deslocar o dinheiro para fora e n\u00e3o ajuda a economia\u201d, declarou. \u201cEu n\u00e3o vou fazer isso. Meu ajuste fiscal ser\u00e1 feito pelo lado da despesa.\u201d<\/p><div class=\"newsi-conteudo_19\" id=\"newsi-4102940888\"><a href=\"https:\/\/www.instagram.com\/prefeituraalagoinhas?igsh=YzgzdDJ1bWR3aWI4\" aria-label=\"SAVE_20251006_221555\"><img loading=\"lazy\" decoding=\"async\" src=\"https:\/\/newsinfoco.com.br\/inicio\/wp-content\/uploads\/2025\/10\/SAVE_20251006_221555-rotated.jpg\" alt=\"\"  srcset=\"https:\/\/newsinfoco.com.br\/inicio\/wp-content\/uploads\/2025\/10\/SAVE_20251006_221555-rotated.jpg 1140w, https:\/\/newsinfoco.com.br\/inicio\/wp-content\/uploads\/2025\/10\/SAVE_20251006_221555-300x52.jpg 300w, https:\/\/newsinfoco.com.br\/inicio\/wp-content\/uploads\/2025\/10\/SAVE_20251006_221555-1024x177.jpg 1024w, https:\/\/newsinfoco.com.br\/inicio\/wp-content\/uploads\/2025\/10\/SAVE_20251006_221555-768x133.jpg 768w, https:\/\/newsinfoco.com.br\/inicio\/wp-content\/uploads\/2025\/10\/SAVE_20251006_221555-600x104.jpg 600w, https:\/\/newsinfoco.com.br\/inicio\/wp-content\/uploads\/2025\/10\/SAVE_20251006_221555-696x120.jpg 696w, https:\/\/newsinfoco.com.br\/inicio\/wp-content\/uploads\/2025\/10\/SAVE_20251006_221555-1068x185.jpg 1068w\" sizes=\"(max-width: 1140px) 100vw, 1140px\" width=\"1140\" height=\"197\"   \/><\/a><\/div>\n<p style=\"text-align: justify;\">Sobre seu desempenho na \u00faltima pesquisa Datafolha, em que aparece com 9% das inten\u00e7\u00f5es de voto, Alckmin disse que os pr\u00f3ximos dias ser\u00e3o decisivos. \u201cTemos todas as condi\u00e7\u00f5es de crescer nos pr\u00f3ximos quinze dias e impedir a volta do PT e tamb\u00e9m o candidato da bala\u201d, afirmou o candidato.<\/p>\n<div class='share-to-whatsapp-wrapper'><div class='share-on-whsp'>Share on: <\/div><a data-text='Alckmin diz ser contra aumento de impostos e contra a volta da CPMF' data-link='https:\/\/newsinfoco.com.br\/inicio\/alckmin-diz-ser-contra-aumento-de-impostos-e-contra-a-volta-da-cpmf\/' class='whatsapp-button whatsapp-share'>WhatsApp<\/a><div class='clear '><\/div><\/div>","protected":false},"excerpt":{"rendered":"<p>A recente sinaliza\u00e7\u00e3o do principal economista do presidenci\u00e1vel Jair Bolsonaro, Paulo Guedes, sobre o retorno da CPMF em caso de uma vit\u00f3ria do ex-capit\u00e3o da reserva nas elei\u00e7\u00f5es, foi criticada nesta quinta-feira, 20, pelo candidato do PSDB ao Planalto, Geraldo Alckmin. \u201cSou contra aumento de impostos e sou contra a volta da CPMF\u201d, disse, em [&hellip;]<\/p>\n","protected":false},"author":1,"featured_media":9488,"comment_status":"open","ping_status":"open","sticky":false,"template":"","format":"standard","meta":{"om_disable_all_campaigns":false,"_exactmetrics_skip_tracking":false,"_exactmetrics_sitenote_active":false,"_exactmetrics_sitenote_note":"","_exactmetrics_sitenote_category":0,"footnotes":""},"categories":[21],"tags":[],"class_list":["post-9676","post","type-post","status-publish","format-standard","has-post-thumbnail","hentry","category-brasil"],"aioseo_notices":[],"_links":{"self":[{"href":"https:\/\/newsinfoco.com.br\/inicio\/wp-json\/wp\/v2\/posts\/9676","targetHints":{"allow":["GET"]}}],"collection":[{"href":"https:\/\/newsinfoco.com.br\/inicio\/wp-json\/wp\/v2\/posts"}],"about":[{"href":"https:\/\/newsinfoco.com.br\/inicio\/wp-json\/wp\/v2\/types\/post"}],"author":[{"embeddable":true,"href":"https:\/\/newsinfoco.com.br\/inicio\/wp-json\/wp\/v2\/users\/1"}],"replies":[{"embeddable":true,"href":"https:\/\/newsinfoco.com.br\/inicio\/wp-json\/wp\/v2\/comments?post=9676"}],"version-history":[{"count":0,"href":"https:\/\/newsinfoco.com.br\/inicio\/wp-json\/wp\/v2\/posts\/9676\/revisions"}],"wp:featuredmedia":[{"embeddable":true,"href":"https:\/\/newsinfoco.com.br\/inicio\/wp-json\/wp\/v2\/media\/9488"}],"wp:attachment":[{"href":"https:\/\/newsinfoco.com.br\/inicio\/wp-json\/wp\/v2\/media?parent=9676"}],"wp:term":[{"taxonomy":"category","embeddable":true,"href":"https:\/\/newsinfoco.com.br\/inicio\/wp-json\/wp\/v2\/categories?post=9676"},{"taxonomy":"post_tag","embeddable":true,"href":"https:\/\/newsinfoco.com.br\/inicio\/wp-json\/wp\/v2\/tags?post=9676"}],"curies":[{"name":"wp","href":"https:\/\/api.w.org\/{rel}","templated":true}]}}