{"id":9678,"date":"2018-09-20T15:58:11","date_gmt":"2018-09-20T18:58:11","guid":{"rendered":"http:\/\/newsinfoco.com.br\/?p=9678"},"modified":"2018-09-20T15:58:11","modified_gmt":"2018-09-20T18:58:11","slug":"adversarios-sobem-o-tom-contra-polarizacao-bolsonaro-haddad","status":"publish","type":"post","link":"https:\/\/newsinfoco.com.br\/inicio\/adversarios-sobem-o-tom-contra-polarizacao-bolsonaro-haddad\/","title":{"rendered":"Advers\u00e1rios sobem o tom contra polariza\u00e7\u00e3o Bolsonaro\/Haddad"},"content":{"rendered":"<p style=\"text-align: justify;\">A polariza\u00e7\u00e3o da disputa presidencial entre Jair Bolsonaro (PSL) e Fernando Haddad (PT) nas elei\u00e7\u00f5es 2018, indicada pelas recentes pesquisas de inten\u00e7\u00e3o de voto Ibope e Datafolha, tem feito advers\u00e1rios subirem o tom contra os candidatos que lideram a corrida em seus programas de TV e r\u00e1dio.<\/p>\n<p style=\"text-align: justify;\">Nos programas que foram ao ar nesta quinta, 20, os presidenci\u00e1veis Geraldo Alckmin (PSDB) e Henrique Meirelles (MDB) fizeram ataques diretos a Bolsonaro e Haddad. \u201cDe um lado, a turma de vermelho, que quer o fim da Lava-Jato para encobrir o maior caso de corrup\u00e7\u00e3o da hist\u00f3ria; do outro, a turma do preconceito, da intoler\u00e2ncia e do \u00f3dio a tudo e todos\u201d, diz o tucano no programa.<\/p><div class=\"newsi-conteudo_19\" id=\"newsi-253886553\"><a href=\"https:\/\/www.instagram.com\/prefeituraalagoinhas?igsh=YzgzdDJ1bWR3aWI4\" aria-label=\"SAVE_20251006_221555\"><img loading=\"lazy\" decoding=\"async\" src=\"https:\/\/newsinfoco.com.br\/inicio\/wp-content\/uploads\/2025\/10\/SAVE_20251006_221555-rotated.jpg\" alt=\"\"  srcset=\"https:\/\/newsinfoco.com.br\/inicio\/wp-content\/uploads\/2025\/10\/SAVE_20251006_221555-rotated.jpg 1140w, https:\/\/newsinfoco.com.br\/inicio\/wp-content\/uploads\/2025\/10\/SAVE_20251006_221555-300x52.jpg 300w, https:\/\/newsinfoco.com.br\/inicio\/wp-content\/uploads\/2025\/10\/SAVE_20251006_221555-1024x177.jpg 1024w, https:\/\/newsinfoco.com.br\/inicio\/wp-content\/uploads\/2025\/10\/SAVE_20251006_221555-768x133.jpg 768w, https:\/\/newsinfoco.com.br\/inicio\/wp-content\/uploads\/2025\/10\/SAVE_20251006_221555-600x104.jpg 600w, https:\/\/newsinfoco.com.br\/inicio\/wp-content\/uploads\/2025\/10\/SAVE_20251006_221555-696x120.jpg 696w, https:\/\/newsinfoco.com.br\/inicio\/wp-content\/uploads\/2025\/10\/SAVE_20251006_221555-1068x185.jpg 1068w\" sizes=\"(max-width: 1140px) 100vw, 1140px\" width=\"1140\" height=\"197\"   \/><\/a><\/div>\n<p style=\"text-align: justify;\">Alckmin ainda disse que o Brasil j\u00e1 elegeu \u201cum poste vermelho\u201d, em refer\u00eancia a Dilma Rousseff (PT), sucessora indicada por Luiz In\u00e1cio Lula da Silva (PT), e que n\u00e3o pode entrar \u201cde novo em uma aventura, de um candidato que se diz o novo\u201d, em refer\u00eancia a Fernando Collor (hoje no PTC, que foi presidente pelo PRN).<\/p>\n<p style=\"text-align: justify;\">J\u00e1 Meirelles apostou no discurso de que o Brasil precisa de um governo que imponha confian\u00e7a. Com recortes de jornais em que mostra not\u00edcias relacionadas a Bolsonaro e ao PT, disse que ningu\u00e9m confia em gente \u201cdesequilibrada\u201d ou \u201ccorrupta\u201d. \u201cConfian\u00e7a \u00e9 a chave que abre todas as portas\u201d, diz Meirelles. \u201cQuando voc\u00ea pede uma indica\u00e7\u00e3o para cuidar dos seus filhos, voc\u00ea pergunta se a pessoa \u00e9 de confian\u00e7a. A mesma coisa acontece com o Pa\u00eds. As empresas precisam confiar no governo para fazer investimentos, criar empregos. Ou voc\u00ea acha que v\u00e3o confiar num governo de algu\u00e9m despreparado, desequilibrado ou corrupto? Claro que n\u00e3o.\u201d<\/p>\n<p style=\"text-align: justify;\">Terceiro colocado nas pesquisas, Ciro Gomes (PDT) mostrou seu curr\u00edculo e da proposta de limpar o nome de pessoas negativadas no SPC e Serasa. Atual quinta colocada nos levantamentos, Marina Silva (Rede) falou sobre fazer investimentos na sa\u00fade e na educa\u00e7\u00e3o, ao lado de seu vice Eduardo Jorge (PV).<\/p>\n<h6 style=\"text-align: right;\"><span style=\"color: #999999;\">Estad\u00e3o<\/span><\/h6>\n<div class='share-to-whatsapp-wrapper'><div class='share-on-whsp'>Share on: <\/div><a data-text='Advers\u00e1rios sobem o tom contra polariza\u00e7\u00e3o Bolsonaro\/Haddad' data-link='https:\/\/newsinfoco.com.br\/inicio\/adversarios-sobem-o-tom-contra-polarizacao-bolsonaro-haddad\/' class='whatsapp-button whatsapp-share'>WhatsApp<\/a><div class='clear '><\/div><\/div>","protected":false},"excerpt":{"rendered":"<p>A polariza\u00e7\u00e3o da disputa presidencial entre Jair Bolsonaro (PSL) e Fernando Haddad (PT) nas elei\u00e7\u00f5es 2018, indicada pelas recentes pesquisas de inten\u00e7\u00e3o de voto Ibope e Datafolha, tem feito advers\u00e1rios subirem o tom contra os candidatos que lideram a corrida em seus programas de TV e r\u00e1dio. Nos programas que foram ao ar nesta quinta, [&hellip;]<\/p>\n","protected":false},"author":1,"featured_media":9679,"comment_status":"open","ping_status":"open","sticky":false,"template":"","format":"standard","meta":{"om_disable_all_campaigns":false,"_exactmetrics_skip_tracking":false,"_exactmetrics_sitenote_active":false,"_exactmetrics_sitenote_note":"","_exactmetrics_sitenote_category":0,"footnotes":""},"categories":[21],"tags":[],"class_list":["post-9678","post","type-post","status-publish","format-standard","has-post-thumbnail","hentry","category-brasil"],"aioseo_notices":[],"_links":{"self":[{"href":"https:\/\/newsinfoco.com.br\/inicio\/wp-json\/wp\/v2\/posts\/9678","targetHints":{"allow":["GET"]}}],"collection":[{"href":"https:\/\/newsinfoco.com.br\/inicio\/wp-json\/wp\/v2\/posts"}],"about":[{"href":"https:\/\/newsinfoco.com.br\/inicio\/wp-json\/wp\/v2\/types\/post"}],"author":[{"embeddable":true,"href":"https:\/\/newsinfoco.com.br\/inicio\/wp-json\/wp\/v2\/users\/1"}],"replies":[{"embeddable":true,"href":"https:\/\/newsinfoco.com.br\/inicio\/wp-json\/wp\/v2\/comments?post=9678"}],"version-history":[{"count":0,"href":"https:\/\/newsinfoco.com.br\/inicio\/wp-json\/wp\/v2\/posts\/9678\/revisions"}],"wp:featuredmedia":[{"embeddable":true,"href":"https:\/\/newsinfoco.com.br\/inicio\/wp-json\/wp\/v2\/media\/9679"}],"wp:attachment":[{"href":"https:\/\/newsinfoco.com.br\/inicio\/wp-json\/wp\/v2\/media?parent=9678"}],"wp:term":[{"taxonomy":"category","embeddable":true,"href":"https:\/\/newsinfoco.com.br\/inicio\/wp-json\/wp\/v2\/categories?post=9678"},{"taxonomy":"post_tag","embeddable":true,"href":"https:\/\/newsinfoco.com.br\/inicio\/wp-json\/wp\/v2\/tags?post=9678"}],"curies":[{"name":"wp","href":"https:\/\/api.w.org\/{rel}","templated":true}]}}