{"id":9695,"date":"2018-09-20T21:22:29","date_gmt":"2018-09-21T00:22:29","guid":{"rendered":"http:\/\/newsinfoco.com.br\/?p=9695"},"modified":"2018-09-20T21:22:29","modified_gmt":"2018-09-21T00:22:29","slug":"setembro-amarelo-saae-realiza-ciclo-de-palestras-sobre-prevencao-ao-suicidio","status":"publish","type":"post","link":"https:\/\/newsinfoco.com.br\/inicio\/setembro-amarelo-saae-realiza-ciclo-de-palestras-sobre-prevencao-ao-suicidio\/","title":{"rendered":"Setembro Amarelo: SAAE realiza ciclo de palestras sobre preven\u00e7\u00e3o ao suic\u00eddio"},"content":{"rendered":"<p style=\"text-align: justify;\"><span style=\"color: #000000;\">O Servi\u00e7o Aut\u00f4nomo de \u00c1gua e Esgoto (SAAE) Alagoinhas realizou, na manh\u00e3 desta quinta-feira (20), a primeira edi\u00e7\u00e3o de um ciclo de palestras sobre preven\u00e7\u00e3o ao suic\u00eddio, na Esta\u00e7\u00e3o de Tratamento Francisco T\u00e1vora (Soboc\u00f3).<\/span><\/p>\n<p style=\"text-align: justify;\"><span style=\"color: #000000;\">A iniciativa, desenvolvida pela Assessoria de Integra\u00e7\u00e3o Comunit\u00e1ria (AIC), ocorre em apoio \u00e0 campanha Setembro Amarelo, que visa conscientizar a popula\u00e7\u00e3o a respeito do suic\u00eddio e as maneiras de preven\u00e7\u00e3o.<\/span><\/p><div class=\"newsi-conteudo_19\" id=\"newsi-490398978\"><a href=\"https:\/\/www.instagram.com\/prefeituraalagoinhas?igsh=YzgzdDJ1bWR3aWI4\" aria-label=\"SAVE_20251006_221555\"><img loading=\"lazy\" decoding=\"async\" src=\"https:\/\/newsinfoco.com.br\/inicio\/wp-content\/uploads\/2025\/10\/SAVE_20251006_221555-rotated.jpg\" alt=\"\"  srcset=\"https:\/\/newsinfoco.com.br\/inicio\/wp-content\/uploads\/2025\/10\/SAVE_20251006_221555-rotated.jpg 1140w, https:\/\/newsinfoco.com.br\/inicio\/wp-content\/uploads\/2025\/10\/SAVE_20251006_221555-300x52.jpg 300w, https:\/\/newsinfoco.com.br\/inicio\/wp-content\/uploads\/2025\/10\/SAVE_20251006_221555-1024x177.jpg 1024w, https:\/\/newsinfoco.com.br\/inicio\/wp-content\/uploads\/2025\/10\/SAVE_20251006_221555-768x133.jpg 768w, https:\/\/newsinfoco.com.br\/inicio\/wp-content\/uploads\/2025\/10\/SAVE_20251006_221555-600x104.jpg 600w, https:\/\/newsinfoco.com.br\/inicio\/wp-content\/uploads\/2025\/10\/SAVE_20251006_221555-696x120.jpg 696w, https:\/\/newsinfoco.com.br\/inicio\/wp-content\/uploads\/2025\/10\/SAVE_20251006_221555-1068x185.jpg 1068w\" sizes=\"(max-width: 1140px) 100vw, 1140px\" width=\"1140\" height=\"197\"   \/><\/a><\/div>\n<p style=\"text-align: justify;\"><span style=\"color: #000000;\">\u201cPrimeiramente quero parabenizar o SAAE pela iniciativa\u201d, afirmou a palestrante Ariana Souza. \u201cHoje foi muito proveitoso, porque promoveu esse debate, uma reflex\u00e3o acerca desse fen\u00f4meno t\u00e3o complexo, e a forma que podemos fazer para identificar casos \u00e9 observando, um olhar voltado para o outro, ir ao encontro dessa pessoa, estabelecer v\u00ednculos s\u00f3lidos\u201d concluiu a psic\u00f3loga.<\/span><\/p>\n<p style=\"text-align: justify;\"><span style=\"color: #000000;\">Para Jos\u00e9 Carlos, auxiliar de encanador, o suic\u00eddio \u201ctrata-se de um grande problema que temos na sociedade, n\u00f3s devemos estar atentos, por isso essa campanha \u00e9 muito boa, para que todos reflitam o valor da vida\u201d.<\/span><\/p>\n<p style=\"text-align: justify;\"><span style=\"color: #000000;\">De acordo com a Organiza\u00e7\u00e3o Pan-Americana da Sa\u00fade\/Organiza\u00e7\u00e3o Mundial da Sa\u00fade (OMS), o suic\u00eddio e as tentativas s\u00e3o prioridades na agenda global de sa\u00fade. Dos 800 mil suic\u00eddios ocorridos anualmente, 65 mil acontecem na regi\u00e3o das Am\u00e9ricas.<\/span><\/p>\n<p style=\"text-align: justify;\"><span style=\"color: #000000;\">Nesta sexta-feira (21), a segunda edi\u00e7\u00e3o do ciclo de palestra acontecer\u00e1 na sede da autarquia, para os funcion\u00e1rios da sede e do Posto de Atendimento.<\/span><\/p>\n<p style=\"text-align: justify;\"><span style=\"color: #000000;\">A autarquia possui o N\u00facleo de Atendimento ao Servidor (NAS), um canal seguro de di\u00e1logo e conhecimento, tanto por meio de elucida\u00e7\u00e3o de d\u00favidas com rela\u00e7\u00e3o aos direitos quanto \u00e0s necessidades dos servidores, assegurando-lhes o bem-estar. \u201cEstamos sempre dispon\u00edveis para conversar e dar os encaminhamentos necess\u00e1rios\u201d, assegura Simone Cordeiro, respons\u00e1vel pelo N\u00facleo, ressaltando que tudo \u00e9 feito com o m\u00e1ximo de privacidade e discri\u00e7\u00e3o.<\/span><\/p>\n<p style=\"text-align: justify;\"><span style=\"color: #000000;\">Onde buscar ajuda para prevenir o suic\u00eddio?<\/span><\/p>\n<p style=\"text-align: justify;\"><span style=\"color: #000000;\">\u2014 CAPS e Unidades B\u00e1sicas de Sa\u00fade (Sa\u00fade da fam\u00edlia, Postos e Centros de Sa\u00fade).<\/span><\/p>\n<p style=\"text-align: justify;\"><span style=\"color: #000000;\">\u2014 UPA 24H, SAMU 192, Proto Socorro; Hospitais<\/span><\/p>\n<p style=\"text-align: justify;\"><span style=\"color: #000000;\">\u2014 Centro de Valoriza\u00e7\u00e3o da Vida \u2013 188 (liga\u00e7\u00e3o gratuita)<\/span><\/p>\n<p style=\"text-align: justify;\">\n<p style=\"text-align: justify;\"><span style=\"color: #000000;\"><em>Al\u00e9m do atendimento presencial no Posto de Atendimento (Rua Moreira Rego,9977, Centro), h\u00e1 o WhatsApp e o Call Center. Pelo aplicativo, basta enviar uma mensagem (75) 981804500; o retorno sempre \u00e9 instant\u00e2neo. Pelo Call Center, \u00e9 s\u00f3 ligar gratuitamente para 0800 702 7065.<\/em><\/span><\/p>\n<p style=\"text-align: justify;\">\n<p style=\"text-align: justify;\"><span style=\"color: #000000;\"><strong>ASCOM<\/strong><\/span><br \/>\n<span style=\"color: #000000;\">Servi\u00e7o Aut\u00f4nomo de \u00c1gua e Esgoto \u2013 SAAE Alagoinhas<\/span><br \/>\n<span style=\"color: #000000;\">E-mail: ascom.saae@alagoinhas.ba.gov.br<\/span><br \/>\n<span style=\"color: #000000;\">Telefone: (75) 31826031<\/span><\/p>\n<p style=\"text-align: justify;\"><span style=\"color: #000000;\"><strong>Redes Sociais<\/strong><\/span><br \/>\n<span style=\"color: #000000;\">Facebook: www.facebook.com\/saaedealagoinhas<\/span><br \/>\n<span style=\"color: #000000;\">Instagram: www.instagram.com\/saaealagoinhas<\/span><br \/>\n<span style=\"color: #000000;\">Site: www.saae.alagoinhas.ba.gov.br<\/span><\/p>\n<h6 style=\"text-align: right;\"><span style=\"color: #999999;\">Fonte: SECOM SAAE<\/span><\/h6>\n<div class='share-to-whatsapp-wrapper'><div class='share-on-whsp'>Share on: <\/div><a data-text='Setembro Amarelo: SAAE realiza ciclo de palestras sobre preven\u00e7\u00e3o ao suic\u00eddio' data-link='https:\/\/newsinfoco.com.br\/inicio\/setembro-amarelo-saae-realiza-ciclo-de-palestras-sobre-prevencao-ao-suicidio\/' class='whatsapp-button whatsapp-share'>WhatsApp<\/a><div class='clear '><\/div><\/div>","protected":false},"excerpt":{"rendered":"<p>O Servi\u00e7o Aut\u00f4nomo de \u00c1gua e Esgoto (SAAE) Alagoinhas realizou, na manh\u00e3 desta quinta-feira (20), a primeira edi\u00e7\u00e3o de um ciclo de palestras sobre preven\u00e7\u00e3o ao suic\u00eddio, na Esta\u00e7\u00e3o de Tratamento Francisco T\u00e1vora (Soboc\u00f3). A iniciativa, desenvolvida pela Assessoria de Integra\u00e7\u00e3o Comunit\u00e1ria (AIC), ocorre em apoio \u00e0 campanha Setembro Amarelo, que visa conscientizar a popula\u00e7\u00e3o [&hellip;]<\/p>\n","protected":false},"author":1,"featured_media":9696,"comment_status":"open","ping_status":"open","sticky":false,"template":"","format":"standard","meta":{"om_disable_all_campaigns":false,"_exactmetrics_skip_tracking":false,"_exactmetrics_sitenote_active":false,"_exactmetrics_sitenote_note":"","_exactmetrics_sitenote_category":0,"footnotes":""},"categories":[38,30],"tags":[53,54,123],"class_list":["post-9695","post","type-post","status-publish","format-standard","has-post-thumbnail","hentry","category-alagoinhas-e-regiao","category-destaque","tag-alagoinhas","tag-prefeitura","tag-secom-saae"],"aioseo_notices":[],"_links":{"self":[{"href":"https:\/\/newsinfoco.com.br\/inicio\/wp-json\/wp\/v2\/posts\/9695","targetHints":{"allow":["GET"]}}],"collection":[{"href":"https:\/\/newsinfoco.com.br\/inicio\/wp-json\/wp\/v2\/posts"}],"about":[{"href":"https:\/\/newsinfoco.com.br\/inicio\/wp-json\/wp\/v2\/types\/post"}],"author":[{"embeddable":true,"href":"https:\/\/newsinfoco.com.br\/inicio\/wp-json\/wp\/v2\/users\/1"}],"replies":[{"embeddable":true,"href":"https:\/\/newsinfoco.com.br\/inicio\/wp-json\/wp\/v2\/comments?post=9695"}],"version-history":[{"count":0,"href":"https:\/\/newsinfoco.com.br\/inicio\/wp-json\/wp\/v2\/posts\/9695\/revisions"}],"wp:featuredmedia":[{"embeddable":true,"href":"https:\/\/newsinfoco.com.br\/inicio\/wp-json\/wp\/v2\/media\/9696"}],"wp:attachment":[{"href":"https:\/\/newsinfoco.com.br\/inicio\/wp-json\/wp\/v2\/media?parent=9695"}],"wp:term":[{"taxonomy":"category","embeddable":true,"href":"https:\/\/newsinfoco.com.br\/inicio\/wp-json\/wp\/v2\/categories?post=9695"},{"taxonomy":"post_tag","embeddable":true,"href":"https:\/\/newsinfoco.com.br\/inicio\/wp-json\/wp\/v2\/tags?post=9695"}],"curies":[{"name":"wp","href":"https:\/\/api.w.org\/{rel}","templated":true}]}}