{"id":9698,"date":"2018-09-20T21:28:53","date_gmt":"2018-09-21T00:28:53","guid":{"rendered":"http:\/\/newsinfoco.com.br\/?p=9698"},"modified":"2018-09-20T21:28:53","modified_gmt":"2018-09-21T00:28:53","slug":"democratizando-o-acesso-ao-esporte-e-ao-lazer-em-alagoinhas-prefeitura-inicia-acoes-do-programa-mova-se","status":"publish","type":"post","link":"https:\/\/newsinfoco.com.br\/inicio\/democratizando-o-acesso-ao-esporte-e-ao-lazer-em-alagoinhas-prefeitura-inicia-acoes-do-programa-mova-se\/","title":{"rendered":"Democratizando o acesso ao esporte e ao lazer em Alagoinhas: Prefeitura inicia a\u00e7\u00f5es do programa \u201cMova-se\u201d"},"content":{"rendered":"<p style=\"text-align: justify;\"><span style=\"color: #000000;\">Depois de realizar capacita\u00e7\u00e3o com alunos da Universidade do Estado da Bahia (UNEB), que contribuir\u00e3o como monitores das a\u00e7\u00f5es desenvolvidas junto ao poder p\u00fablico municipal, a Secretaria de Cultura, Esporte e Turismo (SECET) iniciou, nesta quarta-feira (19), a primeira fase de atividades do programa \u201cMova-se\u201d, que tem como objetivo principal proporcionar \u00e0 popula\u00e7\u00e3o um estilo de vida ativo e saud\u00e1vel.<\/span><\/p>\n<p style=\"text-align: justify;\"><span style=\"color: #000000;\">A proposta, idealizada pelo professor e desportista Luiz Claudio, da SECET, visa contemplar, em 5 eixos tem\u00e1ticos, participantes de todas as faixas et\u00e1rias com atividades e din\u00e2micas cont\u00ednuas. O foco, segundo ele, \u00e9 democratizar o acesso ao esporte e ao lazer em Alagoinhas, fomentando a\u00e7\u00f5es de promo\u00e7\u00e3o \u00e0 sa\u00fade no munic\u00edpio.<\/span><\/p><div class=\"newsi-conteudo_19\" id=\"newsi-1135136395\"><a href=\"https:\/\/www.instagram.com\/prefeituraalagoinhas?igsh=YzgzdDJ1bWR3aWI4\" aria-label=\"SAVE_20251006_221555\"><img loading=\"lazy\" decoding=\"async\" src=\"https:\/\/newsinfoco.com.br\/inicio\/wp-content\/uploads\/2025\/10\/SAVE_20251006_221555-rotated.jpg\" alt=\"\"  srcset=\"https:\/\/newsinfoco.com.br\/inicio\/wp-content\/uploads\/2025\/10\/SAVE_20251006_221555-rotated.jpg 1140w, https:\/\/newsinfoco.com.br\/inicio\/wp-content\/uploads\/2025\/10\/SAVE_20251006_221555-300x52.jpg 300w, https:\/\/newsinfoco.com.br\/inicio\/wp-content\/uploads\/2025\/10\/SAVE_20251006_221555-1024x177.jpg 1024w, https:\/\/newsinfoco.com.br\/inicio\/wp-content\/uploads\/2025\/10\/SAVE_20251006_221555-768x133.jpg 768w, https:\/\/newsinfoco.com.br\/inicio\/wp-content\/uploads\/2025\/10\/SAVE_20251006_221555-600x104.jpg 600w, https:\/\/newsinfoco.com.br\/inicio\/wp-content\/uploads\/2025\/10\/SAVE_20251006_221555-696x120.jpg 696w, https:\/\/newsinfoco.com.br\/inicio\/wp-content\/uploads\/2025\/10\/SAVE_20251006_221555-1068x185.jpg 1068w\" sizes=\"(max-width: 1140px) 100vw, 1140px\" width=\"1140\" height=\"197\"   \/><\/a><\/div>\n<p style=\"text-align: justify;\"><span style=\"color: #000000;\">\u201cNesta semana, fizemos visitas \u00e0 APAE, a abrigos de idosos e a grupos da 3\u00aa idade. O objetivo foi apresentar os monitores que ir\u00e3o atuar nesses eixos do programa e iniciar as primeiras intera\u00e7\u00f5es. Na visita, eles puderam identificar caracter\u00edsticas, observar os espa\u00e7os dispon\u00edveis para as atividades e come\u00e7ar o processo de integra\u00e7\u00e3o\u201d, afirmou Luiz Claudio.<\/span><\/p>\n<p><img decoding=\"async\" src=\"https:\/\/www.alagoinhas.ba.gov.br\/wp-content\/uploads\/2018\/09\/WhatsApp-Image-2018-09-19-at-23.04.10-1024x768.jpeg\" \/><\/p>\n<p>&nbsp;<\/p>\n<p style=\"text-align: justify;\">Al\u00e9m da APAE, o programa passou, esta semana, pelo Lar Bezerra Menezes, pelo grupo de idosos do projeto de extens\u00e3o EPAF (Educar para a Atividade F\u00edsica), pelo grupo Feliz Idade e pela Associa\u00e7\u00e3o Acolhedora de Idosos Kair\u00f3s. A previs\u00e3o, de acordo com a SECET, \u00e9 de que novas visitas sejam realizadas n\u00e3o apenas visando ao eixo que contempla as pessoas da 3\u00aa idade, mas a comunidade em geral.<\/p>\n<p><img decoding=\"async\" src=\"https:\/\/www.alagoinhas.ba.gov.br\/wp-content\/uploads\/2018\/09\/WhatsApp-Image-2018-09-19-at-23.05.11-1-1024x768.jpeg\" \/><\/p>\n<p style=\"text-align: justify;\">As a\u00e7\u00f5es do \u201cMova-se\u201d s\u00e3o divididas em 5 segmentos: Esporte e Lazer Especial (PROELE), Mais Vida aos Anos para idosos institucionalizados (PROMVIA), Movimenta Alagoinhas (PROMOVA), Mais Vida aos Anos para idosos n\u00e3o-institucionalizados e Esporte e Sa\u00fade para uma Vida Saud\u00e1vel e Cidad\u00e3 (PROEVISC).<\/p>\n<p><img decoding=\"async\" src=\"https:\/\/www.alagoinhas.ba.gov.br\/wp-content\/uploads\/2018\/09\/WhatsApp-Image-2018-09-20-at-08.58.47-1024x768.jpeg\" \/><\/p>\n<p style=\"text-align: justify;\">No plano de atividades, est\u00e3o previstas tamb\u00e9m a\u00e7\u00f5es com servidores p\u00fablicos do munic\u00edpio, e a secretaria informou que j\u00e1 est\u00e1 em fase de encaminhamento de fichas de pesquisa para identificar o interesse dos profissionais em participar do programa.<\/p>\n<p style=\"text-align: justify;\">O coordenador geral do programa informou que tamb\u00e9m est\u00e1 entre os objetivos da iniciativa produzir pesquisas cient\u00edficas e apresentar trabalhos em congressos, aproximando poder p\u00fablico e universidade.<\/p>\n<p><img decoding=\"async\" src=\"https:\/\/www.alagoinhas.ba.gov.br\/wp-content\/uploads\/2018\/09\/WhatsApp-Image-2018-09-20-at-08.58.49-1024x768.jpeg\" \/><\/p>\n<h6 style=\"text-align: right;\"><span style=\"color: #999999;\">Fonte: SECOM SECET<\/span><\/h6>\n<div class='share-to-whatsapp-wrapper'><div class='share-on-whsp'>Share on: <\/div><a data-text='Democratizando o acesso ao esporte e ao lazer em Alagoinhas: Prefeitura inicia a\u00e7\u00f5es do programa \u201cMova-se\u201d' data-link='https:\/\/newsinfoco.com.br\/inicio\/democratizando-o-acesso-ao-esporte-e-ao-lazer-em-alagoinhas-prefeitura-inicia-acoes-do-programa-mova-se\/' class='whatsapp-button whatsapp-share'>WhatsApp<\/a><div class='clear '><\/div><\/div>","protected":false},"excerpt":{"rendered":"<p>Depois de realizar capacita\u00e7\u00e3o com alunos da Universidade do Estado da Bahia (UNEB), que contribuir\u00e3o como monitores das a\u00e7\u00f5es desenvolvidas junto ao poder p\u00fablico municipal, a Secretaria de Cultura, Esporte e Turismo (SECET) iniciou, nesta quarta-feira (19), a primeira fase de atividades do programa \u201cMova-se\u201d, que tem como objetivo principal proporcionar \u00e0 popula\u00e7\u00e3o um estilo [&hellip;]<\/p>\n","protected":false},"author":1,"featured_media":9699,"comment_status":"open","ping_status":"open","sticky":false,"template":"","format":"standard","meta":{"om_disable_all_campaigns":false,"_exactmetrics_skip_tracking":false,"_exactmetrics_sitenote_active":false,"_exactmetrics_sitenote_note":"","_exactmetrics_sitenote_category":0,"footnotes":""},"categories":[38,30],"tags":[53,54,121],"class_list":["post-9698","post","type-post","status-publish","format-standard","has-post-thumbnail","hentry","category-alagoinhas-e-regiao","category-destaque","tag-alagoinhas","tag-prefeitura","tag-secom-secet"],"aioseo_notices":[],"_links":{"self":[{"href":"https:\/\/newsinfoco.com.br\/inicio\/wp-json\/wp\/v2\/posts\/9698","targetHints":{"allow":["GET"]}}],"collection":[{"href":"https:\/\/newsinfoco.com.br\/inicio\/wp-json\/wp\/v2\/posts"}],"about":[{"href":"https:\/\/newsinfoco.com.br\/inicio\/wp-json\/wp\/v2\/types\/post"}],"author":[{"embeddable":true,"href":"https:\/\/newsinfoco.com.br\/inicio\/wp-json\/wp\/v2\/users\/1"}],"replies":[{"embeddable":true,"href":"https:\/\/newsinfoco.com.br\/inicio\/wp-json\/wp\/v2\/comments?post=9698"}],"version-history":[{"count":0,"href":"https:\/\/newsinfoco.com.br\/inicio\/wp-json\/wp\/v2\/posts\/9698\/revisions"}],"wp:featuredmedia":[{"embeddable":true,"href":"https:\/\/newsinfoco.com.br\/inicio\/wp-json\/wp\/v2\/media\/9699"}],"wp:attachment":[{"href":"https:\/\/newsinfoco.com.br\/inicio\/wp-json\/wp\/v2\/media?parent=9698"}],"wp:term":[{"taxonomy":"category","embeddable":true,"href":"https:\/\/newsinfoco.com.br\/inicio\/wp-json\/wp\/v2\/categories?post=9698"},{"taxonomy":"post_tag","embeddable":true,"href":"https:\/\/newsinfoco.com.br\/inicio\/wp-json\/wp\/v2\/tags?post=9698"}],"curies":[{"name":"wp","href":"https:\/\/api.w.org\/{rel}","templated":true}]}}