{"id":9701,"date":"2018-09-20T21:37:35","date_gmt":"2018-09-21T00:37:35","guid":{"rendered":"http:\/\/newsinfoco.com.br\/?p=9701"},"modified":"2018-09-20T21:37:35","modified_gmt":"2018-09-21T00:37:35","slug":"alagoinhas-recebe-festival-food-truck-na-estrada","status":"publish","type":"post","link":"https:\/\/newsinfoco.com.br\/inicio\/alagoinhas-recebe-festival-food-truck-na-estrada\/","title":{"rendered":"Alagoinhas recebe Festival Food Truck na Estrada"},"content":{"rendered":"<p style=\"text-align: justify;\"><span style=\"color: #000000;\">Entre os dias 20 e 23 de setembro, Alagoinhas vai receber, na Pra\u00e7a Rui Barbosa, a primeira edi\u00e7\u00e3o do Food Truck na Estrada, festival itinerante que re\u00fane\u00a0 os melhores food trucks do sul do pa\u00eds. O evento, que tem o apoio da Prefeitura de Alagoinhas, \u00a0ser\u00e1 uma experi\u00eancia \u00fanica e inovadora na gastronomia sobre rodas, reunindo 9 caminh\u00f5es coloridos, tem\u00e1ticos e um cinema 6D, em um ambiente familiar, alegre e descontra\u00eddo, ao som de m\u00fasica ao vivo. Para a realiza\u00e7\u00e3o do festival, as duas vias da Conselheiro Saraiva estar\u00e3o fechadas.<\/span><\/p>\n<p style=\"text-align: justify;\"><span style=\"color: #000000;\">O festival conta com op\u00e7\u00f5es variadas, hamb\u00fargueres artesanais, sandubas tem\u00e1ticos de picanha, fil\u00e9, costela, churros tradicionais, gourmet, chuvettes e sorvetes gourmet, entre outras op\u00e7\u00f5es de lamber os dedos, uma variedade enorme com valores acess\u00edveis entre R$15,00 a R$25,00. E para os apreciadores de chopp, al\u00e9m das bebidas tradicionais (\u00e1gua, refrigerantes) tem o maravilhoso Chopp Artesanal Dalla, direto de Chapec\u00f3 pro evento, com 05 op\u00e7\u00f5es pra todos os gostos: Ipa, Weiss, Diamante, Vinho e Munich.<\/span><\/p><div class=\"newsi-conteudo_19\" id=\"newsi-1834696040\"><a href=\"https:\/\/www.instagram.com\/prefeituraalagoinhas?igsh=YzgzdDJ1bWR3aWI4\" aria-label=\"SAVE_20251006_221555\"><img loading=\"lazy\" decoding=\"async\" src=\"https:\/\/newsinfoco.com.br\/inicio\/wp-content\/uploads\/2025\/10\/SAVE_20251006_221555-rotated.jpg\" alt=\"\"  srcset=\"https:\/\/newsinfoco.com.br\/inicio\/wp-content\/uploads\/2025\/10\/SAVE_20251006_221555-rotated.jpg 1140w, https:\/\/newsinfoco.com.br\/inicio\/wp-content\/uploads\/2025\/10\/SAVE_20251006_221555-300x52.jpg 300w, https:\/\/newsinfoco.com.br\/inicio\/wp-content\/uploads\/2025\/10\/SAVE_20251006_221555-1024x177.jpg 1024w, https:\/\/newsinfoco.com.br\/inicio\/wp-content\/uploads\/2025\/10\/SAVE_20251006_221555-768x133.jpg 768w, https:\/\/newsinfoco.com.br\/inicio\/wp-content\/uploads\/2025\/10\/SAVE_20251006_221555-600x104.jpg 600w, https:\/\/newsinfoco.com.br\/inicio\/wp-content\/uploads\/2025\/10\/SAVE_20251006_221555-696x120.jpg 696w, https:\/\/newsinfoco.com.br\/inicio\/wp-content\/uploads\/2025\/10\/SAVE_20251006_221555-1068x185.jpg 1068w\" sizes=\"(max-width: 1140px) 100vw, 1140px\" width=\"1140\" height=\"197\"   \/><\/a><\/div>\n<p style=\"text-align: justify;\"><span style=\"color: #000000;\">Al\u00e9m de ser um megaevento gastron\u00f4mico e cultural, o festival movimentar\u00e1 diversos setores da economia local, gerando empregos e renda, uma vez que 80% dos insumos consumidos ser\u00e3o adquiridos no pr\u00f3prio munic\u00edpio, toda a estrutura necess\u00e1ria para realiza\u00e7\u00e3o do mesmo tamb\u00e9m ser\u00e1 contratada localmente, assim como a contrata\u00e7\u00e3o tempor\u00e1ria de funcion\u00e1rios para os servi\u00e7os de preparo, atendimento, limpeza e outros fins. Os \u201ctruckeiros\u201d hospedam-se na rede hoteleira e abastecem os ve\u00edculos antes de viajar novamente.<\/span><\/p>\n<p style=\"text-align: justify;\"><span style=\"color: #000000;\">\u201cDesde que cheguei em Alagoinhas, h\u00e1 uns 30 dias, para prospectar o evento na cidade, senti que aqui tem um poder p\u00fablico bem atuante. Conseguimos, J\u00e1 no primeiro contato com a Secretaria de Esporte Turismo e Cultura, a abertura para realiza\u00e7\u00e3o, e logo todas as secretarias se envolveram. Quero agradecer profundamente a todo o apoio do\u00a0 prefeito, da secret\u00e1ria de Cultura e vice-prefeita e das equipes da Secretaria de Servi\u00e7os P\u00fablicos e da SMTT, que n\u00e3o mediram esfor\u00e7os para nos ajudar com a log\u00edstica e fornecedores\u201d, enfatizou o organizador do festival, Eduardo Lacerda. \u201cNosso evento tem um formato que a gente compra tudo no munic\u00edpio, desde o p\u00e3o, a carne aos\u00a0 hortifrutigranjeiros.Ent\u00e3o, o nosso envolvimento com a cidade n\u00e3o \u00e9 como os eventos que tiram o dinheiro e voltam para os locais de origem, sempre contratamos pessoas sem experi\u00eancia para que as pessoas possam aprender e a gente deixar o legado de uma m\u00e3o-de-obra especializada e garantir a continuidade do movimento no munic\u00edpio\u201d, afirmou Eduardo.<\/span><\/p>\n<p style=\"text-align: justify;\"><span style=\"color: #000000;\"><strong>O festival<\/strong><\/span><\/p>\n<p style=\"text-align: justify;\"><span style=\"color: #000000;\">A Dooma Eventos, organizadora do Festival come\u00e7ou sua hist\u00f3ria no Oeste de Santa Catarina. Conc\u00f3rdia, a 80 km de Chapec\u00f3 foi \u00e0 primeira cidade a receber o evento, que come\u00e7ou junto a Feira de Noivas. Come\u00e7aram pequenos, mas aos poucos foram se expandindo, inicialmente nos estados do Sul, at\u00e9 que resolveram colocar o Food Truck na estrada. Hoje j\u00e1 contabilizam mais de 15 estados na hist\u00f3ria do evento, sempre levando experi\u00eancia e o esp\u00edrito jovem na inova\u00e7\u00e3o, pra incrementar lanches e fazer de cada op\u00e7\u00e3o do card\u00e1pio uma experi\u00eancia \u00fanica na gastronomia sobre rodas.<\/span><\/p>\n<p style=\"text-align: justify;\"><span style=\"color: #000000;\"><strong>SERVI\u00c7O:<\/strong><\/span><\/p>\n<p style=\"text-align: justify;\"><span style=\"color: #000000;\">Food Truck na Estrada Alagoinhas.<\/span><\/p>\n<p style=\"text-align: justify;\"><span style=\"color: #000000;\"><strong>QUANDO?<\/strong><\/span><\/p>\n<p style=\"text-align: justify;\"><span style=\"color: #000000;\">Quinta e sexta (20 e 21\/09) \u2013 18h \u00e0s 23h.<\/span><\/p>\n<p style=\"text-align: justify;\"><span style=\"color: #000000;\">S\u00e1bado e domingo (22 e 23\/09) \u2013 16h \u00e0s 23h.<\/span><\/p>\n<p style=\"text-align: justify;\"><span style=\"color: #000000;\">Som ao vivo na quinta-feira(20) e no s\u00e1bado (22)<\/span><\/p>\n<p style=\"text-align: justify;\"><span style=\"color: #000000;\"><strong>ONDE?<\/strong><\/span><\/p>\n<p style=\"text-align: justify;\"><span style=\"color: #000000;\">Pra\u00e7a Rui Barbosa<\/span><\/p>\n<p style=\"text-align: justify;\"><span style=\"color: #000000;\"><strong>ENTRADA GRATUITA<\/strong><\/span><\/p>\n<h6 style=\"text-align: right;\"><span style=\"color: #999999;\">Fonte: SECOM<\/span><\/h6>\n<div class='share-to-whatsapp-wrapper'><div class='share-on-whsp'>Share on: <\/div><a data-text='Alagoinhas recebe Festival Food Truck na Estrada' data-link='https:\/\/newsinfoco.com.br\/inicio\/alagoinhas-recebe-festival-food-truck-na-estrada\/' class='whatsapp-button whatsapp-share'>WhatsApp<\/a><div class='clear '><\/div><\/div>","protected":false},"excerpt":{"rendered":"<p>Entre os dias 20 e 23 de setembro, Alagoinhas vai receber, na Pra\u00e7a Rui Barbosa, a primeira edi\u00e7\u00e3o do Food Truck na Estrada, festival itinerante que re\u00fane\u00a0 os melhores food trucks do sul do pa\u00eds. O evento, que tem o apoio da Prefeitura de Alagoinhas, \u00a0ser\u00e1 uma experi\u00eancia \u00fanica e inovadora na gastronomia sobre rodas, [&hellip;]<\/p>\n","protected":false},"author":1,"featured_media":9702,"comment_status":"open","ping_status":"open","sticky":false,"template":"","format":"standard","meta":{"om_disable_all_campaigns":false,"_exactmetrics_skip_tracking":false,"_exactmetrics_sitenote_active":false,"_exactmetrics_sitenote_note":"","_exactmetrics_sitenote_category":0,"footnotes":""},"categories":[38,30],"tags":[53,54,56],"class_list":["post-9701","post","type-post","status-publish","format-standard","has-post-thumbnail","hentry","category-alagoinhas-e-regiao","category-destaque","tag-alagoinhas","tag-prefeitura","tag-secom"],"aioseo_notices":[],"_links":{"self":[{"href":"https:\/\/newsinfoco.com.br\/inicio\/wp-json\/wp\/v2\/posts\/9701","targetHints":{"allow":["GET"]}}],"collection":[{"href":"https:\/\/newsinfoco.com.br\/inicio\/wp-json\/wp\/v2\/posts"}],"about":[{"href":"https:\/\/newsinfoco.com.br\/inicio\/wp-json\/wp\/v2\/types\/post"}],"author":[{"embeddable":true,"href":"https:\/\/newsinfoco.com.br\/inicio\/wp-json\/wp\/v2\/users\/1"}],"replies":[{"embeddable":true,"href":"https:\/\/newsinfoco.com.br\/inicio\/wp-json\/wp\/v2\/comments?post=9701"}],"version-history":[{"count":0,"href":"https:\/\/newsinfoco.com.br\/inicio\/wp-json\/wp\/v2\/posts\/9701\/revisions"}],"wp:featuredmedia":[{"embeddable":true,"href":"https:\/\/newsinfoco.com.br\/inicio\/wp-json\/wp\/v2\/media\/9702"}],"wp:attachment":[{"href":"https:\/\/newsinfoco.com.br\/inicio\/wp-json\/wp\/v2\/media?parent=9701"}],"wp:term":[{"taxonomy":"category","embeddable":true,"href":"https:\/\/newsinfoco.com.br\/inicio\/wp-json\/wp\/v2\/categories?post=9701"},{"taxonomy":"post_tag","embeddable":true,"href":"https:\/\/newsinfoco.com.br\/inicio\/wp-json\/wp\/v2\/tags?post=9701"}],"curies":[{"name":"wp","href":"https:\/\/api.w.org\/{rel}","templated":true}]}}