{"id":9705,"date":"2018-09-20T21:46:24","date_gmt":"2018-09-21T00:46:24","guid":{"rendered":"http:\/\/newsinfoco.com.br\/?p=9705"},"modified":"2018-09-20T21:46:24","modified_gmt":"2018-09-21T00:46:24","slug":"renata-fortaleza-assume-comando-da-guarda-civil-de-alagoinhas","status":"publish","type":"post","link":"https:\/\/newsinfoco.com.br\/inicio\/renata-fortaleza-assume-comando-da-guarda-civil-de-alagoinhas\/","title":{"rendered":"Renata Fortaleza assume comando da Guarda Civil de Alagoinhas"},"content":{"rendered":"<p style=\"text-align: justify;\"><span style=\"color: #000000;\">\u201cTenho orgulho de pertencer a essa corpora\u00e7\u00e3o correta e justa, com valores que s\u00e3o os mesmos que os meus. Assumir a comando da Guarda Civil Municipal tem um forte valor simb\u00f3lico porque todas as mulheres est\u00e3o sendo representadas com esta conquista.\u00a0 Comprometo-me a continuar trabalhando com energia para garantir a seguran\u00e7a e a defesa dos direitos da popula\u00e7\u00e3o como um todo, e, principalmente, para contribuir no enfrentamento \u00e0 toda esp\u00e9cie de viol\u00eancia que as mulheres ainda sofrem\u201d. Foi assim, com grande emo\u00e7\u00e3o, que a nova comandante da Guarda Civil Municipal (GCM) de Alagoinhas, Renata Fortaleza, definiu a sensa\u00e7\u00e3o de ser a primeira pessoa do sexo feminino a assumir a fun\u00e7\u00e3o no munic\u00edpio, em ato realizado na manh\u00e3 desta quinta-feira (20), na sede \u00a0da institui\u00e7\u00e3o.<\/span><\/p>\n<p><img decoding=\"async\" src=\"https:\/\/www.alagoinhas.ba.gov.br\/wp-content\/uploads\/2018\/09\/29867887317_c31bf4f803_n.jpg\" \/><\/p>\n<p style=\"text-align: justify;\"><span style=\"color: #000000;\">Prestigiaram a cerim\u00f4nia, o Tenente-Coronel Reginaldo Moraes da Silva Filho, comandante do 4\u00ba Batalh\u00e3o da Pol\u00edcia Militar em Alagoinhas, o coordenador Regional da Pol\u00edcia Civil, Jean Silva Souza, a sub-tenente do Corpo de Bombeiros, Cl\u00e1udia Fortaleza, o Delegado Luciano Lima, o presidente da C\u00e2mara de Vereadores, Roberto Torres, a primeira-dama, Carla Reis, secret\u00e1rios municipais, vereadores, representantes da sociedade civil, entre outras autoridades.<\/span><\/p><div class=\"newsi-conteudo_19\" id=\"newsi-477483523\"><a href=\"https:\/\/www.instagram.com\/prefeituraalagoinhas?igsh=YzgzdDJ1bWR3aWI4\" aria-label=\"SAVE_20251006_221555\"><img loading=\"lazy\" decoding=\"async\" src=\"https:\/\/newsinfoco.com.br\/inicio\/wp-content\/uploads\/2025\/10\/SAVE_20251006_221555-rotated.jpg\" alt=\"\"  srcset=\"https:\/\/newsinfoco.com.br\/inicio\/wp-content\/uploads\/2025\/10\/SAVE_20251006_221555-rotated.jpg 1140w, https:\/\/newsinfoco.com.br\/inicio\/wp-content\/uploads\/2025\/10\/SAVE_20251006_221555-300x52.jpg 300w, https:\/\/newsinfoco.com.br\/inicio\/wp-content\/uploads\/2025\/10\/SAVE_20251006_221555-1024x177.jpg 1024w, https:\/\/newsinfoco.com.br\/inicio\/wp-content\/uploads\/2025\/10\/SAVE_20251006_221555-768x133.jpg 768w, https:\/\/newsinfoco.com.br\/inicio\/wp-content\/uploads\/2025\/10\/SAVE_20251006_221555-600x104.jpg 600w, https:\/\/newsinfoco.com.br\/inicio\/wp-content\/uploads\/2025\/10\/SAVE_20251006_221555-696x120.jpg 696w, https:\/\/newsinfoco.com.br\/inicio\/wp-content\/uploads\/2025\/10\/SAVE_20251006_221555-1068x185.jpg 1068w\" sizes=\"(max-width: 1140px) 100vw, 1140px\" width=\"1140\" height=\"197\"   \/><\/a><\/div>\n<p><img decoding=\"async\" src=\"https:\/\/www.alagoinhas.ba.gov.br\/wp-content\/uploads\/2018\/09\/29867614387_d979f150e6_z.jpg\" \/><\/p>\n<p style=\"text-align: justify;\">Em seu discurso, o prefeito Joaquim Neto ressaltou a import\u00e2ncia da solenidade e o respeito da Gest\u00e3o Municipal com a corpora\u00e7\u00e3o que realiza um trabalho de excel\u00eancia \u00a0na cidade. Agradeceu ao ex-comandante pelos servi\u00e7os prestados e desejou sucesso a Renata Fortaleza, enfatizando sua serenidade e capacita\u00e7\u00e3o para desempenhar a fun\u00e7\u00e3o.\u201cNossa nova comandante foi al\u00e7ada ao cargo n\u00e3o somente por ser mulher, mas pelo resultado que acompanhei nos \u00faltimos tempos, sempre se dedicando com afinco a servir aos cidad\u00e3os e cidad\u00e3s\u201d, disse o prefeito.<\/p>\n<p><img decoding=\"async\" src=\"https:\/\/www.alagoinhas.ba.gov.br\/wp-content\/uploads\/2018\/09\/44804060701_83d6e0c8d0_z.jpg\" \/><\/p>\n<p style=\"text-align: justify;\"><span style=\"color: #000000;\">Seguindo na linha do prefeito, o antecessor de Renata, Allan Matos, saudou o trabalho efetuado e desejou sucesso \u00e0 nova comandante. \u201cTransmito o cargo com orgulho,\u00a0 sensa\u00e7\u00e3o do dever cumprido e com a total certeza de que est\u00e1 sendo entregue a uma profissional com grande reconhecimento pela sua valiosa contribui\u00e7\u00e3o \u00e0 Guarda, o que corroborou para que o nosso trabalho se tornasse refer\u00eancia para outros munic\u00edpios\u201d, ressaltou<\/span>.<\/p>\n<p><img decoding=\"async\" src=\"https:\/\/www.alagoinhas.ba.gov.br\/wp-content\/uploads\/2018\/09\/30933134218_cb18d138a0_n.jpg\" \/><\/p>\n<p style=\"text-align: justify;\"><span style=\"color: #000000;\">\u201cOs comandantes contribuem para construir uma guarda melhor. Eles s\u00e3o escolhidos em fun\u00e7\u00e3o de seus conhecimentos t\u00e9cnicos, habilidades pr\u00e1ticas e boas atitudes comportamentais na institui\u00e7\u00e3o\u201d, afirmou o Tenente-Coronel Reginaldo Moraes. \u201cE eu desejo e acredito, que chegar\u00e1 o dia em que uma mulher ocupar\u00e1 um cargo de comandante e esse fato n\u00e3o ser\u00e1 ressaltado, ser\u00e1 comum, uma vez que a pr\u00e9-condi\u00e7\u00e3o \u00e9 apenas a lideran\u00e7a e confian\u00e7a da tropa, caracter\u00edsticas que a comandante Fortaleza possui\u201d, completou.<\/span><\/p>\n<p><img decoding=\"async\" src=\"https:\/\/www.alagoinhas.ba.gov.br\/wp-content\/uploads\/2018\/09\/30933167478_35634c7737_z.jpg\" \/><\/p>\n<p style=\"text-align: justify;\"><span style=\"color: #000000;\">\u201cA cria\u00e7\u00e3o da Patrulha Maria da Penha, e agora, a nomea\u00e7\u00e3o de Renata Fortaleza como comandante da Guarda Municipal s\u00e3o grandes demonstra\u00e7\u00f5es do compromisso do prefeito com as mulheres\u201d, frisou a presidente do Conselho Municipal de Defesa dos Direitos das Mulheres de Alagoinhas, Juci Cardoso.<\/span><\/p>\n<p style=\"text-align: justify;\"><span style=\"color: #000000;\"><strong>Sobre a nova Comandante<\/strong><\/span><\/p>\n<p style=\"text-align: justify;\"><span style=\"color: #000000;\">Renata Fortaleza \u00e9 psic\u00f3loga credenciada pela Pol\u00edcia Federal, P\u00f3s-Graduada em Sa\u00fade Mental e Aten\u00e7\u00e3o Psicossocial, P\u00f3s-Graduanda em Gest\u00e3o da Seguran\u00e7a P\u00fablica e\u00a0obteve grande destaque no munic\u00edpio no comando das opera\u00e7\u00f5es da Patrulha Maria da Penha, criada pela atual gest\u00e3o em setembro de 2017, como parte das a\u00e7\u00f5es afirmativas voltadas \u00e0 defesa dos direitos das mulheres.<\/span><\/p>\n<p style=\"text-align: justify;\"><span style=\"color: #000000;\">Integrante da GCM h\u00e1 14 anos, ela assume a lideran\u00e7a de 153 agentes, em substitui\u00e7\u00e3o a Allan Matos, cuja nomea\u00e7\u00e3o pelo prefeito Joaquim Neto tamb\u00e9m fez hist\u00f3ria em Alagoinhas por ter sido o primeiro Guarda a ocupar o cargo de Comandante da institui\u00e7\u00e3o.<\/span><\/p>\n<p style=\"text-align: justify;\"><span style=\"color: #000000;\">Al\u00e9m da coordena\u00e7\u00e3o da Patrulha Maria da Penha, Renata tamb\u00e9m \u00e9 respons\u00e1vel pela Forma\u00e7\u00e3o do N\u00facleo de Aten\u00e7\u00e3o B\u00e1sica psicol\u00f3gica da GCM, fez parte da forma\u00e7\u00e3o do projeto do Minist\u00e9rio da Justi\u00e7a para a compra das viaturas da corpora\u00e7\u00e3o e \u00e9 integrante do Comit\u00ea Interinstitucional de Seguran\u00e7a P\u00fablica (CISP).<\/span><\/p>\n<h6 style=\"text-align: right;\"><span style=\"color: #999999;\">Fonte: SECOM GCM<\/span><\/h6>\n<div class='share-to-whatsapp-wrapper'><div class='share-on-whsp'>Share on: <\/div><a data-text='Renata Fortaleza assume comando da Guarda Civil de Alagoinhas' data-link='https:\/\/newsinfoco.com.br\/inicio\/renata-fortaleza-assume-comando-da-guarda-civil-de-alagoinhas\/' class='whatsapp-button whatsapp-share'>WhatsApp<\/a><div class='clear '><\/div><\/div>","protected":false},"excerpt":{"rendered":"<p>\u201cTenho orgulho de pertencer a essa corpora\u00e7\u00e3o correta e justa, com valores que s\u00e3o os mesmos que os meus. Assumir a comando da Guarda Civil Municipal tem um forte valor simb\u00f3lico porque todas as mulheres est\u00e3o sendo representadas com esta conquista.\u00a0 Comprometo-me a continuar trabalhando com energia para garantir a seguran\u00e7a e a defesa dos [&hellip;]<\/p>\n","protected":false},"author":1,"featured_media":9706,"comment_status":"open","ping_status":"open","sticky":false,"template":"","format":"standard","meta":{"om_disable_all_campaigns":false,"_exactmetrics_skip_tracking":false,"_exactmetrics_sitenote_active":false,"_exactmetrics_sitenote_note":"","_exactmetrics_sitenote_category":0,"footnotes":""},"categories":[38,30],"tags":[53,54,129],"class_list":["post-9705","post","type-post","status-publish","format-standard","has-post-thumbnail","hentry","category-alagoinhas-e-regiao","category-destaque","tag-alagoinhas","tag-prefeitura","tag-secom-gcm"],"aioseo_notices":[],"_links":{"self":[{"href":"https:\/\/newsinfoco.com.br\/inicio\/wp-json\/wp\/v2\/posts\/9705","targetHints":{"allow":["GET"]}}],"collection":[{"href":"https:\/\/newsinfoco.com.br\/inicio\/wp-json\/wp\/v2\/posts"}],"about":[{"href":"https:\/\/newsinfoco.com.br\/inicio\/wp-json\/wp\/v2\/types\/post"}],"author":[{"embeddable":true,"href":"https:\/\/newsinfoco.com.br\/inicio\/wp-json\/wp\/v2\/users\/1"}],"replies":[{"embeddable":true,"href":"https:\/\/newsinfoco.com.br\/inicio\/wp-json\/wp\/v2\/comments?post=9705"}],"version-history":[{"count":0,"href":"https:\/\/newsinfoco.com.br\/inicio\/wp-json\/wp\/v2\/posts\/9705\/revisions"}],"wp:featuredmedia":[{"embeddable":true,"href":"https:\/\/newsinfoco.com.br\/inicio\/wp-json\/wp\/v2\/media\/9706"}],"wp:attachment":[{"href":"https:\/\/newsinfoco.com.br\/inicio\/wp-json\/wp\/v2\/media?parent=9705"}],"wp:term":[{"taxonomy":"category","embeddable":true,"href":"https:\/\/newsinfoco.com.br\/inicio\/wp-json\/wp\/v2\/categories?post=9705"},{"taxonomy":"post_tag","embeddable":true,"href":"https:\/\/newsinfoco.com.br\/inicio\/wp-json\/wp\/v2\/tags?post=9705"}],"curies":[{"name":"wp","href":"https:\/\/api.w.org\/{rel}","templated":true}]}}