{"id":9709,"date":"2018-09-21T14:30:21","date_gmt":"2018-09-21T17:30:21","guid":{"rendered":"http:\/\/newsinfoco.com.br\/?p=9709"},"modified":"2018-09-21T14:30:21","modified_gmt":"2018-09-21T17:30:21","slug":"promotor-considerou-curioso-contrato-assinado-pro-haddad-na-prefeitura-de-sao-paulo","status":"publish","type":"post","link":"https:\/\/newsinfoco.com.br\/inicio\/promotor-considerou-curioso-contrato-assinado-pro-haddad-na-prefeitura-de-sao-paulo\/","title":{"rendered":"Promotor considerou \u201ccurioso\u201d contrato assinado pro Haddad na Prefeitura de S\u00e3o Paulo"},"content":{"rendered":"<p style=\"text-align: justify;\">Na a\u00e7\u00e3o em que denunciou o presidenci\u00e1vel Fernando Haddad, o promotor Wilson Tafner, do Minist\u00e9rio P\u00fablico de S\u00e3o Paulo, citou como \u201ccuriosa\u201d a assinatura de contrato entre a Prefeitura de S\u00e3o Paulo e a UTC\/Constran durante a gest\u00e3o do petista.<\/p>\n<p style=\"text-align: justify;\">Em mar\u00e7o de 2013, seu primeiro ano de governo, Haddad suspendeu licita\u00e7\u00e3o herdada do seu antecessor Gilberto Kassab (PSD) para constru\u00e7\u00e3o de casas populares. Alegou restri\u00e7\u00e3o \u00e0 competitividade. Seis meses depois, por\u00e9m, assinou o contrato de R$ 82,8 milh\u00f5es com a UTC\/Constran. Nesse meio tempo, em maio de 2013, por meio do doleiro Alberto Yousseff, a UTC pagou uma d\u00edvida da campanha de Haddad com duas gr\u00e1ficas no valor de R$ 2,6 milh\u00f5es.<\/p><div class=\"newsi-conteudo_19\" id=\"newsi-2778013725\"><a href=\"https:\/\/www.instagram.com\/prefeituraalagoinhas?igsh=YzgzdDJ1bWR3aWI4\" aria-label=\"SAVE_20251006_221555\"><img loading=\"lazy\" decoding=\"async\" src=\"https:\/\/newsinfoco.com.br\/inicio\/wp-content\/uploads\/2025\/10\/SAVE_20251006_221555-rotated.jpg\" alt=\"\"  srcset=\"https:\/\/newsinfoco.com.br\/inicio\/wp-content\/uploads\/2025\/10\/SAVE_20251006_221555-rotated.jpg 1140w, https:\/\/newsinfoco.com.br\/inicio\/wp-content\/uploads\/2025\/10\/SAVE_20251006_221555-300x52.jpg 300w, https:\/\/newsinfoco.com.br\/inicio\/wp-content\/uploads\/2025\/10\/SAVE_20251006_221555-1024x177.jpg 1024w, https:\/\/newsinfoco.com.br\/inicio\/wp-content\/uploads\/2025\/10\/SAVE_20251006_221555-768x133.jpg 768w, https:\/\/newsinfoco.com.br\/inicio\/wp-content\/uploads\/2025\/10\/SAVE_20251006_221555-600x104.jpg 600w, https:\/\/newsinfoco.com.br\/inicio\/wp-content\/uploads\/2025\/10\/SAVE_20251006_221555-696x120.jpg 696w, https:\/\/newsinfoco.com.br\/inicio\/wp-content\/uploads\/2025\/10\/SAVE_20251006_221555-1068x185.jpg 1068w\" sizes=\"(max-width: 1140px) 100vw, 1140px\" width=\"1140\" height=\"197\"   \/><\/a><\/div>\n<p style=\"text-align: justify;\">Na den\u00fancia, o promotor n\u00e3o relaciona o valor ao contrato de constru\u00e7\u00e3o de casas populares na Favela Real Parque 2. Mas observa que \u201ccuriosamente, o contrato acabou sendo firmado entre a Prefeitura e o cons\u00f3rcio do qual participava a Constran em 30 de setembro do mesmo ano de 2013\u201d.<\/p>\n<p style=\"text-align: justify;\">A assessoria de Haddad diz que o ex-secret\u00e1rio Osvaldo Spuri n\u00e3o informou a ele irregularidades nessa obra. \u201cO que \u00e9 curioso \u00e9 que o secret\u00e1rio j\u00e1 se disp\u00f4s a esclarecer os fatos, mas o Minist\u00e9rio P\u00fablico, por alguma raz\u00e3o desconhecida, se nega a escut\u00e1-lo\u201d, afirma.<\/p>\n<h6 style=\"text-align: right;\"><span style=\"color: #999999;\">Estad\u00e3o<\/span><\/h6>\n<div class='share-to-whatsapp-wrapper'><div class='share-on-whsp'>Share on: <\/div><a data-text='Promotor considerou \u201ccurioso\u201d contrato assinado pro Haddad na Prefeitura de S\u00e3o Paulo' data-link='https:\/\/newsinfoco.com.br\/inicio\/promotor-considerou-curioso-contrato-assinado-pro-haddad-na-prefeitura-de-sao-paulo\/' class='whatsapp-button whatsapp-share'>WhatsApp<\/a><div class='clear '><\/div><\/div>","protected":false},"excerpt":{"rendered":"<p>Na a\u00e7\u00e3o em que denunciou o presidenci\u00e1vel Fernando Haddad, o promotor Wilson Tafner, do Minist\u00e9rio P\u00fablico de S\u00e3o Paulo, citou como \u201ccuriosa\u201d a assinatura de contrato entre a Prefeitura de S\u00e3o Paulo e a UTC\/Constran durante a gest\u00e3o do petista. Em mar\u00e7o de 2013, seu primeiro ano de governo, Haddad suspendeu licita\u00e7\u00e3o herdada do seu [&hellip;]<\/p>\n","protected":false},"author":1,"featured_media":9710,"comment_status":"open","ping_status":"open","sticky":false,"template":"","format":"standard","meta":{"om_disable_all_campaigns":false,"_exactmetrics_skip_tracking":false,"_exactmetrics_sitenote_active":false,"_exactmetrics_sitenote_note":"","_exactmetrics_sitenote_category":0,"footnotes":""},"categories":[21],"tags":[],"class_list":["post-9709","post","type-post","status-publish","format-standard","has-post-thumbnail","hentry","category-brasil"],"aioseo_notices":[],"_links":{"self":[{"href":"https:\/\/newsinfoco.com.br\/inicio\/wp-json\/wp\/v2\/posts\/9709","targetHints":{"allow":["GET"]}}],"collection":[{"href":"https:\/\/newsinfoco.com.br\/inicio\/wp-json\/wp\/v2\/posts"}],"about":[{"href":"https:\/\/newsinfoco.com.br\/inicio\/wp-json\/wp\/v2\/types\/post"}],"author":[{"embeddable":true,"href":"https:\/\/newsinfoco.com.br\/inicio\/wp-json\/wp\/v2\/users\/1"}],"replies":[{"embeddable":true,"href":"https:\/\/newsinfoco.com.br\/inicio\/wp-json\/wp\/v2\/comments?post=9709"}],"version-history":[{"count":0,"href":"https:\/\/newsinfoco.com.br\/inicio\/wp-json\/wp\/v2\/posts\/9709\/revisions"}],"wp:featuredmedia":[{"embeddable":true,"href":"https:\/\/newsinfoco.com.br\/inicio\/wp-json\/wp\/v2\/media\/9710"}],"wp:attachment":[{"href":"https:\/\/newsinfoco.com.br\/inicio\/wp-json\/wp\/v2\/media?parent=9709"}],"wp:term":[{"taxonomy":"category","embeddable":true,"href":"https:\/\/newsinfoco.com.br\/inicio\/wp-json\/wp\/v2\/categories?post=9709"},{"taxonomy":"post_tag","embeddable":true,"href":"https:\/\/newsinfoco.com.br\/inicio\/wp-json\/wp\/v2\/tags?post=9709"}],"curies":[{"name":"wp","href":"https:\/\/api.w.org\/{rel}","templated":true}]}}