{"id":9712,"date":"2018-09-21T14:33:46","date_gmt":"2018-09-21T17:33:46","guid":{"rendered":"http:\/\/newsinfoco.com.br\/?p=9712"},"modified":"2018-09-21T14:33:46","modified_gmt":"2018-09-21T17:33:46","slug":"em-novo-video-bolsonaro-diz-que-deve-ter-alta-ate-o-final-do-mes","status":"publish","type":"post","link":"https:\/\/newsinfoco.com.br\/inicio\/em-novo-video-bolsonaro-diz-que-deve-ter-alta-ate-o-final-do-mes\/","title":{"rendered":"Em novo v\u00eddeo, Bolsonaro diz que deve ter alta at\u00e9 o final do m\u00eas"},"content":{"rendered":"<p style=\"text-align: justify;\">O candidato \u00e0 Presid\u00eancia do PSL nas elei\u00e7\u00f5es 2018, Jair Bolsonaro, gravou um novo v\u00eddeo na manh\u00e3 desta sexta-feira, 21.<\/p>\n<p style=\"text-align: justify;\">Sorrindo, ele agradece o apoio que tem recebido e diz que deve ter alta at\u00e9 o final do m\u00eas. \u201cNunca me senti t\u00e3o bem em toda a minha vida. Meu muito obrigado a todos voc\u00eas. At\u00e9 o final do m\u00eas, se Deus quiser, estarei de alta, onde ent\u00e3o juntos enfrentaremos o 7 de outubro, novo marco no rumo do nosso Brasil\u201d, afirma.<\/p><div class=\"newsi-conteudo_19\" id=\"newsi-3376106000\"><a href=\"https:\/\/www.instagram.com\/prefeituraalagoinhas?igsh=YzgzdDJ1bWR3aWI4\" aria-label=\"SAVE_20251006_221555\"><img loading=\"lazy\" decoding=\"async\" src=\"https:\/\/newsinfoco.com.br\/inicio\/wp-content\/uploads\/2025\/10\/SAVE_20251006_221555-rotated.jpg\" alt=\"\"  srcset=\"https:\/\/newsinfoco.com.br\/inicio\/wp-content\/uploads\/2025\/10\/SAVE_20251006_221555-rotated.jpg 1140w, https:\/\/newsinfoco.com.br\/inicio\/wp-content\/uploads\/2025\/10\/SAVE_20251006_221555-300x52.jpg 300w, https:\/\/newsinfoco.com.br\/inicio\/wp-content\/uploads\/2025\/10\/SAVE_20251006_221555-1024x177.jpg 1024w, https:\/\/newsinfoco.com.br\/inicio\/wp-content\/uploads\/2025\/10\/SAVE_20251006_221555-768x133.jpg 768w, https:\/\/newsinfoco.com.br\/inicio\/wp-content\/uploads\/2025\/10\/SAVE_20251006_221555-600x104.jpg 600w, https:\/\/newsinfoco.com.br\/inicio\/wp-content\/uploads\/2025\/10\/SAVE_20251006_221555-696x120.jpg 696w, https:\/\/newsinfoco.com.br\/inicio\/wp-content\/uploads\/2025\/10\/SAVE_20251006_221555-1068x185.jpg 1068w\" sizes=\"(max-width: 1140px) 100vw, 1140px\" width=\"1140\" height=\"197\"   \/><\/a><\/div>\n<p style=\"text-align: justify;\">Bolsonaro segue internado no Hospital Albert Einstein, na zona sul de S\u00e3o Paulo, ap\u00f3s ter sido atacado a faca por Ad\u00e9lio Bispo de Oliveira no dia 6 de setembro, em Juiz de Fora. Na quinta-feira, 20, a Pol\u00edcia Federal (PF) prorrogou o inqu\u00e9rito sobre o agressor do presidenci\u00e1vel do PSL depois de ouvir 38 pessoas. Ele voltou a apresentar febre ap\u00f3s a introdu\u00e7\u00e3o de alimenta\u00e7\u00e3o por via oral e passou por uma drenagem.<\/p>\n<p style=\"text-align: justify;\">No Twitter, ele disse que \u201cnunca\u201d se sentiu t\u00e3o feliz: \u201cUma m\u00e1 not\u00edcia a quem s\u00f3 restou torcer contra minha sa\u00fade e recupera\u00e7\u00e3o: Nunca me senti t\u00e3o feliz e bem! Estamos voltando para, juntos, fazermos do Brasil uma grande na\u00e7\u00e3o!\u201d<\/p>\n<blockquote class=\"twitter-tweet\" data-width=\"550\" data-dnt=\"true\">\n<p lang=\"pt\" dir=\"ltr\">Uma m\u00e1 not\u00edcia a quem s\u00f3 restou torcer contra minha sa\u00fade e recupera\u00e7\u00e3o: Nunca me senti t\u00e3o feliz e bem! Estamos voltando para, juntos, fazermos do Brasil uma grande na\u00e7\u00e3o! \ud83c\udde7\ud83c\uddf7 <a href=\"https:\/\/t.co\/HIQXfQ1gJN\">pic.twitter.com\/HIQXfQ1gJN<\/a><\/p>\n<p>&mdash; Jair Bolsonaro 1\ufe0f\u20e37\ufe0f\u20e3 (@jairbolsonaro) <a href=\"https:\/\/twitter.com\/jairbolsonaro\/status\/1043159966281023488?ref_src=twsrc%5Etfw\">September 21, 2018<\/a><\/p><\/blockquote>\n<p><script async src=\"https:\/\/platform.twitter.com\/widgets.js\" charset=\"utf-8\"><\/script><\/p>\n<h6 style=\"text-align: right;\"><span style=\"color: #999999;\">Estad\u00e3o<\/span><\/h6>\n<div class='share-to-whatsapp-wrapper'><div class='share-on-whsp'>Share on: <\/div><a data-text='Em novo v\u00eddeo, Bolsonaro diz que deve ter alta at\u00e9 o final do m\u00eas' data-link='https:\/\/newsinfoco.com.br\/inicio\/em-novo-video-bolsonaro-diz-que-deve-ter-alta-ate-o-final-do-mes\/' class='whatsapp-button whatsapp-share'>WhatsApp<\/a><div class='clear '><\/div><\/div>","protected":false},"excerpt":{"rendered":"<p>O candidato \u00e0 Presid\u00eancia do PSL nas elei\u00e7\u00f5es 2018, Jair Bolsonaro, gravou um novo v\u00eddeo na manh\u00e3 desta sexta-feira, 21. Sorrindo, ele agradece o apoio que tem recebido e diz que deve ter alta at\u00e9 o final do m\u00eas. \u201cNunca me senti t\u00e3o bem em toda a minha vida. Meu muito obrigado a todos voc\u00eas. [&hellip;]<\/p>\n","protected":false},"author":1,"featured_media":9713,"comment_status":"open","ping_status":"open","sticky":false,"template":"","format":"standard","meta":{"om_disable_all_campaigns":false,"_exactmetrics_skip_tracking":false,"_exactmetrics_sitenote_active":false,"_exactmetrics_sitenote_note":"","_exactmetrics_sitenote_category":0,"footnotes":""},"categories":[21],"tags":[],"class_list":["post-9712","post","type-post","status-publish","format-standard","has-post-thumbnail","hentry","category-brasil"],"aioseo_notices":[],"_links":{"self":[{"href":"https:\/\/newsinfoco.com.br\/inicio\/wp-json\/wp\/v2\/posts\/9712","targetHints":{"allow":["GET"]}}],"collection":[{"href":"https:\/\/newsinfoco.com.br\/inicio\/wp-json\/wp\/v2\/posts"}],"about":[{"href":"https:\/\/newsinfoco.com.br\/inicio\/wp-json\/wp\/v2\/types\/post"}],"author":[{"embeddable":true,"href":"https:\/\/newsinfoco.com.br\/inicio\/wp-json\/wp\/v2\/users\/1"}],"replies":[{"embeddable":true,"href":"https:\/\/newsinfoco.com.br\/inicio\/wp-json\/wp\/v2\/comments?post=9712"}],"version-history":[{"count":0,"href":"https:\/\/newsinfoco.com.br\/inicio\/wp-json\/wp\/v2\/posts\/9712\/revisions"}],"wp:featuredmedia":[{"embeddable":true,"href":"https:\/\/newsinfoco.com.br\/inicio\/wp-json\/wp\/v2\/media\/9713"}],"wp:attachment":[{"href":"https:\/\/newsinfoco.com.br\/inicio\/wp-json\/wp\/v2\/media?parent=9712"}],"wp:term":[{"taxonomy":"category","embeddable":true,"href":"https:\/\/newsinfoco.com.br\/inicio\/wp-json\/wp\/v2\/categories?post=9712"},{"taxonomy":"post_tag","embeddable":true,"href":"https:\/\/newsinfoco.com.br\/inicio\/wp-json\/wp\/v2\/tags?post=9712"}],"curies":[{"name":"wp","href":"https:\/\/api.w.org\/{rel}","templated":true}]}}