{"id":9715,"date":"2018-09-21T14:36:19","date_gmt":"2018-09-21T17:36:19","guid":{"rendered":"http:\/\/newsinfoco.com.br\/?p=9715"},"modified":"2018-09-21T14:36:19","modified_gmt":"2018-09-21T17:36:19","slug":"quem-for-eleito-dificilmente-podera-sair-do-caminho-das-reformas-diz-temer","status":"publish","type":"post","link":"https:\/\/newsinfoco.com.br\/inicio\/quem-for-eleito-dificilmente-podera-sair-do-caminho-das-reformas-diz-temer\/","title":{"rendered":"Quem for eleito dificilmente poder\u00e1 sair do caminho das reformas diz Temer"},"content":{"rendered":"<p style=\"text-align: justify;\">O presidente Michel Temer acredita que o seu sucessor dar\u00e1 continuidade \u00e0 agenda reformista defendida pelo atual governo, independentemente de quem for eleito. \u201cDevemos ter otimismo com o Brasil. Muitas vezes vejo certo pessimismo em rela\u00e7\u00e3o \u00e0s elei\u00e7\u00f5es que se aproximam, mas quem for eleito dificilmente poder\u00e1 sair desse caminho das reformas\u201d, disse.<\/p>\n<p style=\"text-align: justify;\">Ele ironizou a possibilidade do pr\u00f3ximo Presidente da Rep\u00fablica ir contra as medidas do seu governo: \u201cAlgu\u00e9m poder\u00e1 dizer \u2018eu n\u00e3o quero essa infla\u00e7\u00e3o rid\u00edcula, esse juro med\u00edocre?&#8217;\u201d.<\/p><div class=\"newsi-conteudo_19\" id=\"newsi-1775613091\"><a href=\"https:\/\/www.instagram.com\/prefeituraalagoinhas?igsh=YzgzdDJ1bWR3aWI4\" aria-label=\"SAVE_20251006_221555\"><img loading=\"lazy\" decoding=\"async\" src=\"https:\/\/newsinfoco.com.br\/inicio\/wp-content\/uploads\/2025\/10\/SAVE_20251006_221555-rotated.jpg\" alt=\"\"  srcset=\"https:\/\/newsinfoco.com.br\/inicio\/wp-content\/uploads\/2025\/10\/SAVE_20251006_221555-rotated.jpg 1140w, https:\/\/newsinfoco.com.br\/inicio\/wp-content\/uploads\/2025\/10\/SAVE_20251006_221555-300x52.jpg 300w, https:\/\/newsinfoco.com.br\/inicio\/wp-content\/uploads\/2025\/10\/SAVE_20251006_221555-1024x177.jpg 1024w, https:\/\/newsinfoco.com.br\/inicio\/wp-content\/uploads\/2025\/10\/SAVE_20251006_221555-768x133.jpg 768w, https:\/\/newsinfoco.com.br\/inicio\/wp-content\/uploads\/2025\/10\/SAVE_20251006_221555-600x104.jpg 600w, https:\/\/newsinfoco.com.br\/inicio\/wp-content\/uploads\/2025\/10\/SAVE_20251006_221555-696x120.jpg 696w, https:\/\/newsinfoco.com.br\/inicio\/wp-content\/uploads\/2025\/10\/SAVE_20251006_221555-1068x185.jpg 1068w\" sizes=\"(max-width: 1140px) 100vw, 1140px\" width=\"1140\" height=\"197\"   \/><\/a><\/div>\n<p style=\"text-align: justify;\">Temer discursou em cerim\u00f4nia no Pal\u00e1cio do Planalto para a assinatura de 20 contratos de concess\u00e3o para a constru\u00e7\u00e3o de mais de 2,5 quil\u00f4metros de novas linhas de transmiss\u00e3o, que devem gerar economia de R$ 14 bilh\u00f5es ao longo dos 30 anos dos contratos. Al\u00e9m de comemorar conquistas no setor el\u00e9trico, o Presidente da Rep\u00fablica tamb\u00e9m comemorou o resultado preliminar de agosto do Cadastro Geral de Empregados e Desempregados (Caged), que indica que foram criados 117 mil vagas com carteira assinada no m\u00eas passado, segundo Temer.<\/p>\n<p style=\"text-align: justify;\">O n\u00famero ser\u00e1 divulgado oficialmente nesta sexta, mas Temer antecipou a not\u00edcia na quinta e refor\u00e7ou o dado de novo durante seu discurso. Buscando refor\u00e7ar o \u201clegado\u201d de sua gest\u00e3o, Temer tamb\u00e9m enalteceu reformas como a trabalhista e a do ensino m\u00e9dio. \u201cPosso dizer que nosso governo tem orgulho de apresentar-se como reformista. Foram v\u00e1rias reformas e h\u00e1 muito necess\u00e1rias\u201d, destacou.<\/p>\n<p style=\"text-align: justify;\">Ele defendeu que \u201cfoi em nome do emprego\u201d que o governo reformou o ensino m\u00e9dio para \u201caproximar o jovem de sua voca\u00e7\u00e3o\u201d. Tamb\u00e9m rebateu discurso de seus advers\u00e1rios e afirmou que os direitos dos trabalhadores foram preservados na reforma trabalhista. \u201cAs pessoas esquecem que a Constitui\u00e7\u00e3o est\u00e1 acima das leis. Quem disse que o governo acabou com o direito dos trabalhadores n\u00e3o sabe ler a Constitui\u00e7\u00e3o\u201d, comentou.<\/p>\n<p style=\"text-align: justify;\">\u201cN\u00f3s fizemos muito em pouco tempo e \u00e9 assim que se constr\u00f3i um pa\u00eds mais pr\u00f3spero e mais justo. Vamos em frente rumo a um futuro melhor na certeza de que valeu a pena, que vale a pena, trabalhar pelo Brasil\u201d, concluiu Temer.<\/p>\n<h6 style=\"text-align: right;\"><span style=\"color: #999999;\">Estad\u00e3o Conteudo<\/span><\/h6>\n<div class='share-to-whatsapp-wrapper'><div class='share-on-whsp'>Share on: <\/div><a data-text='Quem for eleito dificilmente poder\u00e1 sair do caminho das reformas diz Temer' data-link='https:\/\/newsinfoco.com.br\/inicio\/quem-for-eleito-dificilmente-podera-sair-do-caminho-das-reformas-diz-temer\/' class='whatsapp-button whatsapp-share'>WhatsApp<\/a><div class='clear '><\/div><\/div>","protected":false},"excerpt":{"rendered":"<p>O presidente Michel Temer acredita que o seu sucessor dar\u00e1 continuidade \u00e0 agenda reformista defendida pelo atual governo, independentemente de quem for eleito. \u201cDevemos ter otimismo com o Brasil. Muitas vezes vejo certo pessimismo em rela\u00e7\u00e3o \u00e0s elei\u00e7\u00f5es que se aproximam, mas quem for eleito dificilmente poder\u00e1 sair desse caminho das reformas\u201d, disse. Ele ironizou [&hellip;]<\/p>\n","protected":false},"author":1,"featured_media":9716,"comment_status":"open","ping_status":"open","sticky":false,"template":"","format":"standard","meta":{"om_disable_all_campaigns":false,"_exactmetrics_skip_tracking":false,"_exactmetrics_sitenote_active":false,"_exactmetrics_sitenote_note":"","_exactmetrics_sitenote_category":0,"footnotes":""},"categories":[21],"tags":[],"class_list":["post-9715","post","type-post","status-publish","format-standard","has-post-thumbnail","hentry","category-brasil"],"aioseo_notices":[],"_links":{"self":[{"href":"https:\/\/newsinfoco.com.br\/inicio\/wp-json\/wp\/v2\/posts\/9715","targetHints":{"allow":["GET"]}}],"collection":[{"href":"https:\/\/newsinfoco.com.br\/inicio\/wp-json\/wp\/v2\/posts"}],"about":[{"href":"https:\/\/newsinfoco.com.br\/inicio\/wp-json\/wp\/v2\/types\/post"}],"author":[{"embeddable":true,"href":"https:\/\/newsinfoco.com.br\/inicio\/wp-json\/wp\/v2\/users\/1"}],"replies":[{"embeddable":true,"href":"https:\/\/newsinfoco.com.br\/inicio\/wp-json\/wp\/v2\/comments?post=9715"}],"version-history":[{"count":0,"href":"https:\/\/newsinfoco.com.br\/inicio\/wp-json\/wp\/v2\/posts\/9715\/revisions"}],"wp:featuredmedia":[{"embeddable":true,"href":"https:\/\/newsinfoco.com.br\/inicio\/wp-json\/wp\/v2\/media\/9716"}],"wp:attachment":[{"href":"https:\/\/newsinfoco.com.br\/inicio\/wp-json\/wp\/v2\/media?parent=9715"}],"wp:term":[{"taxonomy":"category","embeddable":true,"href":"https:\/\/newsinfoco.com.br\/inicio\/wp-json\/wp\/v2\/categories?post=9715"},{"taxonomy":"post_tag","embeddable":true,"href":"https:\/\/newsinfoco.com.br\/inicio\/wp-json\/wp\/v2\/tags?post=9715"}],"curies":[{"name":"wp","href":"https:\/\/api.w.org\/{rel}","templated":true}]}}