{"id":9721,"date":"2018-09-21T14:39:57","date_gmt":"2018-09-21T17:39:57","guid":{"rendered":"http:\/\/newsinfoco.com.br\/?p=9721"},"modified":"2018-09-21T14:39:57","modified_gmt":"2018-09-21T17:39:57","slug":"no-nosso-palanque-nao-cabe-acm-neto-diz-boulos","status":"publish","type":"post","link":"https:\/\/newsinfoco.com.br\/inicio\/no-nosso-palanque-nao-cabe-acm-neto-diz-boulos\/","title":{"rendered":"\u201cNo nosso palanque n\u00e3o cabe ACM Neto\u201d, diz Boulos"},"content":{"rendered":"<p style=\"text-align: justify;\">Cumprindo agenda em Salvador nesta sexta-feira (21), o presidenci\u00e1vel Guilherme Boulos (PSOL), em entrevista coletiva, negou a possibilidade de alian\u00e7a com o DEM e criticou Fernando Haddad, candidato do PT, por \u201cformar alian\u00e7as com o PMDB\u201d.<\/p>\n<p style=\"text-align: justify;\">\u201c\u00c9 lament\u00e1vel que n\u00e3o se aprenda com os erros do passado, a gente viu a turma do PMDB, do Temer, dar um golpe no pa\u00eds. \u00c9 necess\u00e1rio que a gente aprenda com isso, e ai n\u00f3s vimos novamente h\u00e1 duas semanas atr\u00e1s o Haddad ir l\u00e1 pro Cear\u00e1 tirar foto com o Eun\u00edcio, ir pra Alagoas tirar foto com Renan Calheiros, isso s\u00f3 pode ser masoquismo. No nosso palanque, n\u00e3o cabe PMDB, n\u00e3o cabe Sarney, n\u00e3o cabe ACM Neto\u201d, bradou.<\/p><div class=\"newsi-conteudo_19\" id=\"newsi-693687444\"><a href=\"https:\/\/www.instagram.com\/prefeituraalagoinhas?igsh=YzgzdDJ1bWR3aWI4\" aria-label=\"SAVE_20251006_221555\"><img loading=\"lazy\" decoding=\"async\" src=\"https:\/\/newsinfoco.com.br\/inicio\/wp-content\/uploads\/2025\/10\/SAVE_20251006_221555-rotated.jpg\" alt=\"\"  srcset=\"https:\/\/newsinfoco.com.br\/inicio\/wp-content\/uploads\/2025\/10\/SAVE_20251006_221555-rotated.jpg 1140w, https:\/\/newsinfoco.com.br\/inicio\/wp-content\/uploads\/2025\/10\/SAVE_20251006_221555-300x52.jpg 300w, https:\/\/newsinfoco.com.br\/inicio\/wp-content\/uploads\/2025\/10\/SAVE_20251006_221555-1024x177.jpg 1024w, https:\/\/newsinfoco.com.br\/inicio\/wp-content\/uploads\/2025\/10\/SAVE_20251006_221555-768x133.jpg 768w, https:\/\/newsinfoco.com.br\/inicio\/wp-content\/uploads\/2025\/10\/SAVE_20251006_221555-600x104.jpg 600w, https:\/\/newsinfoco.com.br\/inicio\/wp-content\/uploads\/2025\/10\/SAVE_20251006_221555-696x120.jpg 696w, https:\/\/newsinfoco.com.br\/inicio\/wp-content\/uploads\/2025\/10\/SAVE_20251006_221555-1068x185.jpg 1068w\" sizes=\"(max-width: 1140px) 100vw, 1140px\" width=\"1140\" height=\"197\"   \/><\/a><\/div>\n<div class='share-to-whatsapp-wrapper'><div class='share-on-whsp'>Share on: <\/div><a data-text='\u201cNo nosso palanque n\u00e3o cabe ACM Neto\u201d, diz Boulos' data-link='https:\/\/newsinfoco.com.br\/inicio\/no-nosso-palanque-nao-cabe-acm-neto-diz-boulos\/' class='whatsapp-button whatsapp-share'>WhatsApp<\/a><div class='clear '><\/div><\/div>","protected":false},"excerpt":{"rendered":"<p>Cumprindo agenda em Salvador nesta sexta-feira (21), o presidenci\u00e1vel Guilherme Boulos (PSOL), em entrevista coletiva, negou a possibilidade de alian\u00e7a com o DEM e criticou Fernando Haddad, candidato do PT, por \u201cformar alian\u00e7as com o PMDB\u201d. \u201c\u00c9 lament\u00e1vel que n\u00e3o se aprenda com os erros do passado, a gente viu a turma do PMDB, do [&hellip;]<\/p>\n","protected":false},"author":1,"featured_media":9722,"comment_status":"open","ping_status":"open","sticky":false,"template":"","format":"standard","meta":{"om_disable_all_campaigns":false,"_exactmetrics_skip_tracking":false,"_exactmetrics_sitenote_active":false,"_exactmetrics_sitenote_note":"","_exactmetrics_sitenote_category":0,"footnotes":""},"categories":[19],"tags":[],"class_list":["post-9721","post","type-post","status-publish","format-standard","has-post-thumbnail","hentry","category-bahia"],"aioseo_notices":[],"_links":{"self":[{"href":"https:\/\/newsinfoco.com.br\/inicio\/wp-json\/wp\/v2\/posts\/9721","targetHints":{"allow":["GET"]}}],"collection":[{"href":"https:\/\/newsinfoco.com.br\/inicio\/wp-json\/wp\/v2\/posts"}],"about":[{"href":"https:\/\/newsinfoco.com.br\/inicio\/wp-json\/wp\/v2\/types\/post"}],"author":[{"embeddable":true,"href":"https:\/\/newsinfoco.com.br\/inicio\/wp-json\/wp\/v2\/users\/1"}],"replies":[{"embeddable":true,"href":"https:\/\/newsinfoco.com.br\/inicio\/wp-json\/wp\/v2\/comments?post=9721"}],"version-history":[{"count":0,"href":"https:\/\/newsinfoco.com.br\/inicio\/wp-json\/wp\/v2\/posts\/9721\/revisions"}],"wp:featuredmedia":[{"embeddable":true,"href":"https:\/\/newsinfoco.com.br\/inicio\/wp-json\/wp\/v2\/media\/9722"}],"wp:attachment":[{"href":"https:\/\/newsinfoco.com.br\/inicio\/wp-json\/wp\/v2\/media?parent=9721"}],"wp:term":[{"taxonomy":"category","embeddable":true,"href":"https:\/\/newsinfoco.com.br\/inicio\/wp-json\/wp\/v2\/categories?post=9721"},{"taxonomy":"post_tag","embeddable":true,"href":"https:\/\/newsinfoco.com.br\/inicio\/wp-json\/wp\/v2\/tags?post=9721"}],"curies":[{"name":"wp","href":"https:\/\/api.w.org\/{rel}","templated":true}]}}